{"id":399625,"date":"2025-09-18T09:39:12","date_gmt":"2025-09-18T09:39:12","guid":{"rendered":"https:\/\/www.europesays.com\/fr\/399625\/"},"modified":"2025-09-18T09:39:12","modified_gmt":"2025-09-18T09:39:12","slug":"greve-du-18-septembre-les-transports-en-commun-parisiens-perturbes-des-halls-de-gare-desertes","status":"publish","type":"post","link":"https:\/\/www.europesays.com\/fr\/399625\/","title":{"rendered":"Gr\u00e8ve du 18\u00a0septembre\u00a0: les transports en commun parisiens \u00ab\u00a0perturb\u00e9s\u00a0\u00bb, des halls de gare d\u00e9sert\u00e9s"},"content":{"rendered":"<p class=\"paragraph text_align_left lp-f-body-02\">Des images rares <a href=\"https:\/\/www.leparisien.fr\/info-paris-ile-de-france-oise\/transports\/frequence-ponctualite-notre-barometre-exclusif-des-lignes-du-metro-parisien-19-12-2024-RK2BIHDXTJCC3LOX37BERSYSXA.php\" target=\"_blank\" rel=\"noreferrer noopener\">dans des endroits habituellement bond\u00e9s<\/a>. Certaines stations \u00e9taient compl\u00e8tement d\u00e9sertes aux heures de pointe ce jeudi matin, <a href=\"https:\/\/www.leparisien.fr\/economie\/direct-greve-du-18-septembre-800-000-manifestants-attendus-risques-de-troubles-blocages-les-policiers-deja-sur-le-front-18-09-2025-FHGIVK2BX5HVJACAZXI7SBPXRU.php\" target=\"_blank\" rel=\"noreferrer noopener\">jour de mobilisation sociale nationale<\/a>, selon les journalistes du Parisien pr\u00e9sents sur place. Au global, la situation est \u00ab perturb\u00e9e \u00bb, mais pas \u00ab bloqu\u00e9e \u00bb dans les transports parisiens.<\/p>\n<p class=\"paragraph text_align_left lp-f-body-02\">Gare de Lyon par exemple, notre reporter d\u00e9crivait \u00e0 8 heures une \u00ab ambiance de jour f\u00e9ri\u00e9 \u00bb. M\u00eame sur la ligne 1 du m\u00e9tro parisien &#8211; l\u2019une des 3 lignes automatiques qui fonctionnent normalement ce jeudi &#8211; l\u2019affluence \u00e9tait bien en de\u00e7\u00e0 de la normale.<\/p>\n<p><img decoding=\"async\" class=\"image \" loading=\"lazy\" src=\"https:\/\/www.europesays.com\/fr\/wp-content\/uploads\/2025\/09\/TBLXOBRFHZHAVCNFZZXJMZPHUU.jpg\" alt=\"Paris, France, le 18 septembre 2025. Gr\u00e8ve SNCF Gare de Lyon&#10;photo : LP \/ Olivier Corsan\" align=\"\" data-rubrique-principale=\"\" data-article-type=\"\" fetchpriority=\"auto\"\/>Paris, France, le 18 septembre 2025. Gr\u00e8ve SNCF Gare de Lyon<br \/>\nphoto : LP \/ Olivier Corsan <img decoding=\"async\" class=\"image \" loading=\"lazy\" src=\"https:\/\/www.europesays.com\/fr\/wp-content\/uploads\/2025\/09\/IJEFY7O7OBFITDFITX5MPN5M7Y.jpg\" alt=\"Un quai du m\u00e9tro \u00e0 la gare de Lyon le 18 septembre. LP\/Olivier Corsan\" align=\"\" data-rubrique-principale=\"\" data-article-type=\"\" fetchpriority=\"auto\"\/>Un quai du m\u00e9tro \u00e0 la gare de Lyon le 18 septembre. LP\/Olivier Corsan <\/p>\n<p class=\"paragraph text_align_left lp-f-body-02\">\u00c0 la Gare du Nord, constat similaire. Des voyageurs \u00e9taient pr\u00e9sents dans la matin\u00e9e, mais en bien moins grand nombre qu\u2019habituellement.<\/p>\n<blockquote class=\"twitter-tweet\">\n<p lang=\"fr\" dir=\"ltr\">\u00c0 la Gare du Nord, le hall principal sonne moins creux qu\u2019\u00e0 la Gare de Lyon ce matin, mais rien \u00e0 voir avec l\u2019agitation habituelle dans la plus grande gare d\u2019Europe. Forte pr\u00e9sence polici\u00e8re, entre CRS qui surveillent les entr\u00e9es et des patrouilles de la s\u00fbret\u00e9 ferroviaire <a href=\"https:\/\/t.co\/JZvDuSfeai\">pic.twitter.com\/JZvDuSfeai<\/a><\/p>\n<p>\u2014 Auguste Canier (@gustocanier) <a href=\"https:\/\/twitter.com\/gustocanier\/status\/1968595910838902932?ref_src=twsrc%5Etfw\" target=\"_blank\" rel=\"noopener\">September 18, 2025<\/a><\/p><\/blockquote>\n<p class=\"paragraph text_align_left lp-f-body-02\">Selon nos reporters, il y a <a href=\"https:\/\/www.leparisien.fr\/paris-75\/greve-du-18-septembre-le-prefet-de-police-se-dit-tres-inquiet-de-la-presence-de-nombreux-casseurs-a-paris-17-09-2025-HS4LCGPI6JDJZIBJTRFM4KQYL4.php\" target=\"_blank\" rel=\"noreferrer noopener\">une forte pr\u00e9sence polici\u00e8re<\/a> \u00e0 la Gare du Nord, avec des CRS surveillant les entr\u00e9es et des patrouilles de la s\u00fbret\u00e9 ferroviaire. Un important dispositif de forces de l\u2019ordre a aussi \u00e9t\u00e9 signal\u00e9 dans et autour de la gare de Lyon. Des policiers sont post\u00e9s devant certains portillons permettant d\u2019acc\u00e9der aux quais afin d\u2019\u00e9viter toute intrusion. Ils proc\u00e8dent aux fouilles de sacs des personnes soup\u00e7onn\u00e9es d\u2019\u00eatre des activistes, selon nos reporters sur place.<\/p>\n<p class=\"paragraph text_align_left lp-f-body-02\">La SNCF a indiqu\u00e9 \u00e0 l\u2019AFP jeudi matin que le \u00ab plan de transport \u00bb \u00e9tait \u00ab conforme aux attentes \u00bb, avec neuf TGV sur dix en circulation, un Intercit\u00e9s sur deux et trois TER sur cinq.<\/p>\n<p>La situation n\u2019est \u00ab pas bloqu\u00e9e \u00bb<\/p>\n<p class=\"paragraph text_align_left lp-f-body-02\">De mani\u00e8re plus g\u00e9n\u00e9rale, les transports en commun franciliens sont comme pr\u00e9vu tr\u00e8s perturb\u00e9s jeudi matin, mais la situation est globalement calme dans le reste de la France, tandis que plusieurs blocages de d\u00e9p\u00f4ts de bus ont \u00e9t\u00e9 rapidement lev\u00e9s. La situation est \u00ab perturb\u00e9e \u00bb, mais \u00ab pas bloqu\u00e9e \u00bb, a observ\u00e9 le ministre des Transports d\u00e9missionnaire, Philippe Tabarot, jeudi matin.<\/p>\n<blockquote class=\"twitter-tweet\">\n<p lang=\"fr\" dir=\"ltr\">Gr\u00e8ve du 18 septembre: Philippe Tabarot, ministre d\u00e9missionnaire charg\u00e9 des Transports, pr\u00e9cise que les lignes de m\u00e9tro \u00e0 Paris sont \u00ab\u00a0moins perturb\u00e9es\u00a0\u00bb que pr\u00e9vu <a href=\"https:\/\/t.co\/NCF4GC04ny\">pic.twitter.com\/NCF4GC04ny<\/a><\/p>\n<p>\u2014 BFMTV (@BFMTV) <a href=\"https:\/\/twitter.com\/BFMTV\/status\/1968576927842681270?ref_src=twsrc%5Etfw\" target=\"_blank\" rel=\"noopener\">September 18, 2025<\/a><\/p><\/blockquote>\n<p class=\"paragraph text_align_left lp-f-body-02\">Dans le m\u00e9tro parisien, la couleur avait \u00e9t\u00e9 annonc\u00e9e d\u00e8s mardi : \u00e0 l\u2019exception des trois lignes automatiques, <a href=\"https:\/\/www.leparisien.fr\/info-paris-ile-de-france-oise\/transports\/greve-du-18-septembre-les-dernieres-previsions-de-trafic-dans-les-transports-franciliens-17-09-2025-TNSIZA2ZEBBJBJTYKC2KIW4KOA.php\" target=\"_blank\" rel=\"noreferrer noopener\">les rames ne circuleront qu\u2019aux heures de pointe, entre 6h30 et 9h30 puis entre 16h30 et 19h30<\/a>, et moins fr\u00e9quemment que d\u2019habitude. Mais la situation est finalement meilleure que pr\u00e9vu sur certaines lignes, a affirm\u00e9 \u00e0 l\u2019AFP un porte-parole du transporteur.<\/p>\n<p class=\"paragraph text_align_left lp-f-body-02\">\u00c0 Ch\u00e2telet &#8211; Les Halles, dans le grand hall qui relie RER et m\u00e9tros de la plus grande gare souterraine d\u2019Europe, \u00e0 7h30, une annonce conseillait aux voyageurs de limiter leurs d\u00e9placements ce jeudi. Le message a \u00e9t\u00e9 partiellement entendu : \u00e0 8 heures, les quais \u00e9taient bond\u00e9s, et le temps d\u2019attente non affich\u00e9, a constat\u00e9 une journaliste de l\u2019AFP.<\/p>\n<p class=\"paragraph text_align_left lp-f-body-02\">Gare Saint-Lazare, sur le quai du RER E, Sandra Da Veiga, femme de m\u00e9nage de 47 ans, a pris son train \u00e0 5h30 (contre 5h07 d\u2019habitude). \u00ab Beaucoup de monde, plus que d\u2019habitude, mais \u00e7a allait \u00bb.<\/p>\n<p class=\"paragraph text_align_left lp-f-body-02\">\u00c0 Paris, elle devait se rendre \u00e0 plusieurs endroits jusqu\u2019\u00e0 16h00 pour faire le m\u00e9nage dans des bureaux ou chez des particuliers, mais ses rendez-vous suivants ont \u00e9t\u00e9 annul\u00e9s \u00e0 cause des transports qui ne lui permettent pas de sillonner la ville. \u00ab Je me d\u00e9p\u00eache de rentrer chez moi avant que les transports s\u2019arr\u00eatent \u00e0 partir de 9h30 \u00bb, explique-t-elle.<\/p>\n<p>70 % des bus RATP fonctionnent normalement<\/p>\n<p class=\"paragraph text_align_left lp-f-body-02\">\u00c0 Garges-l\u00e8s-Gonesse (Val-d\u2019Oise), vers 7 heures, le RER D circulait toutes les 6 \u00e0 12 minutes, permettant aux usagers de ne pas accumuler trop de retard, au prix de rames un peu plus remplies que d\u2019habitude, a observ\u00e9 un journaliste de l\u2019AFP. C\u00f4t\u00e9 autobus, 70 % des lignes de bus exploit\u00e9es par la RATP doivent fonctionner normalement ou presque, selon la r\u00e9gie.<\/p>\n<p class=\"paragraph text_align_left lp-f-body-02\">\u00ab Quelques piquets de gr\u00e8ves \u00bb \u00e9taient dress\u00e9s devant des d\u00e9p\u00f4ts t\u00f4t ce matin mais \u00ab les bus sortent \u00bb, a assur\u00e9 le porte-parole de la RATP. Le trafic sera donc l\u00e0 aussi \u00ab conforme aux attentes \u00bb, selon le transporteur public.<\/p>\n<p class=\"title-embed-dailymotion lp-color-text lp-f-subtitle-04\">Vid\u00e9o18 septembre : blocage d&rsquo;un d\u00e9p\u00f4t RATP \u00e0 Paris<\/p>\n<p class=\"paragraph text_align_left lp-f-body-02\">Le <a href=\"https:\/\/www.leparisien.fr\/faits-divers\/greve-du-18-septembre-une-tentative-de-sabotage-dejouee-en-martinique-des-points-debloques-en-region-parisienne-18-09-2025-CMELLZEZAZBGZERN4JMW2MUY5U.php\" target=\"_blank\" rel=\"noreferrer noopener\">ministre de l\u2019Int\u00e9rieur d\u00e9missionnaire, Bruno Retailleau<\/a>, a affirm\u00e9 ce jeudi matin qu\u2019un \u00ab certain nombre de blocages \u00bb, notamment de d\u00e9p\u00f4ts de bus autour de Paris, avaient \u00e9t\u00e9 lev\u00e9s par les forces de l\u2019ordre, assurant que ces derni\u00e8res d\u00e9bloqueraient \u00ab les d\u00e9p\u00f4ts partout en France \u00bb.<\/p>\n<p class=\"paragraph text_align_left lp-f-body-02\">Concernant le secteur a\u00e9rien, Philippe Tabarot a affirm\u00e9 qu\u2019il n\u2019y avait \u00ab pas de grande difficult\u00e9 \u00bb, \u00e0 \u00ab l\u2019exception de B\u00e2le Mulhouse \u00bb. \u00ab En raison de la gr\u00e8ve en France, des annulations et des retards de vols sont \u00e0 pr\u00e9voir \u00bb, pr\u00e9vient cet a\u00e9roport frontalier sur son site Internet.<\/p>\n<p class=\"paragraph text_align_left lp-f-body-02\">Sur les routes, la circulation est \u00e9galement faible. Au pic de bouchons ce jeudi matin vers 8 heures, Bison fut\u00e9 observait 571,5 km d\u2019embouteillages \u00e0 l\u2019\u00e9chelle nationale, contre 800 km en moyenne et 952 km la semaine derni\u00e8re. \u00c0 10h45, il y avait 132,1 km d\u2019embouteillages, deux fois moins que la semaine derni\u00e8re \u00e0 la m\u00eame heure.<\/p>\n<p><script async src=\"https:\/\/platform.twitter.com\/widgets.js\" charset=\"utf-8\"><\/script><\/p>\n","protected":false},"excerpt":{"rendered":"Des images rares dans des endroits habituellement bond\u00e9s. Certaines stations \u00e9taient compl\u00e8tement d\u00e9sertes aux heures de pointe ce&hellip;\n","protected":false},"author":2,"featured_media":399626,"comment_status":"","ping_status":"","sticky":false,"template":"","format":"standard","meta":{"footnotes":""},"categories":[1888],"tags":[11,1777,674,1011,27,1944,12,626,25,2382],"class_list":{"0":"post-399625","1":"post","2":"type-post","3":"status-publish","4":"format-standard","5":"has-post-thumbnail","7":"category-paris","8":"tag-actualites","9":"tag-eu","10":"tag-europe","11":"tag-fr","12":"tag-france","13":"tag-ma-ville","14":"tag-news","15":"tag-paris","16":"tag-republique-francaise","17":"tag-transport-idf-oise"},"share_on_mastodon":{"url":"https:\/\/pubeurope.com\/@fr\/115224639701624170","error":""},"_links":{"self":[{"href":"https:\/\/www.europesays.com\/fr\/wp-json\/wp\/v2\/posts\/399625","targetHints":{"allow":["GET"]}}],"collection":[{"href":"https:\/\/www.europesays.com\/fr\/wp-json\/wp\/v2\/posts"}],"about":[{"href":"https:\/\/www.europesays.com\/fr\/wp-json\/wp\/v2\/types\/post"}],"author":[{"embeddable":true,"href":"https:\/\/www.europesays.com\/fr\/wp-json\/wp\/v2\/users\/2"}],"replies":[{"embeddable":true,"href":"https:\/\/www.europesays.com\/fr\/wp-json\/wp\/v2\/comments?post=399625"}],"version-history":[{"count":0,"href":"https:\/\/www.europesays.com\/fr\/wp-json\/wp\/v2\/posts\/399625\/revisions"}],"wp:featuredmedia":[{"embeddable":true,"href":"https:\/\/www.europesays.com\/fr\/wp-json\/wp\/v2\/media\/399626"}],"wp:attachment":[{"href":"https:\/\/www.europesays.com\/fr\/wp-json\/wp\/v2\/media?parent=399625"}],"wp:term":[{"taxonomy":"category","embeddable":true,"href":"https:\/\/www.europesays.com\/fr\/wp-json\/wp\/v2\/categories?post=399625"},{"taxonomy":"post_tag","embeddable":true,"href":"https:\/\/www.europesays.com\/fr\/wp-json\/wp\/v2\/tags?post=399625"}],"curies":[{"name":"wp","href":"https:\/\/api.w.org\/{rel}","templated":true}]}}