{"id":399637,"date":"2025-09-18T09:46:20","date_gmt":"2025-09-18T09:46:20","guid":{"rendered":"https:\/\/www.europesays.com\/fr\/399637\/"},"modified":"2025-09-18T09:46:20","modified_gmt":"2025-09-18T09:46:20","slug":"bruxelles-promet-un-minimum-de-51-milliards-deuros-pour-la-france","status":"publish","type":"post","link":"https:\/\/www.europesays.com\/fr\/399637\/","title":{"rendered":"Bruxelles promet un \u00ab minimum\u00bb de 51 milliards d&rsquo;euros pour la France"},"content":{"rendered":"<p>Avec sa proposition de budget de 2028 \u00e0 2034, l&rsquo;Union europ\u00e9enne verserait aux agriculteurs fran\u00e7ais un \u00ab minimum \u00bb de 51 milliards d&rsquo;euros sur sept ans, a indiqu\u00e9 mercredi la Commission, qui souligne que d&rsquo;autres fonds europ\u00e9ens seront disponibles.<\/p>\n<p>Dans la politique agricole commune (PAC) actuelle, la France re\u00e7oit quelque 9,3 milliards d&rsquo;euros par an, soit un total de 65 milliards de 2021 \u00e0 2027. Mais Bruxelles consid\u00e8re qu&rsquo;il n&rsquo;est pas possible de comparer les 51 milliards d&rsquo;euros annonc\u00e9s \u00e0 l&rsquo;avenir \u00ab au minimum \u00bb et les 65 milliards actuellement.<\/p>\n<p>Car la Commission a propos\u00e9 mi-juillet une vaste refonte de la PAC \u00e0 partir de 2028, avec un socle d&rsquo;aides aux agriculteurs et le transfert de certaines sommes vers la politique de coh\u00e9sion.<\/p>\n<p>\u00ab Ce soutien sera compl\u00e9t\u00e9 par d&rsquo;autres fonds europ\u00e9ens\u00a0\u00bb<\/p>\n<p>\u00ab Avec un minimum de 50,9 milliards d&rsquo;euros garantis juste pour le soutien au revenu agricole, la France reste le plus gros b\u00e9n\u00e9ficiaire des fonds de la politique agricole commune \u00bb, insiste le commissaire europ\u00e9en Christophe Hansen, en charge de l&rsquo;agriculture. \u00ab Ce soutien sera compl\u00e9t\u00e9 par d&rsquo;autres fonds europ\u00e9ens, et nationaux, lors de la programmation des priorit\u00e9s et des actions agricoles par chaque pays, notamment en ce qui concerne le d\u00e9veloppement rural \u00bb, ajoute-t-il.<\/p>\n<p>L&rsquo;ex\u00e9cutif europ\u00e9en a lanc\u00e9 mi-juillet deux ans de n\u00e9gociations tendues sur le futur budget, dont celui consacr\u00e9 \u00e0 l&rsquo;agriculture, premier poste de d\u00e9penses de l&rsquo;UE jusqu&rsquo;ici. De 2028 \u00e0 2034, Bruxelles promet de \u00ab s\u00e9curiser \u00bb 300 milliards d&rsquo;euros d&rsquo;aides au revenu destin\u00e9es aux agriculteurs europ\u00e9ens, que les Etats compl\u00e8teraient avec d&rsquo;autres fonds europ\u00e9ens.<\/p>\n<p>Jusqu&rsquo;ici, la Politique agricole commune (PAC) repr\u00e9sentait 387 milliards sur sept ans, dont 270 milliards d&rsquo;aides directes aux exploitations. Mi-juillet, les syndicats agricoles et des parlementaires europ\u00e9ens ont d\u00e9nonc\u00e9 une baisse de 20% de l&rsquo;enveloppe globale, une \u00ab provocation \u00bb et un jour \u00ab noir \u00bb pour l&rsquo;agriculture.<\/p>\n<p>La Commission conteste ce chiffre, en mettant en avant la nouvelle architecture budg\u00e9taire. Les 300 milliards seront un socle avec une part suppl\u00e9mentaire flexible, soutient aussi un diplomate europ\u00e9en, anonymement, en r\u00e9futant la coupe budg\u00e9taire de 20%. Sauf qu&rsquo;il reviendrait aux gouvernements d&rsquo;arbitrer si la somme suppl\u00e9mentaire revient aux agriculteurs ou si elle est fl\u00e9ch\u00e9e vers d&rsquo;autres priorit\u00e9s.<\/p>\n","protected":false},"excerpt":{"rendered":"Avec sa proposition de budget de 2028 \u00e0 2034, l&rsquo;Union europ\u00e9enne verserait aux agriculteurs fran\u00e7ais un \u00ab minimum&hellip;\n","protected":false},"author":2,"featured_media":399638,"comment_status":"","ping_status":"","sticky":false,"template":"","format":"standard","meta":{"footnotes":""},"categories":[1586],"tags":[11,327,33,1777,674,1779,107,1011,27,329,12,25,1778,364],"class_list":{"0":"post-399637","1":"post","2":"type-post","3":"status-publish","4":"format-standard","5":"has-post-thumbnail","7":"category-europe","8":"tag-actualites","9":"tag-agriculture","10":"tag-economie","11":"tag-eu","12":"tag-europe","13":"tag-european-union","14":"tag-fil-info","15":"tag-fr","16":"tag-france","17":"tag-france-monde","18":"tag-news","19":"tag-republique-francaise","20":"tag-ue","21":"tag-union-europeenne"},"share_on_mastodon":{"url":"https:\/\/pubeurope.com\/@fr\/115224666732308340","error":""},"_links":{"self":[{"href":"https:\/\/www.europesays.com\/fr\/wp-json\/wp\/v2\/posts\/399637","targetHints":{"allow":["GET"]}}],"collection":[{"href":"https:\/\/www.europesays.com\/fr\/wp-json\/wp\/v2\/posts"}],"about":[{"href":"https:\/\/www.europesays.com\/fr\/wp-json\/wp\/v2\/types\/post"}],"author":[{"embeddable":true,"href":"https:\/\/www.europesays.com\/fr\/wp-json\/wp\/v2\/users\/2"}],"replies":[{"embeddable":true,"href":"https:\/\/www.europesays.com\/fr\/wp-json\/wp\/v2\/comments?post=399637"}],"version-history":[{"count":0,"href":"https:\/\/www.europesays.com\/fr\/wp-json\/wp\/v2\/posts\/399637\/revisions"}],"wp:featuredmedia":[{"embeddable":true,"href":"https:\/\/www.europesays.com\/fr\/wp-json\/wp\/v2\/media\/399638"}],"wp:attachment":[{"href":"https:\/\/www.europesays.com\/fr\/wp-json\/wp\/v2\/media?parent=399637"}],"wp:term":[{"taxonomy":"category","embeddable":true,"href":"https:\/\/www.europesays.com\/fr\/wp-json\/wp\/v2\/categories?post=399637"},{"taxonomy":"post_tag","embeddable":true,"href":"https:\/\/www.europesays.com\/fr\/wp-json\/wp\/v2\/tags?post=399637"}],"curies":[{"name":"wp","href":"https:\/\/api.w.org\/{rel}","templated":true}]}}