{"id":399649,"date":"2025-09-18T09:55:18","date_gmt":"2025-09-18T09:55:18","guid":{"rendered":"https:\/\/www.europesays.com\/fr\/399649\/"},"modified":"2025-09-18T09:55:18","modified_gmt":"2025-09-18T09:55:18","slug":"marc-marquez-le-leader-espagnol-triomphe-a-misano-en-motogp","status":"publish","type":"post","link":"https:\/\/www.europesays.com\/fr\/399649\/","title":{"rendered":"Marc M\u00e1rquez: le leader espagnol triomphe \u00e0 Misano en MotoGP"},"content":{"rendered":"<p>MotoGP 2025 \u2013 <\/p>\n<p>Marc M\u00e1rquez retrouve la victoire \u00e0 Misano<\/p>\n<p class=\"ContentHead_lead____SsS link_regular__O0hk0 link_externalicon-big__ZdPgo link_externalicon__qcwXs\">L\u2019Espagnol Marc M\u00e1rquez (Ducati), leader du Championnat du monde de MotoGP, a remport\u00e9 le Grand Prix de Saint-Marin sur le circuit Marco-Simoncelli de Misano.<\/p>\n<p>Publi\u00e9: 14.09.2025, 16h43Mis \u00e0 jour: 14.09.2025, 16h58<img decoding=\"async\" loading=\"eager\" fetchpriority=\"high\" src=\"https:\/\/www.europesays.com\/fr\/wp-content\/uploads\/2025\/09\/0qQoU5nS4okB1LgUzOnk-U.jpg\" alt=\"Marc M\u00e1rquez c\u00e9l\u00e8bre sa victoire au Grand Prix de Saint-Marin au circuit de Misano, tenant un troph\u00e9e sur le podium.\" title=\"Marc M\u00e1rquez c\u00e9l\u00e8bre sa victoire au Grand Prix de Saint-Marin au circuit de Misano, tenant un troph\u00e9e sur le podium.\" class=\"ResponsiveImage_root__ZDz10 responsive-image\" style=\"background-color:#6A587B\"\/><\/p>\n<p>L\u2019Espagnol Marc M\u00e1rquez se rapproche une nouvelle fois du titre mondial gr\u00e2ce \u00e0 sa victoire au Grand Prix de Saint-Marin.<\/p>\n<p>EPA<\/p>\n<p class=\"ArticleParagraph_root__lhFZo ArticleContainer_content-width__FRl7F link_focus__0ZMwx link_externalicon-big__ZdPgo link_externalicon__qcwXs ArticleElement_article-element__q93eL\">L\u2019Espagnol Marc M\u00e1rquez (Ducati), leader du Championnat du monde de MotoGP, a renou\u00e9 avec la victoire et s\u2019est rapproch\u00e9 du titre mondial en remportant le Grand Prix de Saint-Marin, dimanche sur le circuit Marco-Simoncelli de Misano (Italie).<\/p>\n<p class=\"ArticleParagraph_root__lhFZo ArticleContainer_content-width__FRl7F link_focus__0ZMwx link_externalicon-big__ZdPgo link_externalicon__qcwXs ArticleElement_article-element__q93eL\"><a class=\"HtmlText_root__A1OSq\" href=\"https:\/\/www.tdg.ch\/motogp-souvent-blesses-les-pilotes-realisent-des-miracles-129216816849\" rel=\"nofollow noopener\" target=\"_blank\">Au lendemain de sa chute lors de la course sprint<\/a> alors qu\u2019il \u00e9tait en t\u00eate, le sextuple champion du monde, battu dimanche dernier lors du GP de Catalogne par son fr\u00e8re, \u00c1lex, n\u2019a cette fois pas laiss\u00e9 \u00e9chapper la victoire.<\/p>\n<p class=\"ArticleParagraph_root__lhFZo ArticleContainer_content-width__FRl7F link_focus__0ZMwx link_externalicon-big__ZdPgo link_externalicon__qcwXs ArticleElement_article-element__q93eL\">Parti en quatri\u00e8me position, le Catalan a finalement devanc\u00e9 Marco Bezzecchi (Aprilia), qui avait remport\u00e9 le sprint samedi et s\u2019\u00e9lan\u00e7ait en pole position, et son fr\u00e8re cadet, \u00c1lex M\u00e1rquez (Ducati-Gresini).<\/p>\n<p class=\"ArticleParagraph_root__lhFZo ArticleContainer_content-width__FRl7F link_focus__0ZMwx link_externalicon-big__ZdPgo link_externalicon__qcwXs ArticleElement_article-element__q93eL\">Sur les terres de Valentino Rossi, Marc M\u00e1rquez a ainsi remport\u00e9 la 73e\u00a0<a class=\"HtmlText_root__A1OSq\" href=\"https:\/\/www.tdg.ch\/motocyclisme-nouveau-week-end-parfait-pour-marc-marquez-646492825144\" rel=\"nofollow noopener\" target=\"_blank\">victoire de sa carri\u00e8re en Grand Prix<\/a>, la onzi\u00e8me cette saison, et fonce vers une septi\u00e8me couronne plan\u00e9taire qui lui permettrait d\u2019\u00e9galer son grand rival italien.<\/p>\n<p>Marc M\u00e1rquez se rapproche du titre mondial<\/p>\n<p class=\"ArticleParagraph_root__lhFZo ArticleContainer_content-width__FRl7F link_focus__0ZMwx link_externalicon-big__ZdPgo link_externalicon__qcwXs ArticleElement_article-element__q93eL\">Avec 182\u00a0longueurs d\u2019avance au championnat, Marc M\u00e1rquez n\u2019aura en effet besoin de reprendre que trois points \u00e0 son fr\u00e8re pour d\u00e9crocher le titre mondial dans deux semaines au Japon.<\/p>\n<p class=\"ArticleParagraph_root__lhFZo ArticleContainer_content-width__FRl7F link_focus__0ZMwx link_externalicon-big__ZdPgo link_externalicon__qcwXs ArticleElement_article-element__q93eL\">Dimanche, Marc M\u00e1rquez a encore r\u00e9alis\u00e9 un tr\u00e8s bon d\u00e9part pour grimper au deuxi\u00e8me rang, et il a d\u00e9pass\u00e9 Bezzecchi \u00e0 la mi-course. Mais, une fois n\u2019est pas coutume, l\u2019Espagnol n\u2019a pas r\u00e9ussi \u00e0 s\u2019\u00e9chapper et a \u00e9t\u00e9 mis sous pression jusqu\u2019au bout par le Transalpin, transcend\u00e9 \u00e0 domicile et qui a \u00e9chou\u00e9 \u00e0 seulement une demi-seconde de la victoire.<\/p>\n<p class=\"ArticleParagraph_root__lhFZo ArticleContainer_content-width__FRl7F link_focus__0ZMwx link_externalicon-big__ZdPgo link_externalicon__qcwXs ArticleElement_article-element__q93eL\">\u00abJ\u2019ai vraiment tout donn\u00e9. L\u2019erreur d\u2019hier (ndlr: samedi, lors du sprint) m\u2019a donn\u00e9 un surplus de concentration mais aussi d\u2019\u00e9nergie. Je savais que c\u2019\u00e9tait tr\u00e8s important pour Ducati de s\u2019imposer ici, comme au Mugello, donc je suis tr\u00e8s content pour tous les supporters\u00bb, a savour\u00e9 le Catalan. Son co\u00e9quipier italien Francesco Bagnaia, auteur d\u2019une course sprint calamiteuse (13e), a chut\u00e9 lors du Grand Prix et a donc v\u00e9cu un nouveau week-end catastrophique.<\/p>\n<p class=\"ArticleParagraph_root__lhFZo ArticleContainer_content-width__FRl7F link_focus__0ZMwx link_externalicon-big__ZdPgo link_externalicon__qcwXs ArticleElement_article-element__q93eL\">Le Fran\u00e7ais Fabio Quartararo (Yamaha), qui a d\u00e9marr\u00e9 en troisi\u00e8me position, a termin\u00e9 huiti\u00e8me. Il n\u2019a pas pu r\u00e9sister aux Ducati et a m\u00eame \u00e9t\u00e9 doubl\u00e9 par la Honda de l\u2019Italien Luca Marini. L\u2019autre tricolore, Johann Zarco (Honda-LCR), a chut\u00e9 au premier tour mais est reparti et a fini 16e, \u00e0 la porte des points.<\/p>\n<p class=\"DynamicTeaser_boxtitle__B6piN\">Plus sur le MotoGP<\/p>\n<p class=\"ArticleContainer_agencies__g6Lpj ArticleContainer_content-width__FRl7F\">AFP<\/p>\n<p class=\"Feedback_root__fr_Mi ArticleContainer_content-width__FRl7F\">Vous avez trouv\u00e9 une erreur?<a href=\"mailto:tes_correction@tamedia.ch?subject=Avis%20d'erreur%20%7C%20Marc%20M%C3%A1rquez%20retrouve%20la%20victoire%20%C3%A0%20Misano&amp;body=J'ai%20trouv%C3%A9%20une%20erreur%20dans%20cet%20article%3A%20https%3A%2F%2Fwww.24heures.ch%2Fmarc-marquez-le-leader-espagnol-triomphe-a-misano-en-motogp-555156057110\" class=\"Feedback_feedbacklink__VyDCi link_underlinelink__K5Zr0\">Merci de nous la signaler.<\/a><\/p>\n<p>1 commentaire<\/p>\n","protected":false},"excerpt":{"rendered":"MotoGP 2025 \u2013 Marc M\u00e1rquez retrouve la victoire \u00e0 Misano L\u2019Espagnol Marc M\u00e1rquez (Ducati), leader du Championnat du&hellip;\n","protected":false},"author":2,"featured_media":399650,"comment_status":"","ping_status":"","sticky":false,"template":"","format":"standard","meta":{"footnotes":""},"categories":[1413],"tags":[1011,27,1457,1456,60],"class_list":{"0":"post-399649","1":"post","2":"type-post","3":"status-publish","4":"format-standard","5":"has-post-thumbnail","7":"category-moto","8":"tag-fr","9":"tag-france","10":"tag-moto","11":"tag-motocycle","12":"tag-sports"},"share_on_mastodon":{"url":"https:\/\/pubeurope.com\/@fr\/115224702628771198","error":""},"_links":{"self":[{"href":"https:\/\/www.europesays.com\/fr\/wp-json\/wp\/v2\/posts\/399649","targetHints":{"allow":["GET"]}}],"collection":[{"href":"https:\/\/www.europesays.com\/fr\/wp-json\/wp\/v2\/posts"}],"about":[{"href":"https:\/\/www.europesays.com\/fr\/wp-json\/wp\/v2\/types\/post"}],"author":[{"embeddable":true,"href":"https:\/\/www.europesays.com\/fr\/wp-json\/wp\/v2\/users\/2"}],"replies":[{"embeddable":true,"href":"https:\/\/www.europesays.com\/fr\/wp-json\/wp\/v2\/comments?post=399649"}],"version-history":[{"count":0,"href":"https:\/\/www.europesays.com\/fr\/wp-json\/wp\/v2\/posts\/399649\/revisions"}],"wp:featuredmedia":[{"embeddable":true,"href":"https:\/\/www.europesays.com\/fr\/wp-json\/wp\/v2\/media\/399650"}],"wp:attachment":[{"href":"https:\/\/www.europesays.com\/fr\/wp-json\/wp\/v2\/media?parent=399649"}],"wp:term":[{"taxonomy":"category","embeddable":true,"href":"https:\/\/www.europesays.com\/fr\/wp-json\/wp\/v2\/categories?post=399649"},{"taxonomy":"post_tag","embeddable":true,"href":"https:\/\/www.europesays.com\/fr\/wp-json\/wp\/v2\/tags?post=399649"}],"curies":[{"name":"wp","href":"https:\/\/api.w.org\/{rel}","templated":true}]}}