{"id":399651,"date":"2025-09-18T09:56:20","date_gmt":"2025-09-18T09:56:20","guid":{"rendered":"https:\/\/www.europesays.com\/fr\/399651\/"},"modified":"2025-09-18T09:56:20","modified_gmt":"2025-09-18T09:56:20","slug":"hadjar-et-lawson-stars-de-la-collab-hugo-boss-x-red-bull","status":"publish","type":"post","link":"https:\/\/www.europesays.com\/fr\/399651\/","title":{"rendered":"Hadjar et Lawson stars de la collab Hugo Boss x Red Bull"},"content":{"rendered":"<p><strong>Hugo Boss s\u2019associe \u00e0 Red Bull pour une collection capsule inspir\u00e9e de la Formule 1, port\u00e9e par Isack Hadjar et Liam Lawson. Une rencontre entre mode, performance et expression de soi.<\/strong><\/p>\n<p>Quand l\u2019univers effr\u00e9n\u00e9 de la Formule 1 rencontre l\u2019audace de la mode, cela donne une collaboration \u00e0 haute vitesse entre Hugo Boss et Red Bull. La marque allemande, fid\u00e8le \u00e0 sa strat\u00e9gie de r\u00e9invention en misant sur le sport et la jeunesse, d\u00e9voile une collection capsule port\u00e9e par deux \u00e9toiles montantes de la F1 : Isack Hadjar et Liam Lawson.<\/p>\n<p><img loading=\"lazy\" decoding=\"async\" class=\"size-full wp-image-210428\" src=\"https:\/\/www.europesays.com\/fr\/wp-content\/uploads\/2025\/09\/Liam-Lawson-Red-Bull-x-Hugo-Boss.png\" alt=\"\" width=\"1009\" height=\"731\"  \/>Photo fournie par Hugo Boss<\/p>\n<p>Le pilote fran\u00e7ais a r\u00e9cemment chang\u00e9 de dimension en d\u00e9crochant son premier podium en Formule 1, \u00e0 seulement 20 ans, au Grand Prix du Pays-Bas, fin ao\u00fbt. Le premier d\u2019une longue s\u00e9rie, tr\u00e8s certainement.<\/p>\n<p>Des talents en devenir<\/p>\n<p>Passant du paddock au studio photo, les deux pilotes incarnent bien plus que des talents en devenir. Devant l\u2019objectif, ils deviennent visages de campagne, m\u00ealant attitude, confiance et style personnel. Inspir\u00e9e par les codes des s\u00e9ries mode et le charisme brut des athl\u00e8tes, la campagne joue \u00e0 fond la carte de l\u2019authenticit\u00e9 et de l\u2019expression de soi.<\/p>\n<p>C\u00f4t\u00e9 pi\u00e8ces, la collection flirte avec le r\u00e9tro et le streetwear. On y trouve des denims imprim\u00e9s fa\u00e7on empreintes de pneus, des bombers vintage, des sweats graphiques et des surv\u00eatements aux lignes 90s. Chaque v\u00eatement rend hommage \u00e0 l\u2019identit\u00e9 unique de ceux qui les portent : une mode taill\u00e9e pour les esprits libres et les personnalit\u00e9s affirm\u00e9es.<\/p>\n<p><img loading=\"lazy\" decoding=\"async\" class=\"wp-image-210575 size-full\" src=\"https:\/\/www.europesays.com\/fr\/wp-content\/uploads\/2025\/09\/Red-Bull-x-Hugo-Boss.png\" alt=\"\" width=\"617\" height=\"797\"  \/><\/p>\n<p><img loading=\"lazy\" decoding=\"async\" class=\"wp-image-210574 size-full\" src=\"https:\/\/www.europesays.com\/fr\/wp-content\/uploads\/2025\/09\/Red-Bull-x-Hugo-Boss-2.png\" alt=\"\" width=\"639\" height=\"799\"  \/><\/p>\n<p><img loading=\"lazy\" decoding=\"async\" class=\"alignnone size-full wp-image-210544\" src=\"https:\/\/www.europesays.com\/fr\/wp-content\/uploads\/2025\/09\/Red-Bull-x-Hugo-Boss-4.png\" alt=\"\" width=\"609\" height=\"796\"  \/> <img loading=\"lazy\" decoding=\"async\" class=\"alignnone size-full wp-image-210572\" src=\"https:\/\/www.europesays.com\/fr\/wp-content\/uploads\/2025\/09\/Red-Bull-x-Hugo-Boss-3.png\" alt=\"\" width=\"615\" height=\"797\"  \/><\/p>\n<p>Au-del\u00e0 du style, cette collaboration illustre une tendance forte du marketing sportif : l\u2019athl\u00e8te comme ic\u00f4ne culturelle. En int\u00e9grant Hadjar et Lawson dans une campagne mode, Hugo Boss capitalise sur leur potentiel de rayonnement bien au-del\u00e0 des circuits. Un coup gagnant pour toucher une nouvelle g\u00e9n\u00e9ration de fans, \u00e0 la crois\u00e9e du sport, du style et de la performance.<\/p>\n<p><strong>\u00c0 lire aussi<\/strong> : <a href=\"https:\/\/www.sportbuzzbusiness.fr\/isack-hadjar-premier-pilote-de-formule-1-annonce-a-red-bull-motormania.html\" target=\"_blank\" rel=\"noopener\">Isack Hadjar, premier pilote de Formule 1 annonc\u00e9 \u00e0 Red Bull Motormania<\/a><\/p>\n","protected":false},"excerpt":{"rendered":"Hugo Boss s\u2019associe \u00e0 Red Bull pour une collection capsule inspir\u00e9e de la Formule 1, port\u00e9e par Isack&hellip;\n","protected":false},"author":2,"featured_media":399652,"comment_status":"","ping_status":"","sticky":false,"template":"","format":"standard","meta":{"footnotes":""},"categories":[1412],"tags":[1451,1452,1453,1454,1455,1011,27,60],"class_list":{"0":"post-399651","1":"post","2":"type-post","3":"status-publish","4":"format-standard","5":"has-post-thumbnail","7":"category-f1","8":"tag-f1","9":"tag-formula-1","10":"tag-formula1","11":"tag-formule-1","12":"tag-formule1","13":"tag-fr","14":"tag-france","15":"tag-sports"},"share_on_mastodon":{"url":"https:\/\/pubeurope.com\/@fr\/115224706278095529","error":""},"_links":{"self":[{"href":"https:\/\/www.europesays.com\/fr\/wp-json\/wp\/v2\/posts\/399651","targetHints":{"allow":["GET"]}}],"collection":[{"href":"https:\/\/www.europesays.com\/fr\/wp-json\/wp\/v2\/posts"}],"about":[{"href":"https:\/\/www.europesays.com\/fr\/wp-json\/wp\/v2\/types\/post"}],"author":[{"embeddable":true,"href":"https:\/\/www.europesays.com\/fr\/wp-json\/wp\/v2\/users\/2"}],"replies":[{"embeddable":true,"href":"https:\/\/www.europesays.com\/fr\/wp-json\/wp\/v2\/comments?post=399651"}],"version-history":[{"count":0,"href":"https:\/\/www.europesays.com\/fr\/wp-json\/wp\/v2\/posts\/399651\/revisions"}],"wp:featuredmedia":[{"embeddable":true,"href":"https:\/\/www.europesays.com\/fr\/wp-json\/wp\/v2\/media\/399652"}],"wp:attachment":[{"href":"https:\/\/www.europesays.com\/fr\/wp-json\/wp\/v2\/media?parent=399651"}],"wp:term":[{"taxonomy":"category","embeddable":true,"href":"https:\/\/www.europesays.com\/fr\/wp-json\/wp\/v2\/categories?post=399651"},{"taxonomy":"post_tag","embeddable":true,"href":"https:\/\/www.europesays.com\/fr\/wp-json\/wp\/v2\/tags?post=399651"}],"curies":[{"name":"wp","href":"https:\/\/api.w.org\/{rel}","templated":true}]}}