{"id":399668,"date":"2025-09-18T10:05:11","date_gmt":"2025-09-18T10:05:11","guid":{"rendered":"https:\/\/www.europesays.com\/fr\/399668\/"},"modified":"2025-09-18T10:05:11","modified_gmt":"2025-09-18T10:05:11","slug":"aux-etats-unis-une-reunion-sur-les-recommandations-vaccinales-sous-haute-tension-actualites","status":"publish","type":"post","link":"https:\/\/www.europesays.com\/fr\/399668\/","title":{"rendered":"Aux Etats-Unis, une r\u00e9union sur les recommandations vaccinales sous haute tension : Actualit\u00e9s"},"content":{"rendered":"<p class=\"lead \">Des experts r\u00e9cemment nomm\u00e9s par le ministre de la Sant\u00e9 de Donald Trump et pour beaucoup d\u00e9cri\u00e9s vont r\u00e9examiner jeudi les recommandations vaccinales faites aux Am\u00e9ricains, suscitant une vive inqui\u00e9tude chez nombre de scientifiques.<\/p>\n<p class=\"lead \">\u00ab\u00a0Les enjeux sont consid\u00e9rables\u00a0\u00bb, alerte aupr\u00e8s de l&rsquo;AFP Syra Madad, \u00e9pid\u00e9miologiste, en amont de cette r\u00e9union qui s&rsquo;\u00e9talera sur deux jours et portera sur deux vaccins infantiles ainsi que sur les vaccins contre le Covid-19.<\/p>\n<p class=\"lead \">Comme elle, de nombreux experts craignent que cet examen n&rsquo;aboutisse \u00e0 des restrictions d&rsquo;acc\u00e8s, alors m\u00eame que les taux du vaccination du pays \u00e9voluent \u00e0 la baisse depuis la pand\u00e9mie et font craindre le retour de maladies contagieuses mortelles, comme la rougeole.<\/p>\n<p class=\"lead \">Habituellement routiniers, ces rendez-vous du Comit\u00e9 consultatif sur les pratiques de vaccination (ACIP) qui se tiennent \u00e0 Atlanta, dans le sud-est des Etats-Unis, ont pris une importance nouvelle ces derniers mois dans un contexte hautement politis\u00e9.<\/p>\n<p class=\"lead \">Apr\u00e8s avoir limog\u00e9 en juin l&rsquo;ensemble des experts de ce groupe, le ministre de la Sant\u00e9 am\u00e9ricain Robert Kennedy Jr (RFK Jr), contest\u00e9 pour ses positions antivaccins, y a nomm\u00e9 des figures de son choix, pour la plupart d\u00e9cri\u00e9es.<\/p>\n<p class=\"lead \">Ces derniers ont pour responsabilit\u00e9 de conseiller les CDC, principale agence sanitaire du pays, sur les recommandations en mati\u00e8re de vaccination.<\/p>\n<p class=\"lead \">&#8211; \u00ab\u00a0Conclusions pr\u00e9\u00e9tablies\u00a0\u00bb &#8211;<\/p>\n<p class=\"lead \">Or, selon l&rsquo;ex-directrice de cette agence, qui a \u00e9galement \u00e9t\u00e9 limog\u00e9e avec fracas en ao\u00fbt, les recommandations \u00e0 venir seraient bas\u00e9es sur des \u00ab\u00a0conclusions pr\u00e9\u00e9tablies\u00a0\u00bb.<\/p>\n<p class=\"lead \">Interrog\u00e9e mercredi par une commission s\u00e9natoriale sur les raisons de son \u00e9viction, Susan Monarez a expliqu\u00e9 que le ministre de la Sant\u00e9 lui avait demand\u00e9 de s&rsquo;engager \u00e0 soutenir une modification du calendrier vaccinal.<\/p>\n<p class=\"lead \">\u00ab\u00a0Il n&rsquo;avait aucune donn\u00e9e ni aucune preuve scientifique \u00e0 l&rsquo;appui\u00a0\u00bb de ce projet, a-t-elle assur\u00e9 aux parlementaires en insistant sur le r\u00f4le crucial jou\u00e9 par les vaccins dans les politiques de sant\u00e9 publique.<\/p>\n<p class=\"lead \">\u00ab\u00a0Nous nous sommes battus tellement dur pour vaincre la polio, la rougeole, la dipht\u00e9rie et beaucoup d&rsquo;autres maladies. Revenir sur ces progr\u00e8s serait non seulement irresponsable, mais trahirait toutes les familles qui nous font confiance pour prot\u00e9ger leur sant\u00e9\u00a0\u00bb, a-t-elle aussi lanc\u00e9.<\/p>\n<p class=\"lead \">Questionn\u00e9 plus t\u00f4t sur le sujet, RFK Jr avait lui r\u00e9fut\u00e9 toute pression.<\/p>\n<p class=\"lead \">Ces changements brutaux, qui se sont ajout\u00e9s \u00e0 des coupes budg\u00e9taires et des suppressions de postes importantes, ont provoqu\u00e9 une crise importante dans les agences sanitaires f\u00e9d\u00e9rales.<\/p>\n<p class=\"lead \">&#8211; \u00ab\u00a0Pas les moyens\u00a0\u00bb &#8211; <\/p>\n<p class=\"lead \">Consid\u00e9rant que la fiabilit\u00e9 de ces derni\u00e8res \u00e9tait compromise, l&rsquo;Acad\u00e9mie am\u00e9ricaine de p\u00e9diatrie (AAP) et plusieurs Etats de l&rsquo;ouest des Etats-Unis ont r\u00e9cemment d\u00e9cid\u00e9 de publier leurs propres recommandations vaccinales.<\/p>\n<p class=\"lead \">Des initiatives dont la port\u00e9e est limit\u00e9e, car le remboursement des vaccins reste grandement li\u00e9 aux recommandations \u00e9mises par les CDC, sur les conseils de ce fameux panel d&rsquo;experts.<\/p>\n<p class=\"lead \">Si ces derniers venaient cette semaine \u00e0 all\u00e9ger ou \u00e0 cesser la recommandation des vaccins contre le Covid, l&rsquo;h\u00e9patite B ou encore la rougeole, de nombreux Am\u00e9ricains n&rsquo;y auraient plus acc\u00e8s, s&rsquo;inqui\u00e8te ainsi Wilbur Chen, m\u00e9decin infectiologue.<\/p>\n<p class=\"lead \">\u00ab\u00a0La r\u00e9alit\u00e9, c&rsquo;est que la plupart des gens n&rsquo;ont pas les moyens de payer ces vaccins\u00a0\u00bb, dont les co\u00fbts peuvent s&rsquo;\u00e9lever \u00e0 plusieurs centaines de dollars, explique-t-il.<\/p>\n<p class=\"lead \">Lors de leur premi\u00e8re rencontre fin juin, les experts du comit\u00e9 fra\u00eechement refa\u00e7onn\u00e9 avaient d\u00e9j\u00e0 suscit\u00e9 des critiques en faisant la promotion de th\u00e8ses antivax.<\/p>\n<p class=\"lead \">Des d\u00e9clarations qui faisaient \u00e9cho aux positions du ministre de la Sant\u00e9 RFK Jr, qui s&rsquo;est fait des ann\u00e9es durant le relais de fausses informations sur les vaccins, notamment sur un pr\u00e9tendu lien entre le vaccin ROR (rougeole, oreillons et rub\u00e9ole) et l&rsquo;autisme. <\/p>\n<p class=\"lead \">Une sp\u00e9culation issue d&rsquo;une \u00e9tude truqu\u00e9e qui a \u00e9t\u00e9 maintes fois d\u00e9mentie par des travaux post\u00e9rieurs. <\/p>\n<p class=\"small font-weight-bold text-gray3 \"> publi\u00e9 le 18 septembre \u00e0 05h13, AFP<\/p>\n<p>                             Partager<\/p>\n","protected":false},"excerpt":{"rendered":"Des experts r\u00e9cemment nomm\u00e9s par le ministre de la Sant\u00e9 de Donald Trump et pour beaucoup d\u00e9cri\u00e9s vont&hellip;\n","protected":false},"author":2,"featured_media":399669,"comment_status":"","ping_status":"","sticky":false,"template":"","format":"standard","meta":{"footnotes":""},"categories":[10],"tags":[1011,27,72,316,585,71,308,4008],"class_list":{"0":"post-399668","1":"post","2":"type-post","3":"status-publish","4":"format-standard","5":"has-post-thumbnail","7":"category-sante","8":"tag-fr","9":"tag-france","10":"tag-health","11":"tag-politique","12":"tag-sant","13":"tag-sante","14":"tag-usa","15":"tag-vaccins"},"share_on_mastodon":{"url":"https:\/\/pubeurope.com\/@fr\/115224741400216963","error":""},"_links":{"self":[{"href":"https:\/\/www.europesays.com\/fr\/wp-json\/wp\/v2\/posts\/399668","targetHints":{"allow":["GET"]}}],"collection":[{"href":"https:\/\/www.europesays.com\/fr\/wp-json\/wp\/v2\/posts"}],"about":[{"href":"https:\/\/www.europesays.com\/fr\/wp-json\/wp\/v2\/types\/post"}],"author":[{"embeddable":true,"href":"https:\/\/www.europesays.com\/fr\/wp-json\/wp\/v2\/users\/2"}],"replies":[{"embeddable":true,"href":"https:\/\/www.europesays.com\/fr\/wp-json\/wp\/v2\/comments?post=399668"}],"version-history":[{"count":0,"href":"https:\/\/www.europesays.com\/fr\/wp-json\/wp\/v2\/posts\/399668\/revisions"}],"wp:featuredmedia":[{"embeddable":true,"href":"https:\/\/www.europesays.com\/fr\/wp-json\/wp\/v2\/media\/399669"}],"wp:attachment":[{"href":"https:\/\/www.europesays.com\/fr\/wp-json\/wp\/v2\/media?parent=399668"}],"wp:term":[{"taxonomy":"category","embeddable":true,"href":"https:\/\/www.europesays.com\/fr\/wp-json\/wp\/v2\/categories?post=399668"},{"taxonomy":"post_tag","embeddable":true,"href":"https:\/\/www.europesays.com\/fr\/wp-json\/wp\/v2\/tags?post=399668"}],"curies":[{"name":"wp","href":"https:\/\/api.w.org\/{rel}","templated":true}]}}