{"id":399683,"date":"2025-09-18T10:14:12","date_gmt":"2025-09-18T10:14:12","guid":{"rendered":"https:\/\/www.europesays.com\/fr\/399683\/"},"modified":"2025-09-18T10:14:12","modified_gmt":"2025-09-18T10:14:12","slug":"cette-annee-la-nuit-du-droit-innove","status":"publish","type":"post","link":"https:\/\/www.europesays.com\/fr\/399683\/","title":{"rendered":"cette ann\u00e9e, la Nuit du Droit innove"},"content":{"rendered":"<p>Plus qu\u2019un succ\u00e8s, un pl\u00e9biscite. En 2023, la Nuit du Droit avait attir\u00e9 650 participants au palais de justice de Saint-Etienne. Il faut dire que les organisateurs avaient mis le paquet : un clown dans le box des accus\u00e9s, un cadavre crucifi\u00e9 au centre de la salle des pas perdus. Et, partout, des joueurs arpentant les couloirs pour r\u00e9soudre les \u00e9nigmes et \u00ab lib\u00e9rer S\u00e9bastien \u00bb.<\/p>\n<p>Le plus difficile, en fait, c\u2019\u00e9tait de choisir. Deux jeux, deux histoires dans un m\u00eame lieu. Soit une enqu\u00eate, qui avait conduit les participants jusqu\u2019\u00e0 la Maison des avocats. Soit un proc\u00e8s, pour lequel la grande salle des assises n\u2019avait pas fait le poids : il a fallu retransmettre les d\u00e9bats simultan\u00e9ment dans d\u2019autres salles d\u2019audience.<\/p>\n<p>  Une enqu\u00eate plus vraie que nature<\/p>\n<p>\u00c0 l\u2019origine de cette proposition in\u00e9dite, un quatuor d\u2019organisateurs innovants : Facult\u00e9 de droit, Tribunal judiciaire, Conseil d\u00e9partemental de l\u2019acc\u00e8s au droit, Barreau. Les inscriptions ont \u00e9t\u00e9 closes en \u00e0 peine quinze jours, la soir\u00e9e est rest\u00e9e dans les annales.<\/p>\n<p>L\u2019an dernier, le choix s\u2019est port\u00e9 sur <a href=\"https:\/\/www.leprogres.fr\/faits-divers-justice\/2024\/09\/30\/nuit-du-droit-du-theatre-au-palais-de-justice-avec-les-grandes-plaidoiries\" target=\"_blank\" rel=\"noopener\">les grandes plaidoiries qui ont marqu\u00e9 l\u2019histoire de la justice fran\u00e7aise<\/a>. Les textes de <a href=\"https:\/\/www.leprogres.fr\/p\/robert-badinter\" target=\"_blank\" rel=\"noopener\">Robert Badinter<\/a> ou Gis\u00e8le Halimi, lus par l\u2019\u00e9cole de la Com\u00e9die de Saint-\u00c9tienne. Un grand moment.<\/p>\n<p>Cette ann\u00e9e, retour au jeu et \u00e0 l\u2019immersif. C\u2019est \u00e0 l\u2019excellente \u00e9quipe de Garance Damart (1909 Escape Game) qu\u2019a \u00e9t\u00e9 confi\u00e9 le soin de nouer l\u2019intrigue du jeudi 2 octobre. Avec une m\u00e9canique compl\u00e8tement diff\u00e9rente : pas de clowns en arme dans les salles d\u2019audience, pas de happening dans les couloirs. Mais du plus vrai que nature. \u00ab On ne sera pas <a href=\"https:\/\/www.leprogres.fr\/faits-divers-justice\/2023\/09\/03\/nuit-du-droit-un-escape-game-en-nocturne-au-palais-de-justice\" target=\"_blank\" rel=\"noopener\">dans le spectaculaire comme il y a deux ans<\/a> , explique la cr\u00e9atrice. L\u2019id\u00e9e est de travailler autour de la recherche de la preuve en invitant le public \u00e0 r\u00e9soudre une enqu\u00eate. \u00c7a va \u00eatre Les Experts non pas \u00e0 Miami, mais \u00e0 Saint-\u00c9tienne ! \u00bb.<\/p>\n<p>  Avec les vrais \u00ab TIC \u00bb de la gendarmerie<\/p>\n<p>Le pitch est prometteur : Sophie Parquet est accus\u00e9e d\u2019avoir bless\u00e9 un policier lors de l\u2019\u00e9vasion du chef de gang Cl\u00e9ment Barreau. Chaque session durera deux heures, avec une heure et demie d\u2019enqu\u00eate suivie d\u2019une demi-heure de proc\u00e8s anim\u00e9e par des \u00e9tudiants en droit. Il y aura des interrogatoires \u00e0 \u00e9couter, des tapissages \u00e0 surveiller, des v\u00e9hicules ou images de vid\u00e9osurveillance \u00e0 examiner, un m\u00e9decin l\u00e9giste \u00e0 d\u00e9crypter. Et des sc\u00e8nes de crime d\u00e9cortiqu\u00e9es par les vrais TIC (techniciens en identification criminelle) de la gendarmerie de la Loire. ADN, empreintes et suspense.<\/p>\n<p>Pour le <a href=\"https:\/\/www.leprogres.fr\/faits-divers-justice\/2024\/10\/02\/des-poemes-a-la-fraude-a-la-tva-le-dense-programme-de-la-nuit-du-droit\" target=\"_blank\" rel=\"noopener\">c\u00f4t\u00e9 p\u00e9dagogique<\/a>, les quatre organisateurs de la Nuit du Droit rappellent que \u00ab depuis maintenant six ans, cette soir\u00e9e anniversaire de notre Constitution est consacr\u00e9e au droit, discipline encore trop m\u00e9connue de nos concitoyens. Le droit r\u00e9git tous les aspects de notre vie et ceux de la soci\u00e9t\u00e9 dans laquelle nous \u00e9voluons. Il prot\u00e8ge les libert\u00e9s, permet le r\u00e8glement pacifique des conflits et assure le bon fonctionnement de la vie \u00e9conomique et sociale \u00bb.<\/p>\n<p>La Nuit du Droit est \u00ab une occasion unique de rencontrer sans barri\u00e8re les professionnels du droit, ceux qui le cr\u00e9ent, l\u2019enseignent et l\u2019appliquent. Les manifestations organis\u00e9es pour cette soir\u00e9e ont pour objectif de mieux faire conna\u00eetre le droit, ses principes, ses institutions et ses m\u00e9tiers \u00bb. Et, \u00e0 Saint-Etienne, d\u2019offrir au public le plaisir d\u2019emporter en fin de soir\u00e9e l\u2019image d\u2019une Justice audacieuse et moderne.<\/p>\n<p class=\"note\">Le jeudi 2 octobre, trois sessions de jeu (18 h, 19 h et 20 h 30), chacune limit\u00e9e \u00e0 200 participants ou quarante \u00e9quipes de trois \u00e0 six joueurs maximum. Pr\u00e9sentation trente minutes avant le d\u00e9but de la session, fermeture des portes cinq minutes avant le lancement du jeu.<\/p>\n<p class=\"note\">Le nombre maximal de participants ayant d\u00e9j\u00e0 \u00e9t\u00e9 atteint, les inscriptions sont closes.<\/p>\n","protected":false},"excerpt":{"rendered":"Plus qu\u2019un succ\u00e8s, un pl\u00e9biscite. En 2023, la Nuit du Droit avait attir\u00e9 650 participants au palais de&hellip;\n","protected":false},"author":2,"featured_media":399684,"comment_status":"","ping_status":"","sticky":false,"template":"","format":"standard","meta":{"footnotes":""},"categories":[9653],"tags":[1111,11,2430,271,272,7539,1777,674,274,1011,27,3367,12,25,4001,7538],"class_list":{"0":"post-399683","1":"post","2":"type-post","3":"status-publish","4":"format-standard","5":"has-post-thumbnail","7":"category-saint-etienne","8":"tag-actu","9":"tag-actualites","10":"tag-auvergne-rhone-alpes","11":"tag-crime","12":"tag-delit-et-contravention","13":"tag-edition-loire-sud","14":"tag-eu","15":"tag-europe","16":"tag-faits-divers-justice","17":"tag-fr","18":"tag-france","19":"tag-loire","20":"tag-news","21":"tag-republique-francaise","22":"tag-saint-etienne","23":"tag-saint-etienne-ville"},"share_on_mastodon":{"url":"https:\/\/pubeurope.com\/@fr\/115224776953045672","error":""},"_links":{"self":[{"href":"https:\/\/www.europesays.com\/fr\/wp-json\/wp\/v2\/posts\/399683","targetHints":{"allow":["GET"]}}],"collection":[{"href":"https:\/\/www.europesays.com\/fr\/wp-json\/wp\/v2\/posts"}],"about":[{"href":"https:\/\/www.europesays.com\/fr\/wp-json\/wp\/v2\/types\/post"}],"author":[{"embeddable":true,"href":"https:\/\/www.europesays.com\/fr\/wp-json\/wp\/v2\/users\/2"}],"replies":[{"embeddable":true,"href":"https:\/\/www.europesays.com\/fr\/wp-json\/wp\/v2\/comments?post=399683"}],"version-history":[{"count":0,"href":"https:\/\/www.europesays.com\/fr\/wp-json\/wp\/v2\/posts\/399683\/revisions"}],"wp:featuredmedia":[{"embeddable":true,"href":"https:\/\/www.europesays.com\/fr\/wp-json\/wp\/v2\/media\/399684"}],"wp:attachment":[{"href":"https:\/\/www.europesays.com\/fr\/wp-json\/wp\/v2\/media?parent=399683"}],"wp:term":[{"taxonomy":"category","embeddable":true,"href":"https:\/\/www.europesays.com\/fr\/wp-json\/wp\/v2\/categories?post=399683"},{"taxonomy":"post_tag","embeddable":true,"href":"https:\/\/www.europesays.com\/fr\/wp-json\/wp\/v2\/tags?post=399683"}],"curies":[{"name":"wp","href":"https:\/\/api.w.org\/{rel}","templated":true}]}}