{"id":399689,"date":"2025-09-18T10:17:13","date_gmt":"2025-09-18T10:17:13","guid":{"rendered":"https:\/\/www.europesays.com\/fr\/399689\/"},"modified":"2025-09-18T10:17:13","modified_gmt":"2025-09-18T10:17:13","slug":"fuites-coupure-galere-inquietude-et-lassitude-apres-dix-jours-sans-gaz-pour-une-cinquantaine-de-logements-a-la-seyne","status":"publish","type":"post","link":"https:\/\/www.europesays.com\/fr\/399689\/","title":{"rendered":"Fuites, coupure, gal\u00e8re: inqui\u00e9tude et lassitude apr\u00e8s dix jours sans gaz pour une cinquantaine de logements \u00e0 La Seyne"},"content":{"rendered":"<p>Il y a quelque temps, une locataire du 4e \u00e9tage des Lilas 2, un immeuble qui en compte douze, situ\u00e9 avenue Bartolini, \u00e0 Berthe, a <strong>fr\u00f4l\u00e9 l\u2019intoxication au monoxyde de carbone<\/strong>. Alert\u00e9e par l\u2019odeur caract\u00e9ristique, elle a heureusement eu le r\u00e9flexe d\u2019ouvrir ses fen\u00eatres et de pr\u00e9venir les secours et le bailleur.<\/p>\n<p>L\u2019incident semblait clos quand, d\u00e9but septembre\u2026 \u00ab\u00a0Un agent d\u2019Engie a toqu\u00e9 \u00e0 ma porte, t\u00e9moigne une autre habitante. Il venait pour installer des d\u00e9tecteurs de monoxyde de carbone dans les logements, suite \u00e0 cet incident, pour notre s\u00e9curit\u00e9 m\u2019a-t-il dit. \u00c7a partait d\u2019une bonne intention\u2026\u00a0\u00bb<\/p>\n<p>Puis plusieurs de ces petits bo\u00eetiers n\u2019ont pas tard\u00e9 \u00e0 s\u2019affoler. \u00ab\u00a0Et le m\u00eame jour, \u00e0 13h30, <strong>plus de gaz<\/strong>. On \u00e9tait plusieurs \u00e0 se retrouver en bas de l\u2019immeuble, o\u00f9 un agent nous a dit qu\u2019il y avait une fuite au 7e, que \u00e7a sentait dans toute la cage d\u2019escalier et que GRDF \u00e9tait intervenu en urgence pour couper toutes les colonnes de gaz.\u00a0\u00bb<\/p>\n<p><strong>\u00ab\u00a0La gal\u00e8re sans eau chaude\u00a0\u00bb<\/strong><\/p>\n<p>Une autre m\u00e8re de famille t\u00e9moigne: \u00ab\u00a0On nous a parl\u00e9 d\u2019un bouchon dans l\u2019une des colonnes, au 7 \u00e9tage, et que \u00e7a avait d\u00fb fissurer un conduit de l\u2019immeuble! On nous a clairement dit que, sans cette coupure, il y avait un gros risque d\u2019intoxications et m\u00eame d\u2019explosion!\u00a0\u00bb<\/p>\n<p>C\u2019\u00e9tait le 4 septembre. Jusqu\u2019au 13, <strong>la totalit\u00e9 de la cinquantaine de logements<\/strong> a donc v\u00e9cu<strong> sans eau chaude et sans gazini\u00e8re<\/strong>. \u00ab\u00a0On a d\u00fb se laver \u00e0 l\u2019eau froide ou la faire chauffer \u00e0 la bouilloire\u2026 Je ne vous dis pas la gal\u00e8re avec les enfants\u00a0\u00bb, r\u00e2le une habitante.<\/p>\n<p>Et pour la cuisine? \u00ab\u00a0Eh bien le micro-ondes, \u00e7a va 5 minutes\u2026 alors comme beaucoup d\u2019autres locataires, j\u2019ai fini par aller acheter une plaque \u00e9lectrique. Mais il y a aussi des personnes \u00e2g\u00e9es et des personnes handicap\u00e9es ici. Pour elles, c\u2019\u00e9tait encore plus p\u00e9nible.\u00a0\u00bb<\/p>\n<p><strong>Un quart de l\u2019immeuble toujours priv\u00e9 de gaz<\/strong><\/p>\n<p>Puis samedi dernier donc, la situation a enfin \u00e9volu\u00e9: <strong>trois des quatre colonnes<\/strong> qui alimentent le b\u00e2timent ont finalement \u00e9t\u00e9 <strong>remises en service<\/strong>: \u00ab\u00a0Mais personne n\u2019est intervenu pendant une dizaine de jours, sans qu\u2019on soit inform\u00e9 de rien, poursuit cette Seynoise. On a appel\u00e9 THM (le bailleur) qui renvoyait la faute sur Engie Home Services (le prestataire), qui renvoyait \u00e0 GRDF (le fournisseur)\u2026 C\u2019est insupportable.\u00a0\u00bb<\/p>\n<p>Ce mercredi, un quart des logements des Lilas 2 \u00e9tait encore priv\u00e9 de gaz. Jusqu\u2019\u00e0 quand?<\/p>\n<p>\u00ab\u00a0Les ascenseurs r\u00e9guli\u00e8rement en panne, et celui qui fait un bruit inqui\u00e9tant depuis des mois sans que personne n\u2019intervienne, la moisissure dans les logements, les rats, les cafards\u2026 Tout \u00e7a, c\u2019est d\u00e9j\u00e0 dur \u00e0 supporter, alors si on doit avoir peur des fuites de gaz en plus et rester des jours et des jours sans eau chaude, c\u2019est plus possible\u00a0\u00bb, enrageait une locataire indign\u00e9e.<\/p>\n<p>                                <strong>\u00ab\u00a0Il y avait deux probl\u00e9matiques distinctes\u00a0\u00bb<\/strong><\/p>\n<p>La directrice g\u00e9n\u00e9rale de Toulon Habitat M\u00e9diterran\u00e9e (THM), Cristel Mondoloni, confirme qu\u2019il y avait bien \u00ab\u00a0un risque d\u2019intoxication au monoxyde de carbone aux Lilas 2\u00a0\u00bb.<\/p>\n<p>Li\u00e9 non pas \u00e0 un, mais \u00e0 <strong>deux probl\u00e8mes<\/strong>. \u00ab\u00a0Une chemin\u00e9e d\u2019\u00e9vacuation de gaz \u00e9tait obstru\u00e9e par un bloc de b\u00e9ton au niveau du 7 \u00e9tage \u2013 on se demande d\u2019ailleurs comment il est arriv\u00e9 l\u00e0 &#8211; qui formait un bouchon.\u00a0\u00bb Pr\u00e9venu le jeudi 4 septembre, le bailleur indique \u00ab\u00a0avoir fait intervenir une entreprise, qui a r\u00e9gl\u00e9 ce probl\u00e8me le lendemain m\u00eame\u00a0\u00bb.<\/p>\n<p><strong>Les fuites r\u00e9par\u00e9es<\/strong><\/p>\n<p>Mais cet incident aurait \u00e9t\u00e9 concomitant avec une intervention de GRDF, non pas sur les conduites d\u2019\u00e9vacuation, mais sur les quatre colonnes d\u2019alimentation de l\u2019immeuble: \u00ab\u00a0GRDF, dans le cadre des contr\u00f4les de ces installations dont il est propri\u00e9taire et assure la maintenance, s\u2019est rendu compte qu\u2019il y avait des petites fuites. C\u2019\u00e9tait le m\u00eame jour, le jeudi 4. Ils ont donc d\u00e9cid\u00e9 de couper l\u2019alimentation en gaz de toutes les colonnes, pour pouvoir r\u00e9aliser les r\u00e9parations. Mais ce sont donc deux probl\u00e9matiques totalement distinctes\u2026\u00a0\u00bb<\/p>\n<p>La directrice de THM s\u2019interroge en revanche sur le fait que \u00ab\u00a0GRDF n\u2019ait pas remis plus rapidement en fonction au moins trois des quatre colonnes, sachant qu\u2019il n\u2019y avait plus de fuite\u00a0\u00bb, laissant tous les locataires sans eau chaude ni gazini\u00e8re pendane nombreux jours.<\/p>\n<p>Le principe de pr\u00e9caution peut-\u00eatre\u2026 \u00c0 la demande THM, explique encore la responsable, GRDF a finalement remis ces trois colonnes en marche samedi dernier.<\/p>\n<p>Elle rappelle que les occupants concern\u00e9s sont d\u2019ailleurs invit\u00e9s \u00e0 contacter le fournisseur pour qu\u2019un agent vienne au plus vite remettre les compteurs individuels en route. \u00ab\u00a0Nous faisons des campagnes de SMS et de phoning en ce sens\u00a0\u00bb, assure-t-elle.<\/p>\n<p><strong>En attente de conformit\u00e9<\/strong><\/p>\n<p>Concernant la 4e colonne toujours en rade et p\u00e9nalisant un quart des logements des Lilas 2: \u00ab\u00a0Le souci, c\u2019est que pour que GRDF puisse remettre le gaz, le bailleur doit lui fournir un certificat de conformit\u00e9, informe Cristel Mondoloni. On a fait la demande la semaine derni\u00e8re \u00e0 un organisme agr\u00e9\u00e9, mais malheureusement, on n\u2019a pas la main sur les d\u00e9lais. J\u2019ose esp\u00e9rer que c\u2019est imminent.\u00a0\u00bb<\/p>\n<p>\u00c0 la lumi\u00e8re de cet incident, un habitant du quartier pas tout \u00e0 fait rassur\u00e9 soufflait cette id\u00e9e: \u00ab\u00a0Les Lilas ont \u00e9t\u00e9 construits en 1965 et beaucoup d\u2019autres b\u00e2timents du parc HLM ne sont pas beaucoup plus jeunes\u2026 Vu ce qu\u2019il vient de se passer ici, il serait peut-\u00eatre prudent d\u2019\u00e9quiper tous les logements d\u2019un d\u00e9tecteur de monoxyde de carbone, non?\u00a0\u00bb\u00a0<\/p>\n","protected":false},"excerpt":{"rendered":"Il y a quelque temps, une locataire du 4e \u00e9tage des Lilas 2, un immeuble qui en compte&hellip;\n","protected":false},"author":2,"featured_media":399690,"comment_status":"","ping_status":"","sticky":false,"template":"","format":"standard","meta":{"footnotes":""},"categories":[9619],"tags":[1111,11,1777,674,1011,27,1116,12,882,25,2310,3366],"class_list":{"0":"post-399689","1":"post","2":"type-post","3":"status-publish","4":"format-standard","5":"has-post-thumbnail","7":"category-toulon","8":"tag-actu","9":"tag-actualites","10":"tag-eu","11":"tag-europe","12":"tag-fr","13":"tag-france","14":"tag-immobilier","15":"tag-news","16":"tag-provence-alpes-cote-dazur","17":"tag-republique-francaise","18":"tag-toulon","19":"tag-vie-locale"},"share_on_mastodon":{"url":"https:\/\/pubeurope.com\/@fr\/115224788743910429","error":""},"_links":{"self":[{"href":"https:\/\/www.europesays.com\/fr\/wp-json\/wp\/v2\/posts\/399689","targetHints":{"allow":["GET"]}}],"collection":[{"href":"https:\/\/www.europesays.com\/fr\/wp-json\/wp\/v2\/posts"}],"about":[{"href":"https:\/\/www.europesays.com\/fr\/wp-json\/wp\/v2\/types\/post"}],"author":[{"embeddable":true,"href":"https:\/\/www.europesays.com\/fr\/wp-json\/wp\/v2\/users\/2"}],"replies":[{"embeddable":true,"href":"https:\/\/www.europesays.com\/fr\/wp-json\/wp\/v2\/comments?post=399689"}],"version-history":[{"count":0,"href":"https:\/\/www.europesays.com\/fr\/wp-json\/wp\/v2\/posts\/399689\/revisions"}],"wp:featuredmedia":[{"embeddable":true,"href":"https:\/\/www.europesays.com\/fr\/wp-json\/wp\/v2\/media\/399690"}],"wp:attachment":[{"href":"https:\/\/www.europesays.com\/fr\/wp-json\/wp\/v2\/media?parent=399689"}],"wp:term":[{"taxonomy":"category","embeddable":true,"href":"https:\/\/www.europesays.com\/fr\/wp-json\/wp\/v2\/categories?post=399689"},{"taxonomy":"post_tag","embeddable":true,"href":"https:\/\/www.europesays.com\/fr\/wp-json\/wp\/v2\/tags?post=399689"}],"curies":[{"name":"wp","href":"https:\/\/api.w.org\/{rel}","templated":true}]}}