{"id":399700,"date":"2025-09-18T10:23:11","date_gmt":"2025-09-18T10:23:11","guid":{"rendered":"https:\/\/www.europesays.com\/fr\/399700\/"},"modified":"2025-09-18T10:23:11","modified_gmt":"2025-09-18T10:23:11","slug":"television-un-numero-inedit-denquete-daction-consacre-a-grenoble-diffuse-ce-vendredi-19-septembre-sur-w9","status":"publish","type":"post","link":"https:\/\/www.europesays.com\/fr\/399700\/","title":{"rendered":"T\u00e9l\u00e9vision. Un\u00a0num\u00e9ro in\u00e9dit d&rsquo;Enqu\u00eate d&rsquo;action consacr\u00e9 \u00e0 Grenoble diffus\u00e9 ce vendredi 19 septembre sur W9"},"content":{"rendered":"<p>Diffus\u00e9 ce vendredi sur W9, le magazine Enqu\u00eate d&rsquo;action risque d&rsquo;enregistrer un pic d&rsquo;audience du c\u00f4t\u00e9 de l&rsquo;Is\u00e8re. Et pour cause puisqu&rsquo;il va proposer cette-fois ci une immersion au sein des forces de l&rsquo;ordre is\u00e9roises.<\/p>\n<p>L&rsquo;accent sera mis sur les d\u00e9lits routiers, alors que 3000 permis ont \u00e9t\u00e9 suspendus dans le d\u00e9partement en 2024, affirme l&rsquo;\u00e9mission dans son communiqu\u00e9 de presse.\u00a0<\/p>\n<p>Intitul\u00e9 \u00ab\u00a0Gendarmes de Grenoble\u00a0: pas de piti\u00e9 pour les d\u00e9linquants de la route ! \u00bb, l&rsquo;\u00e9pisode devrait durer environ 1h30 et s&rsquo;int\u00e9ressera notamment \u00e0 la brigade de Sassenage,\u00a0ainsi qu&rsquo;aux pelotons motoris\u00e9s du Pont-de-Claix et\u00a0de La Verpilli\u00e8re.\u00a0<\/p>\n<p>Un autre reportage \u00e0 suivre sur le trafic de stup\u00e9fiants \u00e0 Grenoble<\/p>\n<p>Un premier extrait d\u00e9voil\u00e9 sur les r\u00e9seaux sociaux montre les\u00a0forces de l&rsquo;ordre tendant un pi\u00e8ge \u00e0 un jeune\u00a0homme qui cherchait \u00e0 vendre &#8211; sans le savoir &#8211; une motocross vol\u00e9e.<\/p>\n<p>Ce contenu est bloqu\u00e9 car vous n&rsquo;avez pas accept\u00e9 les cookies et autres traceurs.<\/p>\n<p>En cliquant sur \u00ab J\u2019accepte \u00bb, les cookies et autres traceurs seront d\u00e9pos\u00e9s et vous pourrez visualiser les contenus  (<a href=\"\" class=\"consentModule_policy\" target=\"_blank\" title=\"Consulter la politique de protection des donn\u00e9es du fournisseur\">plus d&rsquo;informations<\/a>).<\/p>\n<p>En cliquant sur \u00ab J\u2019accepte tous les cookies \u00bb, vous autorisez des d\u00e9p\u00f4ts de cookies et autres traceurs pour le stockage de vos donn\u00e9es sur nos sites et applications \u00e0 des fins de personnalisation et de ciblage publicitaire.<\/p>\n<p class=\"consentModule_secondaryText\">Vous gardez la possibilit\u00e9 de retirer votre consentement \u00e0 tout moment en consultant notre <a href=\"https:\/\/www.ledauphine.com\/protection-des-donnees\" target=\"_blank\" title=\"Consulter notre politique de protection des donn\u00e9es\" rel=\"noopener\">politique de protection des donn\u00e9es<\/a>. <br \/>&#13;<br \/>\n            <a href=\"https:\/\/www.ledauphine.com\/faits-divers-justice\/2025\/09\/18\/javascript:Didomi.notice.show()\" class=\"consentModule_cmp\" target=\"_blank\" rel=\"noopener\">G\u00e9rer mes choix<\/a>&#13;\n        <\/p>\n<p>&#13;<br \/>\n                        J&rsquo;accepte&#13;<br \/>\n            J&rsquo;accepte tous les cookies&#13;\n        <\/p>\n<p>Dans la foul\u00e9e, Enqu\u00eate d&rsquo;action va poursuivre son focus sur Grenoble, avec un reportage consacr\u00e9 au trafic de stup\u00e9fiants. Le reportage sera \u00e0 suivre \u00e0 partir de 23 h 10.\u00a0<\/p>\n","protected":false},"excerpt":{"rendered":"Diffus\u00e9 ce vendredi sur W9, le magazine Enqu\u00eate d&rsquo;action risque d&rsquo;enregistrer un pic d&rsquo;audience du c\u00f4t\u00e9 de l&rsquo;Is\u00e8re.&hellip;\n","protected":false},"author":2,"featured_media":399701,"comment_status":"","ping_status":"","sticky":false,"template":"","format":"standard","meta":{"footnotes":""},"categories":[9566],"tags":[119,1111,11,2430,271,1687,272,115,112,113,1777,674,274,107,1011,27,329,2731,2732,108,32439,3294,12,25,16668,273,2205],"class_list":{"0":"post-399700","1":"post","2":"type-post","3":"status-publish","4":"format-standard","5":"has-post-thumbnail","7":"category-grenoble","8":"tag-accident","9":"tag-actu","10":"tag-actualites","11":"tag-auvergne-rhone-alpes","12":"tag-crime","13":"tag-culture-loisirs","14":"tag-delit-et-contravention","15":"tag-edition-bourgoin-jallieu-nord-dauphine","16":"tag-edition-grenoble-agglomeration","17":"tag-edition-gresivaudan-oisans","18":"tag-eu","19":"tag-europe","20":"tag-faits-divers-justice","21":"tag-fil-info","22":"tag-fr","23":"tag-france","24":"tag-france-monde","25":"tag-grenoble","26":"tag-grenoble-bassin","27":"tag-isere","28":"tag-la-verpilliere","29":"tag-le-pont-de-claix","30":"tag-news","31":"tag-republique-francaise","32":"tag-sassenage","33":"tag-selection-de-la-redaction","34":"tag-television-medias"},"share_on_mastodon":{"url":"","error":"Validation failed: Text character limit of 500 exceeded"},"_links":{"self":[{"href":"https:\/\/www.europesays.com\/fr\/wp-json\/wp\/v2\/posts\/399700","targetHints":{"allow":["GET"]}}],"collection":[{"href":"https:\/\/www.europesays.com\/fr\/wp-json\/wp\/v2\/posts"}],"about":[{"href":"https:\/\/www.europesays.com\/fr\/wp-json\/wp\/v2\/types\/post"}],"author":[{"embeddable":true,"href":"https:\/\/www.europesays.com\/fr\/wp-json\/wp\/v2\/users\/2"}],"replies":[{"embeddable":true,"href":"https:\/\/www.europesays.com\/fr\/wp-json\/wp\/v2\/comments?post=399700"}],"version-history":[{"count":0,"href":"https:\/\/www.europesays.com\/fr\/wp-json\/wp\/v2\/posts\/399700\/revisions"}],"wp:featuredmedia":[{"embeddable":true,"href":"https:\/\/www.europesays.com\/fr\/wp-json\/wp\/v2\/media\/399701"}],"wp:attachment":[{"href":"https:\/\/www.europesays.com\/fr\/wp-json\/wp\/v2\/media?parent=399700"}],"wp:term":[{"taxonomy":"category","embeddable":true,"href":"https:\/\/www.europesays.com\/fr\/wp-json\/wp\/v2\/categories?post=399700"},{"taxonomy":"post_tag","embeddable":true,"href":"https:\/\/www.europesays.com\/fr\/wp-json\/wp\/v2\/tags?post=399700"}],"curies":[{"name":"wp","href":"https:\/\/api.w.org\/{rel}","templated":true}]}}