{"id":399706,"date":"2025-09-18T10:27:11","date_gmt":"2025-09-18T10:27:11","guid":{"rendered":"https:\/\/www.europesays.com\/fr\/399706\/"},"modified":"2025-09-18T10:27:11","modified_gmt":"2025-09-18T10:27:11","slug":"il-faut-que-les-gens-des-campagnes-soient-visibles-au-sud-de-rennes-la-greve-du-18-septembre-se-fait-en-tracteur-et-en-famille","status":"publish","type":"post","link":"https:\/\/www.europesays.com\/fr\/399706\/","title":{"rendered":"\u00ab\u00a0Il faut que les gens des campagnes soient visibles\u00a0\u00bb\u00a0: au sud de Rennes, la gr\u00e8ve du 18\u00a0septembre se fait en tracteur et en famille"},"content":{"rendered":"<p>Il est 9 h, ce jeudi 18 septembre 2025, \u00e0 Ch\u00e2teaugiron, dans un champ non loin de la route de Nouvoitou, \u00e0 25 minutes au sud de Rennes. Sur le \u00ab<a href=\"https:\/\/www.letelegramme.fr\/ille-et-vilaine\/rennes-35000\/bloquons-tout-au-village-des-indignes-de-chateaugiron-la-democratie-fonctionne-en-faisant-6889290.php\" target=\"_blank\" rel=\"noopener\"> Village des indign\u00e9s \u00bb<\/a>, un groupe d\u2019une cinquantaine de personnes est en pleins pr\u00e9paratifs en vue de la journ\u00e9e de mobilisation nationale. Ici, pas de parapluie ni cagoules, plut\u00f4t d\u00e9guisements en tous genres et maquillage. \u00ab C\u2019est pour montrer que c\u2019est la f\u00eate. Le mot d\u2019ordre, c\u2019est discutez, amusez-vous \u00bb, annonce l\u2019un d\u2019eux.<\/p>\n<p>Les revendications sont les m\u00eames qu\u2019en ville. \u00ab Ras-le-bol des in\u00e9galit\u00e9s sociales \u00bb. \u00ab Ras-le-bol de voir le dernier budget dans lequel on veut faire la guerre, mais o\u00f9 on ne donne pas de moyens pour l\u2019\u00e9ducation, la sant\u00e9, le social, les services publics \u00bb. \u00ab Ras-le-bol de ne pas \u00eatre entendus quand on met un bulletin dans l\u2019urne \u00bb.<\/p>\n<p>\u00ab M\u00eame s\u2019il ne comprend pas tout, c\u2019est convivial \u00bb<\/p>\n<p>Mais ici, la grogne prend une autre forme et s\u2019incarne par d\u2019autres visages. Pas, ou peu d\u2019\u00e9tudiants, mais des artisans, agriculteurs, retrait\u00e9s\u2026 et des familles. C\u2019est le cas de Louis, venu avec son fils de 4 ans, juch\u00e9 sur un tracteur pour la photo. \u00ab Je l\u2019avais d\u00e9j\u00e0 emmen\u00e9 dans une manif contre la r\u00e9forme des retraites au Mans mais jamais \u00e0 Rennes o\u00f9 il y a souvent des affrontements avec la police. Ici, au Village des indign\u00e9s, je l\u2019emm\u00e8ne r\u00e9guli\u00e8rement depuis mercredi dernier quand il n\u2019a pas \u00e9cole. M\u00eame s\u2019il ne comprend pas tout, c\u2019est convivial et on se sent en s\u00e9curit\u00e9. \u00bb Louis n\u2019emm\u00e8nera pas son fils sur les routes d\u00e9partementales pour le d\u00e9fil\u00e9 \u00e0 v\u00e9lo, tracteur et trottinette. \u00ab Mais on ira au pique-nique pr\u00e9vu \u00e0 Janz\u00e9 \u00bb.<\/p>\n<p>Le fils d\u2019Aude, lui, ne serait pas venu sans son v\u00e9lo. Elle travaille dans le milieu culturel, et lui est coll\u00e9gien. Tous deux prennent part \u00e0 cette boucle de 35 km en direction de Janz\u00e9, Pir\u00e9-sur-Seiche puis Ch\u00e2teaugiron. \u00ab J\u2019avais envie de venir, je n\u2019avais que deux cours aujourd\u2019hui \u00bb, raconte le jeune gar\u00e7on sur son v\u00e9lo. S\u2019il avoue venir d\u2019abord \u00ab pour le tour \u00e0 v\u00e9lo \u00bb, sa m\u00e8re est heureuse de voir son fils se mobiliser. \u00ab C\u2019est pour cr\u00e9er pour eux un nouveau mod\u00e8le de soci\u00e9t\u00e9 qu\u2019on est l\u00e0. On en parle \u00e0 la maison, il ne comprend pas tout, mais il est sensibilis\u00e9. \u00bb<\/p>\n<p>\u00c0 10 h 30, le convoi s\u2019est donc \u00e9lanc\u00e9 dans la campagne bretillienne. Certains \u00e9quip\u00e9s de gilets jaunes, \u00ab mais uniquement pour notre s\u00e9curit\u00e9 car on ne se revendique d\u2019aucun mouvement \u00bb, pointe l\u2019un d\u2019eux. Objectif : \u00ab Il faut que les gens des campagnes soient visibles. Le d\u00e9mant\u00e8lement du service public est plus pr\u00e9gnant en ruralit\u00e9, mart\u00e8le Louis. On veut montrer qu\u2019en campagne, on n\u2019est pas tous pour le Rassemblement national et on a aussi des revendications politiques. On n\u2019est pas tous d\u2019accord sur tout mais on a envie de faire ensemble. Et dans une bonne ambiance. \u00c7a peut \u00eatre \u00e7a aussi la d\u00e9mocratie. \u00bb<\/p>\n","protected":false},"excerpt":{"rendered":"Il est 9 h, ce jeudi 18 septembre 2025, \u00e0 Ch\u00e2teaugiron, dans un champ non loin de la&hellip;\n","protected":false},"author":2,"featured_media":399707,"comment_status":"","ping_status":"","sticky":false,"template":"","format":"standard","meta":{"footnotes":""},"categories":[2821],"tags":[1111,11,829,1777,674,1011,27,848,2088,11639,12,584,25,801],"class_list":{"0":"post-399706","1":"post","2":"type-post","3":"status-publish","4":"format-standard","5":"has-post-thumbnail","7":"category-rennes","8":"tag-actu","9":"tag-actualites","10":"tag-bretagne","11":"tag-eu","12":"tag-europe","13":"tag-fr","14":"tag-france","15":"tag-ille-et-vilaine","16":"tag-manifestation","17":"tag-mouvement-social","18":"tag-news","19":"tag-rennes","20":"tag-republique-francaise","21":"tag-social"},"share_on_mastodon":{"url":"https:\/\/pubeurope.com\/@fr\/115224827907258168","error":""},"_links":{"self":[{"href":"https:\/\/www.europesays.com\/fr\/wp-json\/wp\/v2\/posts\/399706","targetHints":{"allow":["GET"]}}],"collection":[{"href":"https:\/\/www.europesays.com\/fr\/wp-json\/wp\/v2\/posts"}],"about":[{"href":"https:\/\/www.europesays.com\/fr\/wp-json\/wp\/v2\/types\/post"}],"author":[{"embeddable":true,"href":"https:\/\/www.europesays.com\/fr\/wp-json\/wp\/v2\/users\/2"}],"replies":[{"embeddable":true,"href":"https:\/\/www.europesays.com\/fr\/wp-json\/wp\/v2\/comments?post=399706"}],"version-history":[{"count":0,"href":"https:\/\/www.europesays.com\/fr\/wp-json\/wp\/v2\/posts\/399706\/revisions"}],"wp:featuredmedia":[{"embeddable":true,"href":"https:\/\/www.europesays.com\/fr\/wp-json\/wp\/v2\/media\/399707"}],"wp:attachment":[{"href":"https:\/\/www.europesays.com\/fr\/wp-json\/wp\/v2\/media?parent=399706"}],"wp:term":[{"taxonomy":"category","embeddable":true,"href":"https:\/\/www.europesays.com\/fr\/wp-json\/wp\/v2\/categories?post=399706"},{"taxonomy":"post_tag","embeddable":true,"href":"https:\/\/www.europesays.com\/fr\/wp-json\/wp\/v2\/tags?post=399706"}],"curies":[{"name":"wp","href":"https:\/\/api.w.org\/{rel}","templated":true}]}}