{"id":399710,"date":"2025-09-18T10:29:10","date_gmt":"2025-09-18T10:29:10","guid":{"rendered":"https:\/\/www.europesays.com\/fr\/399710\/"},"modified":"2025-09-18T10:29:10","modified_gmt":"2025-09-18T10:29:10","slug":"fan-night-2025-un-rendez-vous-avec-la-sigarmy","status":"publish","type":"post","link":"https:\/\/www.europesays.com\/fr\/399710\/","title":{"rendered":"Fan Night 2025, un rendez-vous avec la SIGArmy"},"content":{"rendered":"<p class=\"text-align-justify chapo\">Une soir\u00e9e plac\u00e9e sous le signe du partage, o\u00f9 supporters, joueurs et dirigeants ont vibr\u00e9 ensemble pour lancer cette saison 2025-2026 !<\/p>\n<p>Ce mardi 16 septembre, la SIG Strasbourg a mis \u00e0 l\u2019honneur ses supporters lors de la Fan Night, un moment important pour les fans du club. Au programme, nos supporters ont assist\u00e9 \u00e0 une heure d\u2019entrainement suivi de la d\u00e9couverte des nouveaux visages qui porteront les couleurs de Strasbourg cette saison. Cette soir\u00e9e a confirm\u00e9 une fois de plus le lien fort qui unit la SIG Strasbourg et son public, la SIGArmy, pr\u00eate \u00e0 pousser leurs \u00e9quipes pour cette nouvelle saison.<br \/>\nA l\u2019occasion de cette soir\u00e9e notre pr\u00e9sident J\u00e9rome Rosenstiehl \u00e0 pris la parole, pour se pr\u00e9senter aux publics, faire un bilan de ses derni\u00e8res ann\u00e9es, et exposer sa vision sur le centre de formation, l\u2019\u00e9quipe professionnel et le club de mani\u00e8re global.\u00a0<br \/>\nLa SIGARMY a pu d\u00e9couvrir le nouveau maillot Adidas \u00e9dition 25\/26 d\u00e9sign\u00e9 par Matt Pokora, \u00e0 travers une vid\u00e9o sur les \u00e9crans g\u00e9ant !<\/p>\n<p class=\"text-align-justify\">\u00a0<\/p>\n<p class=\"text-align-justify\">\u00a0<\/p>\n","protected":false},"excerpt":{"rendered":"Une soir\u00e9e plac\u00e9e sous le signe du partage, o\u00f9 supporters, joueurs et dirigeants ont vibr\u00e9 ensemble pour lancer&hellip;\n","protected":false},"author":2,"featured_media":399711,"comment_status":"","ping_status":"","sticky":false,"template":"","format":"standard","meta":{"footnotes":""},"categories":[2820],"tags":[1111,11,3146,1777,674,1011,27,775,3145,12,25,3144,640],"class_list":{"0":"post-399710","1":"post","2":"type-post","3":"status-publish","4":"format-standard","5":"has-post-thumbnail","7":"category-strasbourg","8":"tag-actu","9":"tag-actualites","10":"tag-betclic-elite","11":"tag-eu","12":"tag-europe","13":"tag-fr","14":"tag-france","15":"tag-grand-est","16":"tag-lnb","17":"tag-news","18":"tag-republique-francaise","19":"tag-sig","20":"tag-strasbourg"},"share_on_mastodon":{"url":"https:\/\/pubeurope.com\/@fr\/115224835817978083","error":""},"_links":{"self":[{"href":"https:\/\/www.europesays.com\/fr\/wp-json\/wp\/v2\/posts\/399710","targetHints":{"allow":["GET"]}}],"collection":[{"href":"https:\/\/www.europesays.com\/fr\/wp-json\/wp\/v2\/posts"}],"about":[{"href":"https:\/\/www.europesays.com\/fr\/wp-json\/wp\/v2\/types\/post"}],"author":[{"embeddable":true,"href":"https:\/\/www.europesays.com\/fr\/wp-json\/wp\/v2\/users\/2"}],"replies":[{"embeddable":true,"href":"https:\/\/www.europesays.com\/fr\/wp-json\/wp\/v2\/comments?post=399710"}],"version-history":[{"count":0,"href":"https:\/\/www.europesays.com\/fr\/wp-json\/wp\/v2\/posts\/399710\/revisions"}],"wp:featuredmedia":[{"embeddable":true,"href":"https:\/\/www.europesays.com\/fr\/wp-json\/wp\/v2\/media\/399711"}],"wp:attachment":[{"href":"https:\/\/www.europesays.com\/fr\/wp-json\/wp\/v2\/media?parent=399710"}],"wp:term":[{"taxonomy":"category","embeddable":true,"href":"https:\/\/www.europesays.com\/fr\/wp-json\/wp\/v2\/categories?post=399710"},{"taxonomy":"post_tag","embeddable":true,"href":"https:\/\/www.europesays.com\/fr\/wp-json\/wp\/v2\/tags?post=399710"}],"curies":[{"name":"wp","href":"https:\/\/api.w.org\/{rel}","templated":true}]}}