{"id":399738,"date":"2025-09-18T10:44:17","date_gmt":"2025-09-18T10:44:17","guid":{"rendered":"https:\/\/www.europesays.com\/fr\/399738\/"},"modified":"2025-09-18T10:44:17","modified_gmt":"2025-09-18T10:44:17","slug":"des-tags-antisemites-retrouves-devant-une-prepa-sante-a-lyon","status":"publish","type":"post","link":"https:\/\/www.europesays.com\/fr\/399738\/","title":{"rendered":"des tags antis\u00e9mites retrouv\u00e9s devant une pr\u00e9pa sant\u00e9 \u00e0 Lyon"},"content":{"rendered":"<p>Le panneau de l\u2019Acad\u00e9mie 2A a \u00e9t\u00e9 d\u00e9grad\u00e9 dans la nuit de dimanche \u00e0 lundi. Des croix de David accompagn\u00e9es de la motion \u00abVoleur\u00bb ont \u00e9t\u00e9 retrouv\u00e9es devant l\u2019\u00e9cole.<\/p>\n<p class=\"fig-paragraph\"><a href=\"http:\/\/www.lefigaro.fr\/lyon\/des-croix-gammees-sur-une-stele-et-des-inscriptions-antisemites-retrouvees-pres-de-lyon-20250831\" data-fig-type=\"NewsFlash\" data-gtm-custom-categorie=\"navigation\" data-gtm-custom-action=\"crossclick\" data-gtm-custom-label=\"Contextuel\" data-gtm-event=\"customEventSPE\" data-fig-domain=\"LEFIGARO\" rel=\"nofollow noopener\" target=\"_blank\">Des tags antis\u00e9mites<\/a>\u00a0ont \u00e9t\u00e9 d\u00e9couverts dans la nuit de dimanche \u00e0 lundi sur des panneaux d\u2019une pr\u00e9pa en sant\u00e9 situ\u00e9e dans le 8e arrondissement de Lyon, avenue Rockefeller.\u00a0<a href=\"https:\/\/video.lefigaro.fr\/figaro\/faits-divers\/lyon-un-millier-de-personnes-se-sont-rassembles-contre-lantisemitisme-20240626\" data-fig-type=\"Video\" data-gtm-custom-categorie=\"navigation\" data-gtm-custom-action=\"crossclick\" data-gtm-custom-label=\"Contextuel\" data-gtm-event=\"customEventSPE\" data-fig-domain=\"LEFIGARO\" rel=\"nofollow noopener\" target=\"_blank\">Des \u00e9toiles de David accompagn\u00e9es de l\u2019inscription \u00abvoleur\u00bb<\/a>\u00a0ont \u00e9t\u00e9 retrouv\u00e9es t\u00f4t le matin par des \u00e9tudiants, indique G\u00e9rald Avakian, le directeur de l\u2019\u00e9tablissement Acad\u00e9mie 2A, confirmant une information du\u00a0<a href=\"https:\/\/c.leprogres.fr\/faits-divers-justice\/2025\/09\/17\/des-tags-antisemites-decouverts-devant-une-ecole-je-suis-revolte-c-est-degueulasse\" target=\"_blank\" rel=\"sponsored noopener nofollow\" data-gtm-custom-categorie=\"navigation\" data-gtm-custom-action=\"crossclick\" data-gtm-custom-label=\"Contextuel\" data-gtm-event=\"customEventSPE\">Progr\u00e8s<\/a> . Ce chef d\u2019entreprise, par ailleurs \u00e9lu dans le 6e arrondissement de Lyon, fait part de son d\u00e9sarroi aujourd\u2019hui.<\/p>\n<p class=\"fig-paragraph\">\u00abCette soci\u00e9t\u00e9 a \u00e9t\u00e9 cr\u00e9\u00e9e par deux \u00e9tudiants, l\u2019un en quatri\u00e8me ann\u00e9e m\u00e9decine et l\u2019autre en dentaire. Ils ont 21 ans et l\u2019un est mon gar\u00e7on. Ils travaillent nuit et jour pour donner aux \u00e9tudiants la possibilit\u00e9 de r\u00e9ussir leur premi\u00e8re ann\u00e9e de m\u00e9decine. Quand ils ont appris l\u2019existence de ces tags, ils ont \u00e9t\u00e9 particuli\u00e8rement bless\u00e9s\u00bb, confie-t-il au Figaro. Et d\u2019ajouter\u00a0: \u00abM\u00eame s\u2019ils ne sont pas juifs, ils n\u2019en dorment pas de la nuit\u00bb.<\/p>\n<p>                                    <a class=\"fig-a11y-skip a11y-hidden\" href=\"#fig-a11y-skip-main-inarticle\"><br \/>\n        Passer la publicit\u00e9<br \/>\n    <\/a><\/p>\n<p>\u00abIls pourraient s\u2019en prendre physiquement \u00e0 mon fils\u00bb<\/p>\n<p class=\"fig-paragraph\">Une plainte a \u00e9t\u00e9 d\u00e9pos\u00e9e dans la foul\u00e9e et des investigations de la Direction interd\u00e9partementale de la police nationale (DIPN)<a href=\"http:\/\/www.lefigaro.fr\/lyon\/juifs-en-colere-un-millier-de-personnes-defilent-contre-l-antisemitisme-a-lyon-20240626\" data-fig-type=\"NewsFlash\" data-gtm-custom-categorie=\"navigation\" data-gtm-custom-action=\"crossclick\" data-gtm-custom-label=\"Contextuel\" data-gtm-event=\"customEventSPE\" data-fig-domain=\"LEFIGARO\" rel=\"nofollow noopener\" target=\"_blank\">\u00a0sont en cours pour retrouver les auteurs de ces tags<\/a>. De son c\u00f4t\u00e9, Gerald Avakian se dit aujourd\u2019hui inquiet\u00a0: \u00abL\u00e0, ce n\u2019est \u00abque du mobilier\u00bb mais en tant que papa je me dis que, demain, ces personnes pourraient s\u2019en prendre physiquement \u00e0 mon fils\u00bb. Une fois les constatations polici\u00e8res faites, les inscriptions ont \u00e9t\u00e9 nettoy\u00e9es.<\/p>\n<p class=\"fig-paragraph\">Le 26 ao\u00fbt dernier, une enqu\u00eate a \u00e9t\u00e9 ouverte \u00e0 Lyon pour \u00abviolences aggrav\u00e9es sur mineur \u00e0 raison de l\u2019appartenance \u00e0 une religion\u00bb,\u00a0<a href=\"http:\/\/www.lefigaro.fr\/lyon\/lyon-enquete-ouverte-apres-l-agression-antisemite-d-un-adolescent-de-14-ans-devant-une-synagogue-20250826\" data-fig-type=\"NewsFlash\" data-gtm-custom-categorie=\"navigation\" data-gtm-custom-action=\"crossclick\" data-gtm-custom-label=\"Contextuel\" data-gtm-event=\"customEventSPE\" data-fig-domain=\"LEFIGARO\" rel=\"nofollow noopener\" target=\"_blank\">apr\u00e8s la plainte du p\u00e8re d\u2019un adolescent juif<\/a>\u00a0agress\u00e9 \u00e0 la sortie d\u2019une synagogue.<\/p>\n","protected":false},"excerpt":{"rendered":"Le panneau de l\u2019Acad\u00e9mie 2A a \u00e9t\u00e9 d\u00e9grad\u00e9 dans la nuit de dimanche \u00e0 lundi. Des croix de&hellip;\n","protected":false},"author":2,"featured_media":399739,"comment_status":"","ping_status":"","sticky":false,"template":"","format":"standard","meta":{"footnotes":""},"categories":[1889],"tags":[1111,11,6155,2430,1777,674,1011,27,2428,12,25],"class_list":{"0":"post-399738","1":"post","2":"type-post","3":"status-publish","4":"format-standard","5":"has-post-thumbnail","7":"category-lyon","8":"tag-actu","9":"tag-actualites","10":"tag-antisemitisme","11":"tag-auvergne-rhone-alpes","12":"tag-eu","13":"tag-europe","14":"tag-fr","15":"tag-france","16":"tag-lyon","17":"tag-news","18":"tag-republique-francaise"},"share_on_mastodon":{"url":"https:\/\/pubeurope.com\/@fr\/115224894761531983","error":""},"_links":{"self":[{"href":"https:\/\/www.europesays.com\/fr\/wp-json\/wp\/v2\/posts\/399738","targetHints":{"allow":["GET"]}}],"collection":[{"href":"https:\/\/www.europesays.com\/fr\/wp-json\/wp\/v2\/posts"}],"about":[{"href":"https:\/\/www.europesays.com\/fr\/wp-json\/wp\/v2\/types\/post"}],"author":[{"embeddable":true,"href":"https:\/\/www.europesays.com\/fr\/wp-json\/wp\/v2\/users\/2"}],"replies":[{"embeddable":true,"href":"https:\/\/www.europesays.com\/fr\/wp-json\/wp\/v2\/comments?post=399738"}],"version-history":[{"count":0,"href":"https:\/\/www.europesays.com\/fr\/wp-json\/wp\/v2\/posts\/399738\/revisions"}],"wp:featuredmedia":[{"embeddable":true,"href":"https:\/\/www.europesays.com\/fr\/wp-json\/wp\/v2\/media\/399739"}],"wp:attachment":[{"href":"https:\/\/www.europesays.com\/fr\/wp-json\/wp\/v2\/media?parent=399738"}],"wp:term":[{"taxonomy":"category","embeddable":true,"href":"https:\/\/www.europesays.com\/fr\/wp-json\/wp\/v2\/categories?post=399738"},{"taxonomy":"post_tag","embeddable":true,"href":"https:\/\/www.europesays.com\/fr\/wp-json\/wp\/v2\/tags?post=399738"}],"curies":[{"name":"wp","href":"https:\/\/api.w.org\/{rel}","templated":true}]}}