{"id":399742,"date":"2025-09-18T10:46:09","date_gmt":"2025-09-18T10:46:09","guid":{"rendered":"https:\/\/www.europesays.com\/fr\/399742\/"},"modified":"2025-09-18T10:46:09","modified_gmt":"2025-09-18T10:46:09","slug":"meurtre-sauvage-en-pleine-rue-des-retraites-expulses-de-chez-eux-linfo-en-ile-de-france","status":"publish","type":"post","link":"https:\/\/www.europesays.com\/fr\/399742\/","title":{"rendered":"Meurtre sauvage en pleine rue, des retrait\u00e9s expuls\u00e9s de chez eux&#8230; l&rsquo;info en Ile-de-France"},"content":{"rendered":"<p>            Par<br \/>\n        <strong><br \/>\n            <a href=\"https:\/\/actu.fr\/auteur\/jerome-lemonnier\" title=\"Consulter tous les articles de J\u00e9r\u00f4me Lemonnier\" rel=\"nofollow noopener\" target=\"_blank\">J\u00e9r\u00f4me Lemonnier<\/a><br \/>\n        <\/strong><\/p>\n<p>        Publi\u00e9 le<\/p>\n<p>            18 sept. 2025 \u00e0 12h36        <\/p>\n<p>La vid\u00e9o \u00e9tait d\u2019une violence difficilement supportable. Elle montrait deux silhouettes s\u2019acharner sur une personne \u00e0 terre, la lardant de coups de couteau. Appel\u00e9s par des riverains, les\u00a0<a href=\"https:\/\/actu.fr\/tag\/police\" rel=\"nofollow noopener\" target=\"_blank\">policiers<\/a>\u00a0n\u2019ont rien pu faire. La victime, quadrag\u00e9naire, n\u2019a pas surv\u00e9cu \u00e0 ses blessures.<\/p>\n<p class=\" wall-content\">Auto S\u00e9curit\u00e9, Espace Vidange, Nouvel\u2019R, A toute vapeur. En une seule nuit, ces\u00a0<b>quatre enseignes<\/b>\u00a0de\u00a0<a href=\"https:\/\/actu.fr\/ile-de-france\/dammarie-les-lys_77152\" rel=\"nofollow noopener\" target=\"_blank\">Dammarie-l\u00e8s-Lys<\/a>, en\u00a0<a href=\"https:\/\/actu.fr\/la-republique-de-seine-et-marne\/\" rel=\"nofollow noopener\" target=\"_blank\">Seine-et-Marne<\/a>, ont \u00e9t\u00e9 cibl\u00e9es par\u00a0<b>un cambrioleur en s\u00e9rie<\/b>. La circonscription de Melun Val de Seine vient d\u2019\u00e9lucider l\u2019affaire, gr\u00e2ce \u00e0 une tache de sang rep\u00e9r\u00e9e sur les lieux des faits. Tr\u00e8s vite, les soup\u00e7ons s\u2019orientaient vers un individu bien connu des services de police pour des faits similaires.<\/p>\n<p class=\" wall-content\">Cette nouvelle va en ravir plus d\u2019un. L\u2019enseigne danoise Normal va ouvrir sa premi\u00e8re\u00a0<b>boutique<\/b>\u00a0\u00e0\u00a0<a href=\"https:\/\/actu.fr\/ile-de-france\/saint-germain-en-laye_78551\" rel=\"nofollow noopener\" target=\"_blank\">Saint-Germain-en-Laye<\/a>\u00a0(Yvelines), au Passage Saint-Germain, le mercredi 24\u00a0septembre 2025.<\/p>\n<p class=\" wall-content\">Le temps passe et l\u2019angoisse monte. \u00c0\u00a0<a href=\"https:\/\/actu.fr\/ile-de-france\/gargenville_78267\" rel=\"nofollow noopener\" target=\"_blank\">Gargenville<\/a>\u00a0(Yvelines), Jocelyne et Rabah Azouaoui, 68 et 79\u00a0ans, seront expuls\u00e9s de leur logement\u00a0<b>\u00e0 compter du 1er\u00a0octobre 2025<\/b>\u00a0\u00ab\u2009avec le concours de la force publique\u2009\u00bb s\u2019ils n\u2019ont pas quitt\u00e9 les lieux d\u2019ici l\u00e0<\/p>\n<p>Les informations \u00e0 retenir ce jeudi 18 septembre 2025, \u00e0 midi, en \u00cele-de-France<\/p>\n<p class=\"expresso-item wall-content\"><strong>Yvelines. <\/strong><a title=\"Lire l&#039;article\" href=\"https:\/\/actu.fr\/ile-de-france\/saint-germain-en-laye_78551\/un-nouveau-magasin-normal-va-ouvrir-dans-cette-ville-chic-des-yvelines_63175274.html\" rel=\"nofollow noopener\" target=\"_blank\"><strong>Un nouveau magasin Normal va ouvrir dans cette ville chic<\/strong><\/a><br \/>L\u2019enseigne de discount Normal va ouvrir une nouvelle boutique le mercredi 24\u00a0septembre 2025 \u00e0 Saint-Germain-en-Laye. C\u2019est la cinqui\u00e8me implantation du groupe dans les Yvelines.<\/p>\n<p class=\"expresso-item wall-content\"><strong>Yvelines. <\/strong><a title=\"Lire l&#039;article\" href=\"https:\/\/actu.fr\/ile-de-france\/gargenville_78267\/on-a-peur-detre-a-la-rue-dans-les-yvelines-ces-retraites-ont-15-jours-pour-rebondir-avant-lexpulsion_63175459.html\" rel=\"nofollow noopener\" target=\"_blank\"><strong>\u00ab On a peur d\u2019\u00eatre \u00e0 la rue \u00bb : ces retrait\u00e9s ont 15 jours pour rebondir avant l\u2019expulsion<\/strong><\/a><br \/>\u00c0 Gargenville (Yvelines), un couple de locataires sera expuls\u00e9 de son logement le 1er\u00a0octobre 2025. Ils esp\u00e8rent b\u00e9n\u00e9ficier d\u2019une solution de relogement \u00e0 leur convenance d\u2019ici l\u00e0.<\/p>\n<p class=\"expresso-item wall-content\"><strong>Seine-et-Marne. <\/strong><a title=\"Lire l&#039;article\" href=\"https:\/\/actu.fr\/ile-de-france\/dammarie-les-lys_77152\/seine-et-marne-trahi-par-des-taches-de-sang-le-serial-cambrioleur-etait-accro-a-la-cocaine_63179173.html\" rel=\"nofollow noopener\" target=\"_blank\"><strong>Trahi par des taches de sang, le serial cambrioleur \u00e9tait accro \u00e0 la coca\u00efne<\/strong><\/a><br \/>Le cambrioleur coca\u00efnomane qui ciblait les commerces de Dammarie-l\u00e8s-Lys a \u00e9t\u00e9 trahi par des tra\u00een\u00e9es de sang. Il a \u00e9t\u00e9 condamn\u00e9.<\/p>\n<p class=\"expresso-item wall-content\"><strong>Val-de-Marne. <\/strong><a title=\"Lire l&#039;article\" href=\"https:\/\/actu.fr\/ile-de-france\/fontenay-sous-bois_94033\/meurtre-sauvage-en-pleine-rue-a-fontenay-sous-bois-un-homme-mis-en-examen-et-place-en-detention-provisoire_63178275.html\" rel=\"nofollow noopener\" target=\"_blank\"><strong>Meurtre sauvage en pleine rue \u00e0 Fontenay-sous-Bois : un homme mis en examen et plac\u00e9 en d\u00e9tention provisoire<\/strong><\/a><br \/>Une premi\u00e8re interpellation a eu lieu apr\u00e8s le crime survenu dans la nuit du 14 au 15 septembre 2025 \u00e0 Fontenay-sous-Bois.<\/p>\n<p>Suivez-nous pour en savoir plus\u2009!<\/p>\n<p class=\" wall-content wall-content wall-content wall-content wall-content wall-content wall-content\">Vous voulez plus d\u2019infos sur l\u2019\u00cele-de-France\u2009? Vous pouvez nous retrouver sur actu \u00cele-de-France. Pour nous suivre sur les r\u00e9seaux sociaux, dans vos d\u00e9partements\u2009:<\/p>\n<p class=\" wall-content wall-content wall-content wall-content wall-content wall-content wall-content\"><strong>Paris<\/strong>\u2009: retrouvez\u00a0actu\u00a0Paris\u00a0sur\u00a0<a href=\"https:\/\/www.facebook.com\/actufr.paris\/\" rel=\"nofollow noopener\" target=\"_blank\">Facebook<\/a>\u00a0et\u00a0<a href=\"https:\/\/twitter.com\/actufrparis\" rel=\"nofollow noopener\" target=\"_blank\">Twitter<\/a>\u2009;<br \/><strong>Seine-et-Marne<\/strong>\u2009: retrouvez\u00a0La R\u00e9publique de Seine-et-Marne\u00a0(sud) sur\u00a0<a href=\"https:\/\/www.facebook.com\/RepubliqueSeineMarne\/\" rel=\"nofollow noopener\" target=\"_blank\">Facebook<\/a>\u00a0et\u00a0<a href=\"https:\/\/twitter.com\/LaRep77\" rel=\"nofollow noopener\" target=\"_blank\">Twitter<\/a>\u2009;\u00a0La Marne\u00a0(nord) sur\u00a0<a href=\"https:\/\/www.facebook.com\/journallarmarne\/?__tn__=%2Cd%2CP-R&amp;eid=ARDLZc91LaHbXzDwChLLLQJVMBLx_ABJremTC2-RG0CYvg0f4f8CLvbV5G1Lli4g_6QoXDcKkU1_LX1W\" rel=\"nofollow noopener\" target=\"_blank\">Facebook<\/a>\u00a0et\u00a0<a href=\"https:\/\/twitter.com\/JournalLaMarne\" rel=\"nofollow noopener\" target=\"_blank\">Twitter<\/a>\u2009; et\u00a0Le Pays Briard\u00a0sur\u00a0<a href=\"https:\/\/www.facebook.com\/LePaysBriard\/?ref=bookmarks\" rel=\"nofollow noopener\" target=\"_blank\">Facebook<\/a>\u00a0et\u00a0<a href=\"https:\/\/twitter.com\/LePaysBriard\" rel=\"nofollow noopener\" target=\"_blank\">Twitter<\/a>\u2009;<br \/><strong>Yvelines\u2009:<\/strong>\u00a0retrouvez\u00a078actu\u00a0sur\u00a0<a href=\"https:\/\/www.facebook.com\/78actu\/\" rel=\"nofollow noopener\" target=\"_blank\">Facebook<\/a>\u00a0et\u00a0<a href=\"https:\/\/x.com\/78actu\" rel=\"nofollow\">Twitter<\/a>\u2009;<br \/><strong>Essonne\u2009:<\/strong>\u00a0retrouvez\u00a0actu Essonne\u00a0sur\u00a0<a href=\"https:\/\/www.facebook.com\/actuessonne\/?ref=br_rs\" rel=\"nofollow noopener\" target=\"_blank\">Facebook<\/a>\u00a0et\u00a0<a href=\"https:\/\/twitter.com\/ActuEssonne\" rel=\"nofollow noopener\" target=\"_blank\">Twitter<\/a>\u2009;<br \/><strong>Hauts-de-Seine\u2009:<\/strong>\u00a0retrouvez\u00a0actu\u00a0Hauts-de-Seine\u00a0sur\u00a0<a href=\"https:\/\/www.facebook.com\/actufr.hautsdeseine\/\" rel=\"nofollow noopener\" target=\"_blank\">Facebook<\/a>\u00a0et\u00a0<a href=\"https:\/\/twitter.com\/actufr92\" rel=\"nofollow noopener\" target=\"_blank\">Twitter<\/a>\u2009;<br \/><strong>Seine-Saint-Denis\u2009:<\/strong>\u00a0retrouvez actu Seine-Saint-Denis sur\u00a0<a href=\"https:\/\/www.facebook.com\/actufr.seinesaintdenis\/\" rel=\"nofollow noopener\" target=\"_blank\">Facebook<\/a>\u00a0et\u00a0<a href=\"https:\/\/x.com\/Actufr93\" rel=\"nofollow\">Twitter<\/a>\u2009;<br \/><strong>Val-de-Marne\u2009:\u00a0<\/strong>retrouvez actu Val-de-Marne sur\u00a0<a href=\"https:\/\/www.facebook.com\/actu94.valdemarne\/\" rel=\"nofollow noopener\" target=\"_blank\">Facebook<\/a>\u00a0et\u00a0<a href=\"https:\/\/x.com\/actufr94\" rel=\"nofollow\">Twitter<\/a>\u2009;<br \/><strong>Val-d\u2019Oise\u2009:\u00a0<\/strong>retrouvez La Gazette du Val-d\u2019Oise sur\u00a0<a href=\"https:\/\/x.com\/actufr94\" rel=\"nofollow\">Twitter<\/a><\/p>\n<p class=\" wall-content\">Personnalisez votre actualit\u00e9 en ajoutant vos villes et m\u00e9dias en favori avec <a href=\"https:\/\/moncompte.actu.fr\" title=\"D\u00e9couvez Mon Actu\" rel=\"nofollow noopener\" data-trk=\"{&quot;cta&quot;:{&quot;action&quot;:&quot;https:\\\/\\\/moncompte.actu.fr&quot;,&quot;category&quot;:&quot;mon compte&quot;,&quot;from&quot;:&quot;article footer&quot;,&quot;name&quot;:&quot;Mon actu&quot;,&quot;type&quot;:&quot;cta&quot;}}\" target=\"_blank\">Mon Actu<\/a>.<\/p>\n<p>                    <script async src=\"https:\/\/platform.twitter.com\/widgets.js\" charset=\"utf-8\"><\/script><\/p>\n","protected":false},"excerpt":{"rendered":"Par J\u00e9r\u00f4me Lemonnier Publi\u00e9 le 18 sept. 2025 \u00e0 12h36 La vid\u00e9o \u00e9tait d\u2019une violence difficilement supportable. Elle&hellip;\n","protected":false},"author":2,"featured_media":399743,"comment_status":"","ping_status":"","sticky":false,"template":"","format":"standard","meta":{"footnotes":""},"categories":[1592],"tags":[1111,11,1777,674,1011,27,3381,662,12,626,1072,25,104],"class_list":{"0":"post-399742","1":"post","2":"type-post","3":"status-publish","4":"format-standard","5":"has-post-thumbnail","7":"category-ile-de-france","8":"tag-actu","9":"tag-actualites","10":"tag-eu","11":"tag-europe","12":"tag-fr","13":"tag-france","14":"tag-gendarmerie","15":"tag-ile-de-france","16":"tag-news","17":"tag-paris","18":"tag-police","19":"tag-republique-francaise","20":"tag-societe"},"share_on_mastodon":{"url":"https:\/\/pubeurope.com\/@fr\/115224902651504284","error":""},"_links":{"self":[{"href":"https:\/\/www.europesays.com\/fr\/wp-json\/wp\/v2\/posts\/399742","targetHints":{"allow":["GET"]}}],"collection":[{"href":"https:\/\/www.europesays.com\/fr\/wp-json\/wp\/v2\/posts"}],"about":[{"href":"https:\/\/www.europesays.com\/fr\/wp-json\/wp\/v2\/types\/post"}],"author":[{"embeddable":true,"href":"https:\/\/www.europesays.com\/fr\/wp-json\/wp\/v2\/users\/2"}],"replies":[{"embeddable":true,"href":"https:\/\/www.europesays.com\/fr\/wp-json\/wp\/v2\/comments?post=399742"}],"version-history":[{"count":0,"href":"https:\/\/www.europesays.com\/fr\/wp-json\/wp\/v2\/posts\/399742\/revisions"}],"wp:featuredmedia":[{"embeddable":true,"href":"https:\/\/www.europesays.com\/fr\/wp-json\/wp\/v2\/media\/399743"}],"wp:attachment":[{"href":"https:\/\/www.europesays.com\/fr\/wp-json\/wp\/v2\/media?parent=399742"}],"wp:term":[{"taxonomy":"category","embeddable":true,"href":"https:\/\/www.europesays.com\/fr\/wp-json\/wp\/v2\/categories?post=399742"},{"taxonomy":"post_tag","embeddable":true,"href":"https:\/\/www.europesays.com\/fr\/wp-json\/wp\/v2\/tags?post=399742"}],"curies":[{"name":"wp","href":"https:\/\/api.w.org\/{rel}","templated":true}]}}