{"id":399748,"date":"2025-09-18T10:49:10","date_gmt":"2025-09-18T10:49:10","guid":{"rendered":"https:\/\/www.europesays.com\/fr\/399748\/"},"modified":"2025-09-18T10:49:10","modified_gmt":"2025-09-18T10:49:10","slug":"orientation-le-salon-des-premieres-et-terminales-de-paris-le-rendez-vous-incontournable-pour-preparer-son-avenir","status":"publish","type":"post","link":"https:\/\/www.europesays.com\/fr\/399748\/","title":{"rendered":"Orientation : le salon des Premi\u00e8res et Terminales de Paris, le rendez-vous incontournable pour pr\u00e9parer son avenir"},"content":{"rendered":"<p class=\"paragraph lpe text_align_left lp-f-body-02\">Contenu propos\u00e9 par STUDYRAMA<\/p>\n<p class=\"paragraph lpe text_align_left lp-f-body-02\">L\u2019\u00e9quipe \u00e9ditoriale du Parisien \/ Aujourd\u2019hui en France n\u2019a pas particip\u00e9 \u00e0 sa r\u00e9daction.<\/p>\n<p class=\"paragraph lpe text_align_left lp-f-body-02\">L\u2019orientation post-bac peut \u00eatre un vrai casse-t\u00eate pour les \u00e9l\u00e8ves de Premi\u00e8re et de Terminale et leurs parents. Entre les r\u00eaves des uns, les attentes des autres et la complexit\u00e9 d\u2019un syst\u00e8me souvent per\u00e7u comme opaque, les lyc\u00e9ens ont bien du mal \u00e0 l\u2019aborder sereinement. <\/p>\n<p class=\"paragraph lpe text_align_left lp-f-body-02\">Les chiffres sont \u00e9loquents : 47% des jeunes d\u00e9clarent ne pas avoir eu acc\u00e8s \u00e0 toutes les informations n\u00e9cessaires au coll\u00e8ge et au lyc\u00e9e et 91% estiment avoir manqu\u00e9 d\u2019au moins un \u00e9l\u00e9ment lors du choix de leurs \u00e9tudes (retours d\u2019exp\u00e9rience, vision globale, tests)*. <\/p>\n<p class=\"paragraph lpe text_align_left lp-f-body-02\">Face \u00e0 ce constat, les salons de l\u2019orientation offrent une bouff\u00e9e d\u2019air et un cadre concret pour construire plus sereinement son projet. <\/p>\n<p>S\u2019informer d\u00e8s le mois de septembre, un antidote \u00e0 l\u2019angoisse de l\u2019orientation<\/p>\n<p class=\"paragraph lpe text_align_left lp-f-body-02\">56 % des \u00e9tudiants regrettent leur orientation faute d\u2019avoir suffisamment r\u00e9fl\u00e9chi en amont**. Y penser t\u00f4t est donc sans doute la meilleure mani\u00e8re de ne pas se tromper. Et pas question de rester seul devant son \u00e9cran, le foisonnement de l\u2019information disponible en ligne a de quoi effrayer adultes et adolescents ! <\/p>\n<p class=\"paragraph lpe text_align_left lp-f-body-02\">L\u2019\u00cele-de-France, qui compte 686 000 \u00e9tudiants (soit une augmentation de pr\u00e8s de 20% en 10 ans), accueille d\u00e8s le 27 septembre un \u00e9v\u00e9nement incontournable pour faire le tri parmi les 10 600 formations post-bac propos\u00e9es dans la r\u00e9gion. Au Salon Studyrama des Premi\u00e8res et Terminales de Paris seront r\u00e9unis 800 \u00e9tablissements qui viendront pr\u00e9senter leurs cursus : BTS, grandes \u00e9coles, IUT, pr\u00e9pas, \u00e9coles sp\u00e9cialis\u00e9es et universit\u00e9s franciliennes, dont 14 r\u00e9unies dans le Village Universit\u00e9s.<\/p>\n<p>Bien choisir ses sp\u00e9cialit\u00e9s, clarifier ses envies et se motiver<\/p>\n<p class=\"paragraph lpe text_align_left lp-f-body-02\">L\u2019ann\u00e9e de Premi\u00e8re est marqu\u00e9e par le choix des sp\u00e9cialit\u00e9s qui conditionnent la suite du parcours. En d\u00e9but d\u2019ann\u00e9e scolaire, il est encore temps d\u2019y r\u00e9fl\u00e9chir et de m\u00fbrir son projet. Pour prendre les bonnes d\u00e9cisions, rien ne vaut un \u00e9change de vive voix avec les professionnels, les professeurs et les \u00e9tudiants qui seront pr\u00e9sents pour r\u00e9pondre aux lyc\u00e9ens, mettre en avant des fili\u00e8res qui manquent parfois de visibilit\u00e9 et donner des conseils personnalis\u00e9s. <\/p>\n<p><img decoding=\"async\" class=\"image \" loading=\"lazy\" src=\"https:\/\/www.europesays.com\/fr\/wp-content\/uploads\/2025\/09\/O6WDLGVDJZBKNPJSDCFRGC27AY.jpg\" alt=\"\" align=\"\" data-rubrique-principale=\"\" data-article-type=\"\" fetchpriority=\"auto\"\/><\/p>\n<p class=\"paragraph lpe text_align_left lp-f-body-02\">Au fil de la journ\u00e9e, 18 conf\u00e9rences anim\u00e9es par des experts permettront d\u2019affiner le choix de sp\u00e9cialit\u00e9s, de d\u00e9mythifier ParcourSup, de se poser les bonnes questions pour choisir par exemple, entre une licence de Biologie et une classe pr\u00e9paratoire scientifique. <\/p>\n<p>Le 27 septembre : 1 date, 3 salons <\/p>\n<p class=\"paragraph lpe text_align_left lp-f-body-02\">Un \u00e9v\u00e9nement qui ne n\u00e9glige pas les familles : un espace sera d\u00e9di\u00e9 aux parents en recherche de solutions pour leurs enfants du coll\u00e8ge au lyc\u00e9e, qu\u2019ils s\u2019interrogent sur l\u2019orientation ou le coaching, le soutien scolaire physique ou \u00e0 distance, les s\u00e9jours linguistiques, les cours de langues, l\u2019arm\u00e9e, etc. Sans oublier le m\u00eame jour, le tout premier Salon des \u00e9tudes m\u00e9dicales, pr\u00e9cieux pour celles et ceux qui envisagent une carri\u00e8re de m\u00e9decin, infirmier, sage-femme ou kin\u00e9 mais ont du mal \u00e0 y voir clair entre les cursus PASS et L.AS.<\/p>\n<p class=\"paragraph lpe text_align_left lp-f-body-02\">Ne comptez pas sur la chance pour votre orientation ! Inscrivez-vous d\u00e8s maintenant au Salon Studyrama des Premi\u00e8res et Terminales de Paris pour construire un projet d\u2019\u00e9tudes solide. <\/p>\n<p class=\"paragraph lpe text_align_left lp-f-body-02\"><a href=\"https:\/\/www.studyrama.com\/salons\/salon-studyrama-des-1eres-et-terminales-paris-42?gad_source=1\" target=\"_blank\" rel=\"nofollow noopener\">L\u2019acc\u00e8s est libre et gratuit sur inscription<\/a> <\/p>\n<p class=\"paragraph lpe text_align_left lp-f-body-02\">* OpinionWay pour Edumapper, Les jeunes et l\u2019orientation scolaire et professionnelle, 2025<\/p>\n<p class=\"paragraph lpe text_align_left lp-f-body-02\">Cr\u00e9dit photos : Studyrama<\/p>\n","protected":false},"excerpt":{"rendered":"Contenu propos\u00e9 par STUDYRAMA L\u2019\u00e9quipe \u00e9ditoriale du Parisien \/ Aujourd\u2019hui en France n\u2019a pas particip\u00e9 \u00e0 sa r\u00e9daction.&hellip;\n","protected":false},"author":2,"featured_media":399749,"comment_status":"","ping_status":"","sticky":false,"template":"","format":"standard","meta":{"footnotes":""},"categories":[1888],"tags":[11,1283,1777,674,1011,27,2684,12,626,25],"class_list":{"0":"post-399748","1":"post","2":"type-post","3":"status-publish","4":"format-standard","5":"has-post-thumbnail","7":"category-paris","8":"tag-actualites","9":"tag-etudes","10":"tag-eu","11":"tag-europe","12":"tag-fr","13":"tag-france","14":"tag-le-parisien-etudiant","15":"tag-news","16":"tag-paris","17":"tag-republique-francaise"},"share_on_mastodon":{"url":"https:\/\/pubeurope.com\/@fr\/115224914800348002","error":""},"_links":{"self":[{"href":"https:\/\/www.europesays.com\/fr\/wp-json\/wp\/v2\/posts\/399748","targetHints":{"allow":["GET"]}}],"collection":[{"href":"https:\/\/www.europesays.com\/fr\/wp-json\/wp\/v2\/posts"}],"about":[{"href":"https:\/\/www.europesays.com\/fr\/wp-json\/wp\/v2\/types\/post"}],"author":[{"embeddable":true,"href":"https:\/\/www.europesays.com\/fr\/wp-json\/wp\/v2\/users\/2"}],"replies":[{"embeddable":true,"href":"https:\/\/www.europesays.com\/fr\/wp-json\/wp\/v2\/comments?post=399748"}],"version-history":[{"count":0,"href":"https:\/\/www.europesays.com\/fr\/wp-json\/wp\/v2\/posts\/399748\/revisions"}],"wp:featuredmedia":[{"embeddable":true,"href":"https:\/\/www.europesays.com\/fr\/wp-json\/wp\/v2\/media\/399749"}],"wp:attachment":[{"href":"https:\/\/www.europesays.com\/fr\/wp-json\/wp\/v2\/media?parent=399748"}],"wp:term":[{"taxonomy":"category","embeddable":true,"href":"https:\/\/www.europesays.com\/fr\/wp-json\/wp\/v2\/categories?post=399748"},{"taxonomy":"post_tag","embeddable":true,"href":"https:\/\/www.europesays.com\/fr\/wp-json\/wp\/v2\/tags?post=399748"}],"curies":[{"name":"wp","href":"https:\/\/api.w.org\/{rel}","templated":true}]}}