{"id":399760,"date":"2025-09-18T10:55:12","date_gmt":"2025-09-18T10:55:12","guid":{"rendered":"https:\/\/www.europesays.com\/fr\/399760\/"},"modified":"2025-09-18T10:55:12","modified_gmt":"2025-09-18T10:55:12","slug":"allemagne-la-bundesbank-attend-une-legere-croissance-au-3e-trimestre-18-09-2025-a-1222","status":"publish","type":"post","link":"https:\/\/www.europesays.com\/fr\/399760\/","title":{"rendered":"Allemagne: la Bundesbank attend une l\u00e9g\u00e8re croissance au 3e trimestre &#8211; 18\/09\/2025 \u00e0 12:22"},"content":{"rendered":"<p>        <img fetchpriority=\"high\" decoding=\"async\" src=\"https:\/\/www.europesays.com\/fr\/wp-content\/uploads\/2025\/09\/8bf154eb6d72b4d6e50899c9da8d3c56-760x527.jpg\" alt=\"( AFP \/ ANDRE PAIN )\" loading=\"eager\" width=\"760\" height=\"527\" style=\"max-width: 100%!important; height: auto;\"\/><\/p>\n<p class=\"c-image-news__legend\">( AFP \/ ANDRE PAIN )<\/p>\n<p>\n Le PIB allemand pourrait conna\u00eetre une l\u00e9g\u00e8re croissance au troisi\u00e8me trimestre, une bouff\u00e9e d&rsquo;oxyg\u00e8ne au moment o\u00f9 le gouvernement de Friedrich Merz lance l'\u00a0\u00bbautomne des r\u00e9formes\u00a0\u00bb pour relancer l&rsquo;activit\u00e9, a indiqu\u00e9 jeudi la Banque f\u00e9d\u00e9rale d&rsquo;Allemagne.\n<\/p>\n<p>\n Le produit int\u00e9rieur brut (PIB) de la premi\u00e8re \u00e9conome europ\u00e9enne \u00ab\u00a0pourrait l\u00e9g\u00e8rement progresser au troisi\u00e8me trimestre 2025\u00a0\u00bb, apr\u00e8s un recul de 0,3% lors du deuxi\u00e8me trimestre, \u00e9crit la Bundesbank dans son bulletin mensuel.\n<\/p>\n<p>\n L&rsquo;Allemagne \u00ab\u00a0se montre relativement robuste dans un contexte difficile\u00a0\u00bb, juge l&rsquo;institution francfortoise. Ce l\u00e9ger rebond d&rsquo;\u00e9t\u00e9 emp\u00eacherait le pays de tomber en r\u00e9cession technique, lorsque l&rsquo;activit\u00e9 \u00e9conomique recule pendant deux trimestres d&rsquo;affil\u00e9e.\n<\/p>\n<p>\n L&#8217;embellie concerne en particulier l&rsquo;industrie, durablement frapp\u00e9e par les prix \u00e9lev\u00e9s de l&rsquo;\u00e9nergie et par la concurrence notamment chinoise, qui doit d\u00e9sormais g\u00e9rer les droits de douane suppl\u00e9mentaires am\u00e9ricains.\n<\/p>\n<p>\n Malgr\u00e9 tout, l&rsquo;industrie allemande avec l&rsquo;automobile et la machine-outil comme fers de lance \u00ab\u00a0reste robuste et pourrait soutenir la croissance au 3\u1d49 trimestre\u00a0\u00bb, affirme la \u00ab\u00a0Buba\u00a0\u00bb.\n<\/p>\n<p>\n Dans le b\u00e2timent en pleine d\u00e9prime, une reprise \u00ab\u00a0se fait toujours attendre\u00a0\u00bb et la consommation priv\u00e9e \u00ab\u00a0devrait progresser l\u00e9g\u00e8rement tout au plus\u00a0\u00bb tandis que le nombre de ch\u00f4meurs a d\u00e9pass\u00e9 en donn\u00e9es brutes la barre des 3 millions en ao\u00fbt, cr\u00e9ant un \u00e9lectrochoc dans la population.\n<\/p>\n<p>\n D\u00e9fendant mercredi le budget de l&rsquo;ann\u00e9e 2025 au Bundestag (chambre basse du Parlement), adopt\u00e9 en retard pour causes d&rsquo;\u00e9lections au printemps, le chancelier conservateur Friedrich Merz a d\u00e9crit un \u00ab\u00a0mod\u00e8le \u00e9conomique (allemand) sous pression\u00a0\u00bb et lanc\u00e9 \u00ab\u00a0l&rsquo;automne des r\u00e9formes\u00a0\u00bb, mettant l&rsquo;accent sur un \u00c9tat social plus juste et moins co\u00fbteux.\n<\/p>\n<p>\n Le budget pr\u00e9voit en outre des investissements publics pour les infrastructures et la d\u00e9fense, de m\u00eame que des all\u00e8gements fiscaux pour les entreprises, pr\u00e9sent\u00e9s comme les plus importants depuis 15 ans.\n<\/p>\n<p>\n Plusieurs instituts allemands ont n\u00e9anmoins abaiss\u00e9 d\u00e9but septembre leurs pr\u00e9visions de croissance pour 2025 : le PIB allemand devrait progresser de 0,1 \u00e0 0,2\u202f%, contre 0,3\u202f% envisag\u00e9 cet \u00e9t\u00e9, apr\u00e8s avoir recul\u00e9 durant les ann\u00e9es 2023 (-0,7%) et 2024 (-0,5%).<\/p>\n","protected":false},"excerpt":{"rendered":"( AFP \/ ANDRE PAIN ) Le PIB allemand pourrait conna\u00eetre une l\u00e9g\u00e8re croissance au troisi\u00e8me trimestre, une&hellip;\n","protected":false},"author":2,"featured_media":399761,"comment_status":"","ping_status":"","sticky":false,"template":"","format":"standard","meta":{"footnotes":""},"categories":[1587],"tags":[400,11,672,398,408,1804,405,1805,1803,1777,674,1801,403,402,399,404,12,1802,401,406,407],"class_list":{"0":"post-399760","1":"post","2":"type-post","3":"status-publish","4":"format-standard","5":"has-post-thumbnail","7":"category-allemagne","8":"tag-action-cac-40","9":"tag-actualites","10":"tag-allemagne","11":"tag-bourse-de-paris","12":"tag-boursorama","13":"tag-bundesrepublik-deutschland","14":"tag-cotations","15":"tag-de","16":"tag-deutschland","17":"tag-eu","18":"tag-europe","19":"tag-germany","20":"tag-indices-devises","21":"tag-investir","22":"tag-investissement","23":"tag-marche-boursier","24":"tag-news","25":"tag-republique-federale-dallemagne","26":"tag-sicav","27":"tag-trackers","28":"tag-warrants"},"share_on_mastodon":{"url":"https:\/\/pubeurope.com\/@fr\/115224938039531882","error":""},"_links":{"self":[{"href":"https:\/\/www.europesays.com\/fr\/wp-json\/wp\/v2\/posts\/399760","targetHints":{"allow":["GET"]}}],"collection":[{"href":"https:\/\/www.europesays.com\/fr\/wp-json\/wp\/v2\/posts"}],"about":[{"href":"https:\/\/www.europesays.com\/fr\/wp-json\/wp\/v2\/types\/post"}],"author":[{"embeddable":true,"href":"https:\/\/www.europesays.com\/fr\/wp-json\/wp\/v2\/users\/2"}],"replies":[{"embeddable":true,"href":"https:\/\/www.europesays.com\/fr\/wp-json\/wp\/v2\/comments?post=399760"}],"version-history":[{"count":0,"href":"https:\/\/www.europesays.com\/fr\/wp-json\/wp\/v2\/posts\/399760\/revisions"}],"wp:featuredmedia":[{"embeddable":true,"href":"https:\/\/www.europesays.com\/fr\/wp-json\/wp\/v2\/media\/399761"}],"wp:attachment":[{"href":"https:\/\/www.europesays.com\/fr\/wp-json\/wp\/v2\/media?parent=399760"}],"wp:term":[{"taxonomy":"category","embeddable":true,"href":"https:\/\/www.europesays.com\/fr\/wp-json\/wp\/v2\/categories?post=399760"},{"taxonomy":"post_tag","embeddable":true,"href":"https:\/\/www.europesays.com\/fr\/wp-json\/wp\/v2\/tags?post=399760"}],"curies":[{"name":"wp","href":"https:\/\/api.w.org\/{rel}","templated":true}]}}