{"id":399772,"date":"2025-09-18T11:01:13","date_gmt":"2025-09-18T11:01:13","guid":{"rendered":"https:\/\/www.europesays.com\/fr\/399772\/"},"modified":"2025-09-18T11:01:13","modified_gmt":"2025-09-18T11:01:13","slug":"encore-victorieux-scottie-scheffler-arrive-lance-vers-la-ryder-cup","status":"publish","type":"post","link":"https:\/\/www.europesays.com\/fr\/399772\/","title":{"rendered":"encore victorieux, Scottie Scheffler arrive lanc\u00e9 vers la Ryder Cup"},"content":{"rendered":"<p>                             Par Le Figaro avec AFP<\/p>\n<p>                Le 16 septembre 2025 \u00e0 12h38<\/p>\n<p>    Scottie Scheffler<br \/>\n                Brett Davis \/ REUTERS<\/p>\n<p>Le num\u00e9ro 1 mondial am\u00e9ricain a remport\u00e9 dimanche le Procore Championship \u00e0 Napa (Californie).<\/p>\n<p class=\"fig-paragraph\">Le num\u00e9ro 1 mondial am\u00e9ricain de golf Scottie Scheffler a remport\u00e9 dimanche le Procore Championship \u00e0 Napa (Californie), tournoi du circuit automnal de la PGA, \u00e0 12 jours de la Ryder Cup \u00e0 New York. Scheffler a rendu une carte de 67 dimanche pour devancer lors du dernier tour son compatriote Ben Griffin, \u00e0 un coup, et d\u00e9crocher son 6e titre de la saison, lui qui s&rsquo;est notamment impos\u00e9 sur le PGA Championship et le British Open en 2025.<\/p>\n<p class=\"fig-paragraph\">Les Am\u00e9ricains re\u00e7oivent la s\u00e9lection europ\u00e9enne du 26 au 28 septembre pr\u00e8s de New York pour la Ryder Cup, la comp\u00e9tition bisannuelle majeure du calendrier. Scheffler m\u00e8nera les \u00c9tats-Unis et sera notamment accompagn\u00e9 de Ben Griffin et de J.J. Spaun, 6e dimanche.<\/p>\n<p>                                    <a class=\"fig-a11y-skip a11y-hidden\" href=\"#fig-a11y-skip-main-inarticle\"><br \/>\n        Passer la publicit\u00e9<br \/>\n    <\/a><\/p>\n<p>Classement final (par 72)\u00a0:<\/p>\n<p class=\"fig-paragraph\">1. Scottie Scheffler (USA) -19 (70-68-64-67)<br \/>2. Ben Griffin (USA) -18 (64-66-70-70)<br \/>3. Lanto Griffin (USA) -17 (65-70-71-65)<br \/>4. Emiliano Grillo (ARG) -16 (68-69-69-66)<br \/>. Jackson Koivun (USA) -16 (67-66-68-71)<br \/>6. J.J. Spaun (USA) -15 (67-68-72-66)<\/p>\n","protected":false},"excerpt":{"rendered":"Par Le Figaro avec AFP Le 16 septembre 2025 \u00e0 12h38 Scottie Scheffler Brett Davis \/ REUTERS Le&hellip;\n","protected":false},"author":2,"featured_media":399773,"comment_status":"","ping_status":"","sticky":false,"template":"","format":"standard","meta":{"footnotes":""},"categories":[1418],"tags":[5075,6674,1011,27,1472,6670,6672,6671,6675,1314,60,5078,4172,6673],"class_list":{"0":"post-399772","1":"post","2":"type-post","3":"status-publish","4":"format-standard","5":"has-post-thumbnail","7":"category-golf","8":"tag-british-open","9":"tag-fedex-cup","10":"tag-fr","11":"tag-france","12":"tag-golf","13":"tag-lpga-tour","14":"tag-masters","15":"tag-pga-tour","16":"tag-players-championship","17":"tag-series","18":"tag-sports","19":"tag-tiger-woods","20":"tag-us-open","21":"tag-uspga"},"share_on_mastodon":{"url":"https:\/\/pubeurope.com\/@fr\/115224961559921443","error":""},"_links":{"self":[{"href":"https:\/\/www.europesays.com\/fr\/wp-json\/wp\/v2\/posts\/399772","targetHints":{"allow":["GET"]}}],"collection":[{"href":"https:\/\/www.europesays.com\/fr\/wp-json\/wp\/v2\/posts"}],"about":[{"href":"https:\/\/www.europesays.com\/fr\/wp-json\/wp\/v2\/types\/post"}],"author":[{"embeddable":true,"href":"https:\/\/www.europesays.com\/fr\/wp-json\/wp\/v2\/users\/2"}],"replies":[{"embeddable":true,"href":"https:\/\/www.europesays.com\/fr\/wp-json\/wp\/v2\/comments?post=399772"}],"version-history":[{"count":0,"href":"https:\/\/www.europesays.com\/fr\/wp-json\/wp\/v2\/posts\/399772\/revisions"}],"wp:featuredmedia":[{"embeddable":true,"href":"https:\/\/www.europesays.com\/fr\/wp-json\/wp\/v2\/media\/399773"}],"wp:attachment":[{"href":"https:\/\/www.europesays.com\/fr\/wp-json\/wp\/v2\/media?parent=399772"}],"wp:term":[{"taxonomy":"category","embeddable":true,"href":"https:\/\/www.europesays.com\/fr\/wp-json\/wp\/v2\/categories?post=399772"},{"taxonomy":"post_tag","embeddable":true,"href":"https:\/\/www.europesays.com\/fr\/wp-json\/wp\/v2\/tags?post=399772"}],"curies":[{"name":"wp","href":"https:\/\/api.w.org\/{rel}","templated":true}]}}