{"id":399775,"date":"2025-09-18T11:05:11","date_gmt":"2025-09-18T11:05:11","guid":{"rendered":"https:\/\/www.europesays.com\/fr\/399775\/"},"modified":"2025-09-18T11:05:11","modified_gmt":"2025-09-18T11:05:11","slug":"tour-de-chauffe-ffbb","status":"publish","type":"post","link":"https:\/\/www.europesays.com\/fr\/399775\/","title":{"rendered":"Tour de chauffe | FFBB"},"content":{"rendered":"<p>                            <img decoding=\"async\" class=\"img-fluid thumbnail__news\" src=\"https:\/\/www.europesays.com\/fr\/wp-content\/uploads\/2025\/09\/937bd1b3-4e07-43f3-941f-1db618e97452.jpg\" alt=\"Tour de chauffe\"\/><\/p>\n<p>Florian Marciniak<\/p>\n<p>                                                        Une semaine avant la reprise de leur championnat, 12 \u00e9quipes de LF2 participeront ce samedi \u00e0 20h00 au 1er tour de la Coupe de France.<\/p>\n<p>12 des 14 clubs de la LF2 prendront part ce week-end \u00e0 la Coupe de France. Le P\u00f4le France ne participe pas \u00e0 cette comp\u00e9tition et Illkirch-Graffenstaden est exempt\u00e9 de ce premier tour. Pour les autres \u00e9quipes, ces matches seront l&rsquo;occasion de se jauger \u00e0 une semaine de la reprise du championnat.<\/p>\n<p><strong>Programme du 1er tour<\/strong><br \/>Samedi 20 septembre \u00e0 20h00<br \/>La Tonche-Meylan (LF2) &#8211; Nice (LF2)<br \/>Monaco (LF2) &#8211; Feytiat (LF2)<br \/>Le Havre (LF2) &#8211; Aulnoye (LF2)<br \/>Saint-Amand (LF2) &#8211; Reims (LF2)<br \/>Rouen-Bihorel (LF2) &#8211; Mondeville (LF2)<br \/>Voiron (LF2) &#8211; Montbrison (LF2)<\/p>\n","protected":false},"excerpt":{"rendered":"Florian Marciniak Une semaine avant la reprise de leur championnat, 12 \u00e9quipes de LF2 participeront ce samedi \u00e0&hellip;\n","protected":false},"author":2,"featured_media":399776,"comment_status":"","ping_status":"","sticky":false,"template":"","format":"standard","meta":{"footnotes":""},"categories":[1414],"tags":[1465,1464,1011,27,60],"class_list":{"0":"post-399775","1":"post","2":"type-post","3":"status-publish","4":"format-standard","5":"has-post-thumbnail","7":"category-basket","8":"tag-basket","9":"tag-basketball","10":"tag-fr","11":"tag-france","12":"tag-sports"},"share_on_mastodon":{"url":"https:\/\/pubeurope.com\/@fr\/115224979120925955","error":""},"_links":{"self":[{"href":"https:\/\/www.europesays.com\/fr\/wp-json\/wp\/v2\/posts\/399775","targetHints":{"allow":["GET"]}}],"collection":[{"href":"https:\/\/www.europesays.com\/fr\/wp-json\/wp\/v2\/posts"}],"about":[{"href":"https:\/\/www.europesays.com\/fr\/wp-json\/wp\/v2\/types\/post"}],"author":[{"embeddable":true,"href":"https:\/\/www.europesays.com\/fr\/wp-json\/wp\/v2\/users\/2"}],"replies":[{"embeddable":true,"href":"https:\/\/www.europesays.com\/fr\/wp-json\/wp\/v2\/comments?post=399775"}],"version-history":[{"count":0,"href":"https:\/\/www.europesays.com\/fr\/wp-json\/wp\/v2\/posts\/399775\/revisions"}],"wp:featuredmedia":[{"embeddable":true,"href":"https:\/\/www.europesays.com\/fr\/wp-json\/wp\/v2\/media\/399776"}],"wp:attachment":[{"href":"https:\/\/www.europesays.com\/fr\/wp-json\/wp\/v2\/media?parent=399775"}],"wp:term":[{"taxonomy":"category","embeddable":true,"href":"https:\/\/www.europesays.com\/fr\/wp-json\/wp\/v2\/categories?post=399775"},{"taxonomy":"post_tag","embeddable":true,"href":"https:\/\/www.europesays.com\/fr\/wp-json\/wp\/v2\/tags?post=399775"}],"curies":[{"name":"wp","href":"https:\/\/api.w.org\/{rel}","templated":true}]}}