{"id":399779,"date":"2025-09-18T11:08:32","date_gmt":"2025-09-18T11:08:32","guid":{"rendered":"https:\/\/www.europesays.com\/fr\/399779\/"},"modified":"2025-09-18T11:08:32","modified_gmt":"2025-09-18T11:08:32","slug":"le-motogp-entame-sa-mutation-sous-limpulsion-de-liberty-media-2","status":"publish","type":"post","link":"https:\/\/www.europesays.com\/fr\/399779\/","title":{"rendered":"Le MotoGP entame sa mutation sous l&rsquo;impulsion de Liberty Media"},"content":{"rendered":"<p>Trois mois se sont \u00e9coul\u00e9s depuis que la Commission europ\u00e9enne a autoris\u00e9 <a href=\"https:\/\/fr.motorsport.com\/motogp\/news\/liberty-media-boucle-rachat-motogp\/10739023\/\" target=\"_self\" rel=\"noopener nofollow\">l&rsquo;acquisition de 84% de Dorna Sports par Liberty Media<\/a>. Trois mois, et m\u00eame un peu moins si l&rsquo;on consid\u00e8re que l&rsquo;op\u00e9ration a \u00e9t\u00e9 finalis\u00e9e en juillet, pendant lesquels la soci\u00e9t\u00e9 am\u00e9ricaine, qui d\u00e9tient \u00e9galement les droits de la <a href=\"https:\/\/fr.motorsport.com\/f1\/\" target=\"_self\" rel=\"noopener nofollow\">Formule 1<\/a>, a travaill\u00e9 en coulisses, sans trop se montrer dans le paddock du MotoGP.<\/p>\n<p>Cependant, \u00e0 l&rsquo;occasion des deux derni\u00e8res courses europ\u00e9ennes ayant pr\u00e9c\u00e9d\u00e9 le d\u00e9but de la tourn\u00e9e asiatique du championnat, une d\u00e9l\u00e9gation de cadres de Liberty a fait le d\u00e9placement afin de s&rsquo;impr\u00e9gner de diff\u00e9rents aspects du fonctionnement du MotoGP. Ce fut le cas notamment \u00e0 Misano, le week-end dernier.<\/p>\n<p>Un temps annonc\u00e9 \u00e0 Misano, Sean Bratches, ancien directeur commercial des op\u00e9rations de la F1, n&rsquo;est finalement pas apparu sur le circuit Marco Simoncelli. En revanche, Stefano Domenicali, actuel pr\u00e9sident et PDG de la Formule 1, \u00e9tait bel et bien pr\u00e9sent. Il a \u00e9t\u00e9 vu en compagnie de Paolo Campinoti, propri\u00e9taire de l&rsquo;\u00e9curie Pramac Racing, avec qui il entretient une grande amiti\u00e9, et de Massimo Rivola, PDG d&rsquo;Aprilia Racing, avec qui il a travaill\u00e9 chez Ferrari.<\/p>\n<p>Outre Domenicali, dont le mandat que lui confie Liberty s&rsquo;inscrit davantage dans le domaine institutionnel, une demi-douzaine de responsables de Liberty \u00e9taient pr\u00e9sents au circuit samedi et dimanche afin de se familiariser avec les protocoles et les processus n\u00e9cessaires \u00e0 l&rsquo;organisation d&rsquo;un Grand Prix moto.<\/p>\n<p>   <img decoding=\"async\" draggable=\"false\" src=\"https:\/\/www.europesays.com\/fr\/wp-content\/uploads\/2025\/09\/paddock-atmosphere.jpg\" alt=\"Faut-il s'attendre \u00e0 des changements dans le paddock MotoGP ?\" width=\"1200\" height=\"800\" loading=\"lazy\"\/> <\/p>\n<p class=\"title\">Faut-il s&rsquo;attendre \u00e0 des changements dans le paddock MotoGP ?<\/p>\n<p class=\"photographer\">Photo de: Gold and Goose Photography \/ LAT Images \/ via Getty Images<\/p>\n<p>Une d\u00e9l\u00e9gation de la soci\u00e9t\u00e9 d&rsquo;audit Ernst &amp; Young s&rsquo;est \u00e9galement rendue en Italie afin de mener plusieurs r\u00e9unions avec des membres de la Dorna, dans le but de faire le point sur ce qui se met actuellement en place. Depuis que l&rsquo;achat a \u00e9t\u00e9 finalis\u00e9, d\u00e9but juillet, au moins dix personnes ont rejoint la Dorna afin de renforcer le d\u00e9partement marketing, celui ayant connu les changements les plus importants.<\/p>\n<p>Cette pr\u00e9sence des repr\u00e9sentants de Liberty a co\u00efncid\u00e9 avec l&rsquo;annonce d&rsquo;une s\u00e9rie de changements ayant un impact plus ou moins important, selon les cas, sur les week-ends de course. <a href=\"https:\/\/fr.motorsport.com\/motogp\/news\/nouveau-protocole-hymnes-nationaux-grincer-dents\/10760037\/\" target=\"_self\" rel=\"noopener nofollow\">Une nouvelle c\u00e9r\u00e9monie qui rassemble les pilotes \u00e0 l&rsquo;avant de la grille au moment de l&rsquo;hymne national<\/a>, \u00e0 l&rsquo;image de ce qui se fait en F1, a d&rsquo;ores et d\u00e9j\u00e0 \u00e9t\u00e9 instaur\u00e9e. D&rsquo;autres changements prendront effet \u00e0 l&rsquo;issue de la saison, comme la fin du MotoE Cup, qui sera remplac\u00e9e par la Harley-Davidson Cup.<\/p>\n<p>Lire aussi :<\/p>\n<p>D&rsquo;apr\u00e8s les informations de <strong>Motorsport.com<\/strong>, le dialogue entre certains d\u00e9partements de Dorna Sports et de Liberty Media n&rsquo;a cess\u00e9 tout au long de l&rsquo;ann\u00e9e derni\u00e8re, m\u00eame s&rsquo;il s&rsquo;est intensifi\u00e9 ces derniers mois. Du p\u00f4le financier au marketing en passant par la technologie, le g\u00e9ant du divertissement tente de trouver des canaux communs dans lesquels exploiter des synergies, alors que le MotoGP se trouve \u00e0 un moment cl\u00e9 \u00e0 bien des \u00e9gards.<\/p>\n<p>Sur le plan technique, le championnat moto finalise le lancement de sa nouvelle plateforme de streaming OTT, avec laquelle il entend am\u00e9liorer l&rsquo;exp\u00e9rience utilisateur et minimiser les d\u00e9faillances du service d\u00e8s 2026. Les r\u00e9unions entre Dorna et Liberty se sont multipli\u00e9es ces derniers temps au Royaume-Uni, l\u00e0 o\u00f9 la F1 a son si\u00e8ge audiovisuel.<\/p>\n<p>Distinction entre le MotoGP et les autres cat\u00e9gories<\/p>\n<p>En termes d&rsquo;image de marque, tous les efforts sont concentr\u00e9s sur la cat\u00e9gorie reine. Implicitement, cela rel\u00e9guera le Moto2 et le Moto3 au second plan, selon un mod\u00e8le similaire \u00e0 celui existant entre la Formule 1, la Formule 2 et la Formule 3. \u00c0 partir de 2026, <a href=\"https:\/\/fr.motorsport.com\/motogp\/teams\/\" target=\"_self\" rel=\"noopener nofollow\">les \u00e9quipes MotoGP<\/a> disposeront de plus de place dans les stands, au d\u00e9triment des \u00e9quipes des cat\u00e9gories inf\u00e9rieures qui seront install\u00e9es dans des tentes, comme c&rsquo;est d\u00e9j\u00e0 le cas sur certains circuits.<\/p>\n<p>Pour souligner l&rsquo;importance du MotoGP, Dorna a \u00e9galement conseill\u00e9 aux cha\u00eenes de t\u00e9l\u00e9vision d\u00e9tenant les droits de retransmission de mettre l&rsquo;accent sur les succ\u00e8s remport\u00e9s dans la cat\u00e9gorie reine, bien au-dessus de ceux des cat\u00e9gories inf\u00e9rieures.\u00a0Ainsi, si <a href=\"https:\/\/fr.motorsport.com\/driver\/marc-marquez\/92646\/\" target=\"_blank\" rel=\"noopener nofollow\">Marc M\u00e1rquez<\/a> est sacr\u00e9 champion du monde la semaine prochaine au Japon (il doit pour cela marquer trois points de plus que son fr\u00e8re <a href=\"https:\/\/fr.motorsport.com\/driver\/alex-marquez\/96324\/\" target=\"_blank\" rel=\"noopener nofollow\">\u00c1lex M\u00e1rquez<\/a> sur l&rsquo;ensemble du week-end), il sera pr\u00e9sent\u00e9 comme septuple champion du monde, sans tenir compte des deux titres qu&rsquo;il a remport\u00e9s en Moto3 (2010) et en Moto2 (2012).<\/p>\n<p>Parall\u00e8lement, les couronnements des pilotes qui ont couru en 500cc, avant l&rsquo;introduction des quatre-temps actuelles, seront d\u00e9sormais mentionn\u00e9s comme \u00e9tant des titres de champion du monde MotoGP. C&rsquo;est dans cette optique qu&rsquo;a \u00e9t\u00e9 cr\u00e9\u00e9 le <a href=\"https:\/\/fr.motorsport.com\/motogp\/news\/hall-of-fame-nouveau-trophee-champion\/10758695\/\" target=\"_self\" rel=\"noopener nofollow\">Hall of Fame<\/a>, offrant un nouveau statut aux pilotes ayant remport\u00e9 au moins deux titres dans la cat\u00e9gorie reine, ou 24 victoires. La raison\u00a0?\u00a0Cr\u00e9er une \u00e9lite exclusive afin de renforcer la marque MotoGP bien au-del\u00e0 du statut de L\u00e9gende existant aujourd&rsquo;hui.<\/p>\n<p>   <img decoding=\"async\" draggable=\"false\" src=\"https:\/\/www.europesays.com\/fr\/wp-content\/uploads\/2025\/09\/the-motogp-hall-of-fame.jpg\" alt=\"Le Hall of Fame du MotoGP a \u00e9t\u00e9 d\u00e9voil\u00e9 \u00e0 Misano.\" width=\"1200\" height=\"800\" loading=\"lazy\"\/> <\/p>\n<p class=\"title\">Le Hall of Fame du MotoGP a \u00e9t\u00e9 d\u00e9voil\u00e9 \u00e0 Misano.<\/p>\n<p class=\"photographer\">Photo de: MotoGP<\/p>\n","protected":false},"excerpt":{"rendered":"Trois mois se sont \u00e9coul\u00e9s depuis que la Commission europ\u00e9enne a autoris\u00e9 l&rsquo;acquisition de 84% de Dorna Sports&hellip;\n","protected":false},"author":2,"featured_media":399778,"comment_status":"","ping_status":"","sticky":false,"template":"","format":"standard","meta":{"footnotes":""},"categories":[1412],"tags":[1451,1452,1453,1454,1455,1011,27,53124,1458,60],"class_list":{"0":"post-399779","1":"post","2":"type-post","3":"status-publish","4":"format-standard","5":"has-post-thumbnail","7":"category-f1","8":"tag-f1","9":"tag-formula-1","10":"tag-formula1","11":"tag-formule-1","12":"tag-formule1","13":"tag-fr","14":"tag-france","15":"tag-le-motogp-entame-sa-mutation-sous-limpulsion-de-liberty-media","16":"tag-motogp","17":"tag-sports"},"share_on_mastodon":{"url":"https:\/\/pubeurope.com\/@fr\/115224989989737586","error":""},"_links":{"self":[{"href":"https:\/\/www.europesays.com\/fr\/wp-json\/wp\/v2\/posts\/399779","targetHints":{"allow":["GET"]}}],"collection":[{"href":"https:\/\/www.europesays.com\/fr\/wp-json\/wp\/v2\/posts"}],"about":[{"href":"https:\/\/www.europesays.com\/fr\/wp-json\/wp\/v2\/types\/post"}],"author":[{"embeddable":true,"href":"https:\/\/www.europesays.com\/fr\/wp-json\/wp\/v2\/users\/2"}],"replies":[{"embeddable":true,"href":"https:\/\/www.europesays.com\/fr\/wp-json\/wp\/v2\/comments?post=399779"}],"version-history":[{"count":0,"href":"https:\/\/www.europesays.com\/fr\/wp-json\/wp\/v2\/posts\/399779\/revisions"}],"wp:featuredmedia":[{"embeddable":true,"href":"https:\/\/www.europesays.com\/fr\/wp-json\/wp\/v2\/media\/399778"}],"wp:attachment":[{"href":"https:\/\/www.europesays.com\/fr\/wp-json\/wp\/v2\/media?parent=399779"}],"wp:term":[{"taxonomy":"category","embeddable":true,"href":"https:\/\/www.europesays.com\/fr\/wp-json\/wp\/v2\/categories?post=399779"},{"taxonomy":"post_tag","embeddable":true,"href":"https:\/\/www.europesays.com\/fr\/wp-json\/wp\/v2\/tags?post=399779"}],"curies":[{"name":"wp","href":"https:\/\/api.w.org\/{rel}","templated":true}]}}