{"id":399786,"date":"2025-09-18T11:13:11","date_gmt":"2025-09-18T11:13:11","guid":{"rendered":"https:\/\/www.europesays.com\/fr\/399786\/"},"modified":"2025-09-18T11:13:11","modified_gmt":"2025-09-18T11:13:11","slug":"un-portrait-retrouve-de-dora-maar-signe-picasso-devoile-a-paris-liberation","status":"publish","type":"post","link":"https:\/\/www.europesays.com\/fr\/399786\/","title":{"rendered":"un portrait retrouv\u00e9 de Dora Maar, sign\u00e9 Picasso, d\u00e9voil\u00e9 \u00e0 Paris \u2013 Lib\u00e9ration"},"content":{"rendered":"<p class=\"sc-cPiKLX AiZTS text-element\">Un chef-d\u2019\u0153uvre de <a href=\"https:\/\/www.liberation.fr\/idees-et-debats\/picasso-le-genie-du-male-20210605_5YSUP564TFCGNAIKUWK2IN4VTA\/\" target=\"_blank\" rel=\"noopener\" title=\"https:\/\/www.liberation.fr\/idees-et-debats\/picasso-le-genie-du-male-20210605_5YSUP564TFCGNAIKUWK2IN4VTA\/\">Pablo Picasso<\/a> retrouv\u00e9. Il s\u2019agit du portrait de <a href=\"https:\/\/www.liberation.fr\/arts\/2019\/06\/10\/dora-maar-une-vie-dare-d-art_1732836\/\" target=\"_blank\" rel=\"noopener\" title=\"https:\/\/www.liberation.fr\/arts\/2019\/06\/10\/dora-maar-une-vie-dare-d-art_1732836\/\">sa compagne, Dora Maar,<\/a> peint en 1943 et conserv\u00e9 par la famille de son premier propri\u00e9taire depuis 1944. Le tableau a \u00e9t\u00e9 d\u00e9voil\u00e9 ce jeudi 18 septembre \u00e0 l\u2019h\u00f4tel Drouot, \u00e0 Paris, o\u00f9 il sera mis aux ench\u00e8res le 24 octobre. <\/p>\n<p class=\"sc-cPiKLX AiZTS text-element\">Intitul\u00e9 Buste de femme au chapeau \u00e0 fleurs, ce tableau tr\u00e8s color\u00e9 peint \u00e0 l\u2019huile et d\u2019une taille de 80 x 60 centim\u00e8tres, est \u00abestim\u00e9 autour de 8 millions d\u2019euros, un prix de r\u00e9serve qui peut s\u2019envoler\u00bb, estime Christophe Lucien, commissaire-priseur charg\u00e9 de la vente. <\/p>\n<p class=\"sc-cPiKLX AiZTS text-element\">L\u2019\u0153uvre, peinte par Picasso le 11 juillet 1943, a \u00e9t\u00e9 acquise en ao\u00fbt 1944 par le grand-p\u00e8re des actuels ayants droit, un grand collectionneur fran\u00e7ais. Ces derniers souhaitent le vendre dans le cadre d\u2019une succession, a-t-il pr\u00e9cis\u00e9.<\/p>\n<p class=\"sc-cPiKLX AiZTS text-element\">\u00abInconnu du public et jamais expos\u00e9, hormis dans l\u2019atelier du ma\u00eetre espagnol \u00e0 Paris pendant l\u2019Occupation\u00bb, ce tableau est \u00abassez exceptionnel et marque un jalon dans l\u2019histoire de l\u2019art et dans celle de Picasso\u00bb, a pr\u00e9cis\u00e9 Agn\u00e8s Sevestre-Barb\u00e9, sp\u00e9cialiste du peintre espagnol pr\u00e9sente lors du d\u00e9voilement de l\u2019\u0153uvre. <\/p>\n<p class=\"sc-cPiKLX AiZTS text-element\">D\u2019inspiration \u00ab\u00e0 la fois naturaliste et cubiste\u00bb, il montre Dora Maar en proie \u00e0 la tristesse mais au visage harmonieux, portant un chapeau \u00e0 fleurs, color\u00e9, au moment o\u00f9 Picasso la d\u00e9laisse pour une plus jeune femme, <a href=\"https:\/\/www.liberation.fr\/culture\/arts\/francoise-gilot-peintre-et-ecrivaine-francaise-est-morte-a-101-ans-20230606_4PRW42GFBZHGNJLIVQVXKG5TPA\/\" target=\"_blank\" rel=\"noopener\" title=\"https:\/\/www.liberation.fr\/culture\/arts\/francoise-gilot-peintre-et-ecrivaine-francaise-est-morte-a-101-ans-20230606_4PRW42GFBZHGNJLIVQVXKG5TPA\/\">Fran\u00e7oise Gilot<\/a>. Toutes deux ont \u00e9t\u00e9 victimes des violences du \u00abMinautore\u00bb.  <\/p>\n<p class=\"sc-cPiKLX AiZTS text-element\">Authentifi\u00e9 par l\u2019administration Picasso, ce portrait n\u2019\u00e9tait connu des sp\u00e9cialistes et passionn\u00e9s de l\u2019artiste qu\u2019en noir et blanc et \u00e0 travers le catalogue raisonn\u00e9 de ses \u0153uvres (inventaire officiel) le mentionnant, selon Drouot. Des photos prises dans l\u2019atelier du peintre par Brassa\u00ef, ami de Picasso, attestent \u00e9galement de la pr\u00e9sence du tableau.<\/p>\n<p class=\"sc-cPiKLX AiZTS text-element\">Ces photos ont \u00e9t\u00e9 pr\u00e9sent\u00e9es lors du d\u00e9voilement de l\u2019\u0153uvre ce jeudi par la maison de vente aux ench\u00e8res.<\/p>\n","protected":false},"excerpt":{"rendered":"Un chef-d\u2019\u0153uvre de Pablo Picasso retrouv\u00e9. Il s\u2019agit du portrait de sa compagne, Dora Maar, peint en 1943&hellip;\n","protected":false},"author":2,"featured_media":399787,"comment_status":"","ping_status":"","sticky":false,"template":"","format":"standard","meta":{"footnotes":""},"categories":[1358],"tags":[1348,1384,1385,413,1386,58,59,1011,27],"class_list":{"0":"post-399786","1":"post","2":"type-post","3":"status-publish","4":"format-standard","5":"has-post-thumbnail","7":"category-arts-et-design","8":"tag-arts","9":"tag-arts-and-design","10":"tag-arts-et-design","11":"tag-ca-va-mieux-lisant","12":"tag-design","13":"tag-divertissement","14":"tag-entertainment","15":"tag-fr","16":"tag-france"},"share_on_mastodon":{"url":"https:\/\/pubeurope.com\/@fr\/115225008804985767","error":""},"_links":{"self":[{"href":"https:\/\/www.europesays.com\/fr\/wp-json\/wp\/v2\/posts\/399786","targetHints":{"allow":["GET"]}}],"collection":[{"href":"https:\/\/www.europesays.com\/fr\/wp-json\/wp\/v2\/posts"}],"about":[{"href":"https:\/\/www.europesays.com\/fr\/wp-json\/wp\/v2\/types\/post"}],"author":[{"embeddable":true,"href":"https:\/\/www.europesays.com\/fr\/wp-json\/wp\/v2\/users\/2"}],"replies":[{"embeddable":true,"href":"https:\/\/www.europesays.com\/fr\/wp-json\/wp\/v2\/comments?post=399786"}],"version-history":[{"count":0,"href":"https:\/\/www.europesays.com\/fr\/wp-json\/wp\/v2\/posts\/399786\/revisions"}],"wp:featuredmedia":[{"embeddable":true,"href":"https:\/\/www.europesays.com\/fr\/wp-json\/wp\/v2\/media\/399787"}],"wp:attachment":[{"href":"https:\/\/www.europesays.com\/fr\/wp-json\/wp\/v2\/media?parent=399786"}],"wp:term":[{"taxonomy":"category","embeddable":true,"href":"https:\/\/www.europesays.com\/fr\/wp-json\/wp\/v2\/categories?post=399786"},{"taxonomy":"post_tag","embeddable":true,"href":"https:\/\/www.europesays.com\/fr\/wp-json\/wp\/v2\/tags?post=399786"}],"curies":[{"name":"wp","href":"https:\/\/api.w.org\/{rel}","templated":true}]}}