{"id":399788,"date":"2025-09-18T11:14:11","date_gmt":"2025-09-18T11:14:11","guid":{"rendered":"https:\/\/www.europesays.com\/fr\/399788\/"},"modified":"2025-09-18T11:14:11","modified_gmt":"2025-09-18T11:14:11","slug":"a-lire-en-librairie-tous-champions-simone-biles","status":"publish","type":"post","link":"https:\/\/www.europesays.com\/fr\/399788\/","title":{"rendered":"\u00c0 lire. En librairie\u00a0: Tous Champions\u00a0! Simone Biles"},"content":{"rendered":"<p>\u00ab\u00a0Simone a su passer les obstacles qui se dressaient sur sa route avec un panache et une gr\u00e2ce \u00e0 nul autre pareil. Elle s\u2019est relev\u00e9e alors qu\u2019on la croyait \u00e0 terre, elle a r\u00e9invent\u00e9 son sport et permis de dessiner un futur plus respectueux pour toutes les jeunes gymnastes \u00e0 venir.\u00a0\u00bb<\/p>\n<p>Autrement dit, l\u2019athl\u00e8te am\u00e9ricaine est une source d\u2019inspiration. Elle est aussi la gymnaste la plus titr\u00e9e de l\u2019histoire avec, notamment, trente titres mondiaux et onze m\u00e9dailles olympiques dont l\u2019or d\u00e9croch\u00e9 \u00e0 Paris en 2024 lors du concours g\u00e9n\u00e9ral par \u00e9quipe et en individuel.<\/p>\n<p>  D\u00e8s huit ans\u00a0!<\/p>\n<p>Pour se hisser tout l\u00e0-haut, Simone Biles a d\u00fb se battre, travailler (tr\u00e8s) dur, faire preuve de r\u00e9silience aussi. Depuis ses d\u00e9buts \u00e0 Houston jusqu\u2019aux JO en France en passant par son abandon en plein Jeux de Tokyo-2020, de ses exploits sur la sc\u00e8ne internationale \u00e0 son engagement en faveur de la sant\u00e9 mentale et du bien-\u00eatre des athl\u00e8tes\u00a0: voici l&rsquo;histoire de Simone.<\/p>\n<p>C\u2019est ce parcours hors du commun que raconte <a href=\"https:\/\/www.hugopublishing.fr\/auteur\/sandra-kollender\/\" target=\"_blank\" rel=\"noopener\">Sandra Kollender<\/a> dans ce nouvel opus de la tr\u00e8s r\u00e9ussie collection Tous Champions\u00a0! \u00a0Accessible d\u00e8s 8 ans, ce livre est surtout une v\u00e9ritable invitation \u00e0 la lecture, surtout si tu es fan de tennis de table ! D\u2019autant que quelques bonus t\u2019attendent\u00a0: la fiche des deux joueurs, des techniques expliqu\u00e9es, un quiz ou encore un lexique\u2026<\/p>\n<p>Tous Champions\u00a0! Simone Biles (L\u2019immense petite gymnaste) de Sandra Kollender, <a href=\"https:\/\/www.hugopublishing.fr\/univers\/hugo-jeunesse\/\" target=\"_blank\" rel=\"noopener\">Hugo Jeunesse<\/a>, 160 pages, 9,95 euros<\/p>\n","protected":false},"excerpt":{"rendered":"\u00ab\u00a0Simone a su passer les obstacles qui se dressaient sur sa route avec un panache et une gr\u00e2ce&hellip;\n","protected":false},"author":2,"featured_media":399789,"comment_status":"","ping_status":"","sticky":false,"template":"","format":"standard","meta":{"footnotes":""},"categories":[1357],"tags":[1379,58,59,107,1701,1011,27,329,15465,21243,3996,1380,2410,517,1947],"class_list":{"0":"post-399788","1":"post","2":"type-post","3":"status-publish","4":"format-standard","5":"has-post-thumbnail","7":"category-livres","8":"tag-books","9":"tag-divertissement","10":"tag-entertainment","11":"tag-fil-info","12":"tag-fil-info-sport","13":"tag-fr","14":"tag-france","15":"tag-france-monde","16":"tag-gymnastique","17":"tag-jeux-olympiques-dhiver","18":"tag-jeux-olympiques","19":"tag-livres","20":"tag-livres-bd","21":"tag-sport","22":"tag-sport-national"},"share_on_mastodon":{"url":"https:\/\/pubeurope.com\/@fr\/115225012977891646","error":""},"_links":{"self":[{"href":"https:\/\/www.europesays.com\/fr\/wp-json\/wp\/v2\/posts\/399788","targetHints":{"allow":["GET"]}}],"collection":[{"href":"https:\/\/www.europesays.com\/fr\/wp-json\/wp\/v2\/posts"}],"about":[{"href":"https:\/\/www.europesays.com\/fr\/wp-json\/wp\/v2\/types\/post"}],"author":[{"embeddable":true,"href":"https:\/\/www.europesays.com\/fr\/wp-json\/wp\/v2\/users\/2"}],"replies":[{"embeddable":true,"href":"https:\/\/www.europesays.com\/fr\/wp-json\/wp\/v2\/comments?post=399788"}],"version-history":[{"count":0,"href":"https:\/\/www.europesays.com\/fr\/wp-json\/wp\/v2\/posts\/399788\/revisions"}],"wp:featuredmedia":[{"embeddable":true,"href":"https:\/\/www.europesays.com\/fr\/wp-json\/wp\/v2\/media\/399789"}],"wp:attachment":[{"href":"https:\/\/www.europesays.com\/fr\/wp-json\/wp\/v2\/media?parent=399788"}],"wp:term":[{"taxonomy":"category","embeddable":true,"href":"https:\/\/www.europesays.com\/fr\/wp-json\/wp\/v2\/categories?post=399788"},{"taxonomy":"post_tag","embeddable":true,"href":"https:\/\/www.europesays.com\/fr\/wp-json\/wp\/v2\/tags?post=399788"}],"curies":[{"name":"wp","href":"https:\/\/api.w.org\/{rel}","templated":true}]}}