{"id":399790,"date":"2025-09-18T11:15:12","date_gmt":"2025-09-18T11:15:12","guid":{"rendered":"https:\/\/www.europesays.com\/fr\/399790\/"},"modified":"2025-09-18T11:15:12","modified_gmt":"2025-09-18T11:15:12","slug":"a-quoi-va-ressembler-la-chaine-rmc-life-ex-cherie-25","status":"publish","type":"post","link":"https:\/\/www.europesays.com\/fr\/399790\/","title":{"rendered":"A quoi va ressembler la cha\u00eene RMC Life, ex-Ch\u00e9rie 25\u00a0?"},"content":{"rendered":"<p>Une (presque) nouvelle cha\u00eene va d\u00e9barquer sur la TNT le 1er\u00a0octobre prochain \u00e0 6 heures du mat. Mercredi, l\u2019<a href=\"https:\/\/www.20minutes.fr\/dossier\/csa\" class=\"c-link c-link--is-underlined\" target=\"_blank\" rel=\"noopener\">Arcom<\/a>, le r\u00e9gulateur de l\u2019audiovisuel, a valid\u00e9 le rachat de Ch\u00e9rie 25, d\u00e9tenue par <a href=\"https:\/\/www.20minutes.fr\/dossier\/nrj\" class=\"c-link c-link--is-underlined\" target=\"_blank\" rel=\"noopener\">NRJ<\/a>, par le groupe CMA Media, d\u00e9j\u00e0 propri\u00e9taire de <a href=\"https:\/\/www.20minutes.fr\/dossier\/bfm_tv\" class=\"c-link c-link--is-underlined\" target=\"_blank\" rel=\"noopener\">BFMTV<\/a>, RMC Story (canal 23) et RMC D\u00e9couverte (canal 24).<\/p>\n<p>Rebaptis\u00e9e RMC Life mais toujours diffus\u00e9e sur le canal 25, cette nouvelle cha\u00eene sera d\u00e9sormais \u00ab\u00a0inspirante et positive, tourn\u00e9e vers la convivialit\u00e9 et le bien-\u00eatre, \u00e0 destination des femmes et des familles\u00a0\u00bb, d\u00e9taille un communiqu\u00e9 de presse. Au programme\u00a0: des nouveaut\u00e9s, un peu de recyclage et des animatrices phares de la t\u00e9l\u00e9.<\/p>\n<p>Une matinale et des rediffs en journ\u00e9e<\/p>\n<p>Dans une quinzaine de jours, les t\u00e9l\u00e9spectateurs d\u00e9couvriront une refonte totale de la grille de la cha\u00eene. Comme le rapporte <a href=\"https:\/\/www.leparisien.fr\/culture-loisirs\/tv\/karine-ferri-estelle-denis-cristina-cordula-ce-que-prepare-la-chaine-rmc-life-qui-remplace-cherie-25-17-09-2025-5HNHUTD355HMHAA36RH6BPN4BE.php\" target=\"_blank\" class=\"c-link c-link--is-underlined\" rel=\"noopener\">Le Parisien<\/a>, la journaliste Laure Closier quittera RMC D\u00e9couverte pour pr\u00e9senter une co-diffusion de sa matinale sur RMC Life et sur BFM Business.<\/p>\n<p>Dans la matin\u00e9e, les t\u00e9l\u00e9spectateurs trouveront ensuite des rediffusions de \u00ab\u00a0Faites entrer l\u2019accus\u00e9\u00a0\u00bb incarn\u00e9 par Fr\u00e9d\u00e9rique Lantieri, puis d\u2019anciens \u00e9pisodes de s\u00e9ries comme 7 \u00e0 la maison ou encore Cold Case, l\u2019apr\u00e8s-midi. Il faudra ainsi attendre les premi\u00e8res parties de soir\u00e9e pour d\u00e9couvrir l\u2019essentiel des nouveaut\u00e9s de la cha\u00eene.<\/p>\n<p>Le grand retour de \u00ab\u00a0\u00c7a se discute\u00a0\u00bb<\/p>\n<p>Seize ans apr\u00e8s l\u2019arr\u00eat de \u00ab\u00a0\u00c7a se discute\u00a0\u00bb sur <a href=\"https:\/\/www.20minutes.fr\/television\/france_2\/\" class=\"c-link c-link--is-underlined\" target=\"_blank\" rel=\"noopener\">France 2<\/a> en\u00a02009, RMC Life va relancer cet embl\u00e9matique talk-show soci\u00e9tal, cr\u00e9\u00e9 en\u00a01994 par <a href=\"https:\/\/www.20minutes.fr\/dossier\/jean-luc_delarue\" class=\"c-link c-link--is-underlined\" target=\"_blank\" rel=\"noopener\">Jean-Luc Delarue<\/a> (d\u00e9c\u00e9d\u00e9 en\u00a02012). A l\u2019antenne mi-octobre, cette nouvelle version sera pr\u00e9sent\u00e9e par Estelle Denis, figure du groupe RMC BFM.<\/p>\n<p>\u00ab\u00a0Ce n\u2019est pas facile de passer apr\u00e8s lui, a-t-elle assur\u00e9. Il y a beaucoup de pression. On est all\u00e9 chercher les \u00e9quipes de Jean-Luc, m\u00eame un cam\u00e9raman devenu plombier entre-temps\u00a0!\u00a0\u00bb<\/p>\n<p><a href=\"https:\/\/www.20minutes.fr\/dossier\/cristina_cordula\" class=\"c-link c-link--is-underlined\" target=\"_blank\" rel=\"noopener\">Cristina Cordula<\/a>, elle, arrive pour le retour de son \u00e9mission \u00ab\u00a0Cousu main\u00a0\u00bb \u2013 diffus\u00e9e auparavant sur M6 \u2013, qui veut mettre l\u2019accent sur le recyclage de v\u00eatements pour cette nouvelle saison.<\/p>\n<\/p>\n<p>Enfin, Karine Ferri, recrut\u00e9e cet \u00e9t\u00e9 par les cha\u00eenes RMC apr\u00e8s son d\u00e9part de TF1, dit vouloir produire sur RMC Life \u00ab\u00a0des contenus qui (lui) ressemblent\u00a0\u00bb, pour \u00ab\u00a0sensibiliser les enfants \u00e0 la cause animale\u00a0\u00bb. Le Parisien affirme notamment qu\u2019une case \u00ab\u00a0loisir-famille\u00a0\u00bb lui sera d\u00e9vou\u00e9e en prime time, de fa\u00e7on mensuelle puis hebdomadaire.<\/p>\n<p>De nouvelles t\u00eates<\/p>\n<p>D\u2019autres nouveaut\u00e9s rythmeront les soir\u00e9es de RMC Life. Transfuge de la matinale de la radio publique franceinfo, Salhia Brakhlia prendra les r\u00eanes d\u2019une nouvelle collection de documentaires. Elle souhaite \u00ab\u00a0raconter des parcours qui marquent l\u2019\u00e9poque \u00e0 travers des femmes qui se sont battues pour leurs id\u00e9es, d\u2019<a href=\"https:\/\/www.20minutes.fr\/arts-stars\/culture\/aya-nakamura\/\" class=\"c-link c-link--is-underlined\" target=\"_blank\" rel=\"noopener\">Aya Nakamura<\/a> en passant par <a href=\"https:\/\/www.20minutes.fr\/societe\/gisele-pelicot\/\" class=\"c-link c-link--is-underlined\" target=\"_blank\" rel=\"noopener\">Gis\u00e8le Pelicot<\/a> ou <a href=\"https:\/\/www.20minutes.fr\/sport\/amelie_mauresmo\/\" class=\"c-link c-link--is-underlined\" target=\"_blank\" rel=\"noopener\">Am\u00e9lie Mauresmo<\/a>\u00a0\u00bb, a-t-elle expliqu\u00e9.<\/p>\n<p><a href=\"https:\/\/www.20minutes.fr\/dossier\/csa\" class=\"c-link c-btn c-btn--primary\" target=\"_blank\" rel=\"noopener\">Nos articles sur l&rsquo;Arcom<\/a><\/p>\n<p>Enfin, <a href=\"https:\/\/www.20minutes.fr\/arts-stars\/culture\/4141685-20250308-tres-bien-aussi-persistent-espaces-majoritairement-feminins-clementine-galey-podcast-bliss\" class=\"c-link c-link--is-underlined\" target=\"_blank\" rel=\"noopener\">Cl\u00e9mentine Galey<\/a>, entrepreneuse et cr\u00e9atrice de podcasts \u00e0 succ\u00e8s sur la maternit\u00e9, dont <a href=\"https:\/\/www.20minutes.fr\/tempo\/4080102-20240308-maternite-si-episode-bliss-rate-carriere-maman-influenceuse\" class=\"c-link c-link--is-underlined\" target=\"_blank\" rel=\"noopener\">Bliss Stories<\/a>, fera quant \u00e0 elle ses d\u00e9buts \u00e0 la t\u00e9l\u00e9. \u00ab\u00a0On va suivre des familles avec comme fil rouge les moments de l\u2019\u00e9chographie, avant pendant et apr\u00e8s la naissance. Je serai l\u00e0 pour accueillir leurs doutes, leurs \u00e9motions\u00a0\u00bb, dit celle \u00e0 qui se sont confi\u00e9es sans filtre des centaines de m\u00e8res depuis sept ans.<\/p>\n","protected":false},"excerpt":{"rendered":"Une (presque) nouvelle cha\u00eene va d\u00e9barquer sur la TNT le 1er\u00a0octobre prochain \u00e0 6 heures du mat. Mercredi,&hellip;\n","protected":false},"author":2,"featured_media":399791,"comment_status":"","ping_status":"","sticky":false,"template":"","format":"standard","meta":{"footnotes":""},"categories":[1356],"tags":[10831,20865,58,4739,59,1011,27,46550,9104,10319,252,3171,1364],"class_list":{"0":"post-399790","1":"post","2":"type-post","3":"status-publish","4":"format-standard","5":"has-post-thumbnail","7":"category-television","8":"tag-bfmtv","9":"tag-cristina-cordula","10":"tag-divertissement","11":"tag-emission-de-television","12":"tag-entertainment","13":"tag-fr","14":"tag-france","15":"tag-jean-luc-delarue","16":"tag-nrj","17":"tag-rmc","18":"tag-television","19":"tag-tnt","20":"tag-tv"},"share_on_mastodon":{"url":"https:\/\/pubeurope.com\/@fr\/115225017463921690","error":""},"_links":{"self":[{"href":"https:\/\/www.europesays.com\/fr\/wp-json\/wp\/v2\/posts\/399790","targetHints":{"allow":["GET"]}}],"collection":[{"href":"https:\/\/www.europesays.com\/fr\/wp-json\/wp\/v2\/posts"}],"about":[{"href":"https:\/\/www.europesays.com\/fr\/wp-json\/wp\/v2\/types\/post"}],"author":[{"embeddable":true,"href":"https:\/\/www.europesays.com\/fr\/wp-json\/wp\/v2\/users\/2"}],"replies":[{"embeddable":true,"href":"https:\/\/www.europesays.com\/fr\/wp-json\/wp\/v2\/comments?post=399790"}],"version-history":[{"count":0,"href":"https:\/\/www.europesays.com\/fr\/wp-json\/wp\/v2\/posts\/399790\/revisions"}],"wp:featuredmedia":[{"embeddable":true,"href":"https:\/\/www.europesays.com\/fr\/wp-json\/wp\/v2\/media\/399791"}],"wp:attachment":[{"href":"https:\/\/www.europesays.com\/fr\/wp-json\/wp\/v2\/media?parent=399790"}],"wp:term":[{"taxonomy":"category","embeddable":true,"href":"https:\/\/www.europesays.com\/fr\/wp-json\/wp\/v2\/categories?post=399790"},{"taxonomy":"post_tag","embeddable":true,"href":"https:\/\/www.europesays.com\/fr\/wp-json\/wp\/v2\/tags?post=399790"}],"curies":[{"name":"wp","href":"https:\/\/api.w.org\/{rel}","templated":true}]}}