{"id":399792,"date":"2025-09-18T11:16:19","date_gmt":"2025-09-18T11:16:19","guid":{"rendered":"https:\/\/www.europesays.com\/fr\/399792\/"},"modified":"2025-09-18T11:16:19","modified_gmt":"2025-09-18T11:16:19","slug":"adrian-smith-iron-maiden-et-nicko-mcbrain-rejouent-ensemble-aux-cotes-de-justin-chancellor-tool","status":"publish","type":"post","link":"https:\/\/www.europesays.com\/fr\/399792\/","title":{"rendered":"Adrian Smith (Iron Maiden) et Nicko McBrain rejouent ensemble aux c\u00f4t\u00e9s de Justin Chancellor (Tool)"},"content":{"rendered":"<p><strong>\u00c0 l\u2019occasion du mariage de sa fille en Toscane, Adrian Smith a retrouv\u00e9 son complice Nicko McBrain pour une reprise du classique Going Down de <a href=\"https:\/\/www.metalzone.fr\/jeff-beck\/\" target=\"_blank\" rel=\"noopener\">Jeff Beck<\/a>, aux c\u00f4t\u00e9s de Justin Chancellor (<a href=\"https:\/\/www.metalzone.fr\/tool\/\" target=\"_blank\" rel=\"noopener\">Tool<\/a>). Une prestation surprise, film\u00e9e par les invit\u00e9s, circule depuis sur les r\u00e9seaux sociaux.<\/strong><\/p>\n<p>Smith, McBrain et Chancellor : une rencontre improbable autour de Jeff Beck<\/p>\n<p>Le 12 septembre, en Italie, plusieurs invit\u00e9s ont eu la surprise d\u2019assister \u00e0 une jam session in\u00e9dite r\u00e9unissant Adrian Smith, Nicko McBrain et Justin Chancellor. Les trois musiciens ont repris ensemble Going Down, un morceau rendu c\u00e9l\u00e8bre par Jeff Beck, dans une ambiance d\u00e9contract\u00e9e mais empreinte de classe.<\/p>\n<p>Ce n\u2019est pas la premi\u00e8re apparition publique de McBrain depuis sa retraite des tourn\u00e9es avec <a href=\"https:\/\/www.metalzone.fr\/iron-maiden\/\" target=\"_blank\" rel=\"noopener\">Iron Maiden<\/a> en d\u00e9cembre 2024 : le batteur de 73 ans s\u2019est d\u00e9j\u00e0 produit cet \u00e9t\u00e9 en Floride avec Titanium Tart, son groupe hommage au r\u00e9pertoire de Maiden. Il y affirmait d\u2019ailleurs rester \u201cpleinement investi dans la famille Maiden\u201d, tout en se concentrant sur ses projets personnels.<\/p>\n<p>Cette jam informelle en Toscane vient toutefois marquer une nouvelle facette de sa libert\u00e9 retrouv\u00e9e, dans un cadre familial et festif, en pr\u00e9sence d\u2019un invit\u00e9 de marque issu d\u2019un autre pan du <a href=\"https:\/\/www.metalzone.fr\/metal-progressif\/\" target=\"_blank\" rel=\"noopener\">metal progressif<\/a>.<\/p>\n<p>Iron Maiden entre h\u00e9ritage et avenir<\/p>\n<p>Iron Maiden f\u00eate cette ann\u00e9e ses 50 ans avec la tourn\u00e9e Run For Your Lives, qui revisite ses premiers albums. Le groupe s\u2019est r\u00e9cemment produit \u00e0 guichets ferm\u00e9s \u00e0 Paris La D\u00e9fense Arena, et continue de porter haut l\u2019\u00e9tendard du <a href=\"https:\/\/www.metalzone.fr\/heavy-metal\/\" target=\"_blank\" rel=\"noopener\">metal<\/a> classique sur sc\u00e8ne, d\u00e9sormais avec Simon Dawson derri\u00e8re les f\u00fbts.<\/p>\n<p>Maiden a \u00e9galement \u00e9t\u00e9 nomm\u00e9 \u201cAlbum Champion\u201d pour le National Album Day 2025. <a href=\"https:\/\/www.metalzone.fr\/bruce-dickinson\/\" target=\"_blank\" rel=\"noopener\">Bruce Dickinson<\/a> y a d\u00e9clar\u00e9 : \u201cUn album, c\u2019est plus qu\u2019une collection de chansons. C\u2019est un objet \u00e0 part enti\u00e8re, une exp\u00e9rience qu\u2019on n\u2019oublie pas\u201d.<\/p>\n<p>Adrian Smith poursuit en parall\u00e8le son travail avec Richie Kotzen : leur deuxi\u00e8me album commun, Black Light\/White Noise, est sorti au printemps.<\/p>\n<p>Tool pr\u00e9pare son retour en studio<\/p>\n<p>Justin Chancellor, de son c\u00f4t\u00e9, est en pleine p\u00e9riode cr\u00e9ative avec Tool. Le groupe planifie un retour en studio en 2026, apr\u00e8s plusieurs mois de jams et d\u2019\u00e9criture en toile de fond. Adam Jones l\u2019a r\u00e9cemment confirm\u00e9 \u00e0 Loudwire Nights : \u201cOn va vraiment s\u2019y mettre. Notre but, c\u2019est un nouvel album et une nouvelle tourn\u00e9e\u201d.<\/p>\n<p>Maynard James Keenan a lui aussi \u00e9voqu\u00e9 la volont\u00e9 de ne plus trop attendre entre les projets. La participation au concert hommage \u00e0 <a href=\"https:\/\/www.metalzone.fr\/black-sabbath\/\" target=\"_blank\" rel=\"noopener\">Black Sabbath<\/a> a renforc\u00e9 cette envie d\u2019avancer : \u201cLa vie est courte. Il faut se lancer maintenant\u201d, a-t-il confi\u00e9.<\/p>\n<p>Cette reprise inattendue entre musiciens issus de deux sc\u00e8nes majeures du <a href=\"https:\/\/www.metalzone.fr\/rock-progressif\/\" target=\"_blank\" rel=\"noopener\">rock progressif<\/a> illustre \u00e0 la fois la solidit\u00e9 des liens entre g\u00e9n\u00e9rations et le plaisir simple de jouer, loin des projecteurs\u2026 mais pas des regards des fans.<\/p>\n<p>Vid\u00e9o du moment en question :<\/p>\n","protected":false},"excerpt":{"rendered":"\u00c0 l\u2019occasion du mariage de sa fille en Toscane, Adrian Smith a retrouv\u00e9 son complice Nicko McBrain pour&hellip;\n","protected":false},"author":2,"featured_media":399793,"comment_status":"","ping_status":"","sticky":false,"template":"","format":"standard","meta":{"footnotes":""},"categories":[1355],"tags":[58,59,1011,27,1361,873],"class_list":{"0":"post-399792","1":"post","2":"type-post","3":"status-publish","4":"format-standard","5":"has-post-thumbnail","7":"category-musique","8":"tag-divertissement","9":"tag-entertainment","10":"tag-fr","11":"tag-france","12":"tag-music","13":"tag-musique"},"share_on_mastodon":{"url":"https:\/\/pubeurope.com\/@fr\/115225020595788173","error":""},"_links":{"self":[{"href":"https:\/\/www.europesays.com\/fr\/wp-json\/wp\/v2\/posts\/399792","targetHints":{"allow":["GET"]}}],"collection":[{"href":"https:\/\/www.europesays.com\/fr\/wp-json\/wp\/v2\/posts"}],"about":[{"href":"https:\/\/www.europesays.com\/fr\/wp-json\/wp\/v2\/types\/post"}],"author":[{"embeddable":true,"href":"https:\/\/www.europesays.com\/fr\/wp-json\/wp\/v2\/users\/2"}],"replies":[{"embeddable":true,"href":"https:\/\/www.europesays.com\/fr\/wp-json\/wp\/v2\/comments?post=399792"}],"version-history":[{"count":0,"href":"https:\/\/www.europesays.com\/fr\/wp-json\/wp\/v2\/posts\/399792\/revisions"}],"wp:featuredmedia":[{"embeddable":true,"href":"https:\/\/www.europesays.com\/fr\/wp-json\/wp\/v2\/media\/399793"}],"wp:attachment":[{"href":"https:\/\/www.europesays.com\/fr\/wp-json\/wp\/v2\/media?parent=399792"}],"wp:term":[{"taxonomy":"category","embeddable":true,"href":"https:\/\/www.europesays.com\/fr\/wp-json\/wp\/v2\/categories?post=399792"},{"taxonomy":"post_tag","embeddable":true,"href":"https:\/\/www.europesays.com\/fr\/wp-json\/wp\/v2\/tags?post=399792"}],"curies":[{"name":"wp","href":"https:\/\/api.w.org\/{rel}","templated":true}]}}