{"id":399796,"date":"2025-09-18T11:18:12","date_gmt":"2025-09-18T11:18:12","guid":{"rendered":"https:\/\/www.europesays.com\/fr\/399796\/"},"modified":"2025-09-18T11:18:12","modified_gmt":"2025-09-18T11:18:12","slug":"loire-un-jeune-motard-gravement-blesse-apres-une-sortie-de-route-a-la-tourette","status":"publish","type":"post","link":"https:\/\/www.europesays.com\/fr\/399796\/","title":{"rendered":"Loire. Un jeune motard gravement bless\u00e9 apr\u00e8s une sortie de route \u00e0 La Tourette"},"content":{"rendered":"<p>Mercredi vers 16 h 20, un motard qui circulait sur la D3, dite route de Firminy, dans le village de La Tourette a \u00e9t\u00e9 victime d\u2019une sortie de route.<\/p>\n<p>L\u2019\u00e9tat des blessures de ce jeune homme, \u00e2g\u00e9 de 16 ans et originaire de la commune d&rsquo;Abo\u00ebn, a n\u00e9cessit\u00e9 l\u2019intervention de l\u2019h\u00e9licopt\u00e8re du Samu 42 afin qu\u2019il soit rapidement transport\u00e9 sur le CH Nord.<\/p>\n<p>L\u2019intervention a mobilis\u00e9 une dizaine de pompiers.<\/p>\n","protected":false},"excerpt":{"rendered":"Mercredi vers 16 h 20, un motard qui circulait sur la D3, dite route de Firminy, dans le&hellip;\n","protected":false},"author":2,"featured_media":399797,"comment_status":"","ping_status":"","sticky":false,"template":"","format":"standard","meta":{"footnotes":""},"categories":[10],"tags":[119,7359,274,1011,27,72,53126,3367,53127,71],"class_list":{"0":"post-399796","1":"post","2":"type-post","3":"status-publish","4":"format-standard","5":"has-post-thumbnail","7":"category-sante","8":"tag-accident","9":"tag-edition-loire-centre","10":"tag-faits-divers-justice","11":"tag-fr","12":"tag-france","13":"tag-health","14":"tag-la-tourette","15":"tag-loire","16":"tag-saint-bonnet-le-chateau-bassin","17":"tag-sante"},"share_on_mastodon":{"url":"https:\/\/pubeurope.com\/@fr\/115225028460494993","error":""},"_links":{"self":[{"href":"https:\/\/www.europesays.com\/fr\/wp-json\/wp\/v2\/posts\/399796","targetHints":{"allow":["GET"]}}],"collection":[{"href":"https:\/\/www.europesays.com\/fr\/wp-json\/wp\/v2\/posts"}],"about":[{"href":"https:\/\/www.europesays.com\/fr\/wp-json\/wp\/v2\/types\/post"}],"author":[{"embeddable":true,"href":"https:\/\/www.europesays.com\/fr\/wp-json\/wp\/v2\/users\/2"}],"replies":[{"embeddable":true,"href":"https:\/\/www.europesays.com\/fr\/wp-json\/wp\/v2\/comments?post=399796"}],"version-history":[{"count":0,"href":"https:\/\/www.europesays.com\/fr\/wp-json\/wp\/v2\/posts\/399796\/revisions"}],"wp:featuredmedia":[{"embeddable":true,"href":"https:\/\/www.europesays.com\/fr\/wp-json\/wp\/v2\/media\/399797"}],"wp:attachment":[{"href":"https:\/\/www.europesays.com\/fr\/wp-json\/wp\/v2\/media?parent=399796"}],"wp:term":[{"taxonomy":"category","embeddable":true,"href":"https:\/\/www.europesays.com\/fr\/wp-json\/wp\/v2\/categories?post=399796"},{"taxonomy":"post_tag","embeddable":true,"href":"https:\/\/www.europesays.com\/fr\/wp-json\/wp\/v2\/tags?post=399796"}],"curies":[{"name":"wp","href":"https:\/\/api.w.org\/{rel}","templated":true}]}}