{"id":399812,"date":"2025-09-18T11:26:14","date_gmt":"2025-09-18T11:26:14","guid":{"rendered":"https:\/\/www.europesays.com\/fr\/399812\/"},"modified":"2025-09-18T11:26:14","modified_gmt":"2025-09-18T11:26:14","slug":"le-resultat-de-ce-sondage-revele-un-nouveau-candidat","status":"publish","type":"post","link":"https:\/\/www.europesays.com\/fr\/399812\/","title":{"rendered":"le r\u00e9sultat de ce sondage r\u00e9v\u00e8le un nouveau candidat"},"content":{"rendered":"<p>            Par<br \/>\n        <strong><br \/>\n            <a href=\"https:\/\/actu.fr\/auteur\/julien-sournies\" title=\"Consulter tous les articles de Julien Sournies\" rel=\"nofollow noopener\" target=\"_blank\">Julien Sournies<\/a><br \/>\n        <\/strong><\/p>\n<p>        Publi\u00e9 le<\/p>\n<p>            17 sept. 2025 \u00e0 12h06        <\/p>\n<p>Ils \u00e9taient cinq au total. D\u00e9but septembre, le collectif \u00ab\u2009Saint-Etienne Ensemble 2026\u2009\u00bb a command\u00e9 un sondage aupr\u00e8s de l\u2019institut IFOP afin de d\u00e9terminer le chef de file de l\u2019union de la droite et du centre pour les prochaines \u00e9lections municipales de 2026 \u00e0 <a href=\"https:\/\/actu.fr\/saint-etienne\/\" rel=\"nofollow noopener\" target=\"_blank\">Saint-\u00c9tienne<\/a> (<a href=\"https:\/\/actu.fr\/auvergne-rhone-alpes\/loire_42\" rel=\"nofollow noopener\" target=\"_blank\">Loire<\/a>). Parmi les pr\u00e9tendants \u00e0 l\u2019h\u00f4tel de ville, on retrouvait Quentin Bataillon (Renaissance), Zahra Bencharif (PRG), Alain Berth\u00e9as (Parti radical), Lionel Boucher (UDI) et Dino Cinieri (LR). <br \/>Pour les d\u00e9partager, l\u2019opinion de quelque 603 personnes inscrites sur les listes \u00e9lectorales st\u00e9phanoises a \u00e9t\u00e9 retenue. Les St\u00e9phanois ont tranch\u00e9, et le constat est sans appel.<\/p>\n<p>Dino Cinieri en t\u00eate \u00e0 toutes les questions<\/p>\n<p class=\" wall-content\">Dans ce fameux sondage, c\u2019est <strong>Dino Cinieri<\/strong>, conseiller r\u00e9gional d\u2019Auvergne-Rh\u00f4ne-Alpes et ancien d\u00e9put\u00e9 de la Loire (2002-2023), qui est arriv\u00e9 en t\u00eate \u00e0 chacune des questions.<\/p>\n<p class=\" wall-content\">\u00c0 la question \u00ab\u2009Connaissez-vous ces personnalit\u00e9s, ne serait-ce que de nom\u2009?\u2009\u00bb, les St\u00e9phanois sollicit\u00e9s ont r\u00e9pondu \u00ab\u2009oui\u2009\u00bb \u00e0 53\u2009% s\u2019agissant de Dino Cinieri. L\u2019homme politique de 70\u00a0ans est par ailleurs <strong>le plus appr\u00e9ci\u00e9<\/strong> des personnes interrog\u00e9es, r\u00e9coltant 41\u2009% des voix.<\/p>\n<p class=\" wall-content\">Quant \u00e0 la question \u00ab\u2009Ces personnalit\u00e9s feraient-elles un bon maire\u2009?\u2009\u00bb, Dino Cinieri arrive encore en t\u00eate avec 40\u2009%. Enfin, \u00ab\u2009Qui souhaiteriez-vous le plus voir conduire la liste du centre et de la droite\u2009?\u2009\u00bb, c\u2019est toujours Dino Cinieri qui l\u2019emporte avec 21\u2009% des suffrages.<\/p>\n<p>La gauche donn\u00e9e favorite pour l\u2019heure<\/p>\n<p class=\" wall-content\">Repr\u00e9sentant de l\u2019union de la droite et du centre, ce dernier briguera donc la mairie st\u00e9phanoise dans neuf mois.<\/p>\n<p class=\" wall-content\">\u00ab\u2009Mon projet se d\u00e9veloppera autour d\u2019une \u00e9quipe comp\u00e9tente et diverse, pr\u00eate \u00e0 r\u00e9pondre aux grands enjeux d\u2019aujourd\u2019hui\u2009: emploi, s\u00e9curit\u00e9, culture, sant\u00e9, \u00e9conomie, etc. Avec nous, pas de politique politicienne mais un large rassemblement et une volont\u00e9 partag\u00e9e de servir notre Ville de Saint-\u00c9tienne\u2009\u00bb, avait alors r\u00e9agi l\u2019int\u00e9ress\u00e9 \u00e0 l\u2019annonce du sondage.<\/p>\n<blockquote class=\"ac-article-quote wall-content\">\n<p>Ensemble, nous lui redonnerons la place et le prestige qu\u2019elle m\u00e9rite. Mon attachement \u00e0 Saint-\u00c9tienne et mon ancrage st\u00e9phanois, je les porte au plus profond de mes tripes. Cette ville, c&rsquo;est ma vie, mon histoire et je veux l\u2019aider \u00e0 surmonter ses difficult\u00e9s actuelles car elle m\u2019a beaucoup donn\u00e9.<\/p>\n<p>    <strong>Dino Cinieri<\/strong><br \/>\n        Candidat aux \u00e9lections municipales 2026 \u00e0 Saint-Etienne    <\/p><\/blockquote>\n<p>Votre r\u00e9gion, votre actu !<\/p>\n<p>Recevez chaque jour les infos qui comptent pour vous.<\/p>\n<p>\t<a href=\"https:\/\/actu.fr\/newsletter\" class=\"ac-btn ac-btn--corner ac-btn--medium ac-btn--blue800\" rel=\"nofollow noopener\" target=\"_blank\">S&rsquo;incrire<\/a><\/p>\n<p class=\" wall-content\">M\u00eame s\u2019il jouit d\u2019un large soutien au centre et \u00e0 droite, Dino Cinieri n\u2019est pas pour autant le grand favori pour succ\u00e9der au maire sortant Ga\u00ebl Perdriau. Pour rappel, le Parti Socialiste de la Loire avait, lui aussi, command\u00e9 un sondage IFOP en f\u00e9vrier dernier.<\/p>\n<p class=\" wall-content\">Celui-ci a alors donn\u00e9 gagnante la liste emmen\u00e9e par l\u2019ancien d\u00e9put\u00e9 R\u00e9gis Juanico (PS), regroupant le Parti communiste, les \u00c9cologistes, Place Publique et le Parti Socialiste, avec 31\u2009% d\u2019intentions de vote, contre 22\u2009% pour celle de Dino Cinieri. Reste toutefois \u00e0 voir si cette coalition parviendra \u00e0 bouleverser la tendance actuelle dans la capitale lig\u00e9rienne en mars prochain.<\/p>\n<p class=\" wall-content\">Personnalisez votre actualit\u00e9 en ajoutant vos villes et m\u00e9dias en favori avec <a href=\"https:\/\/moncompte.actu.fr\" title=\"D\u00e9couvez Mon Actu\" rel=\"nofollow noopener\" data-trk=\"{&quot;cta&quot;:{&quot;action&quot;:&quot;https:\\\/\\\/moncompte.actu.fr&quot;,&quot;category&quot;:&quot;mon compte&quot;,&quot;from&quot;:&quot;article footer&quot;,&quot;name&quot;:&quot;Mon actu&quot;,&quot;type&quot;:&quot;cta&quot;}}\" target=\"_blank\">Mon Actu<\/a>.<\/p>\n","protected":false},"excerpt":{"rendered":"Par Julien Sournies Publi\u00e9 le 17 sept. 2025 \u00e0 12h06 Ils \u00e9taient cinq au total. D\u00e9but septembre, le&hellip;\n","protected":false},"author":2,"featured_media":399813,"comment_status":"","ping_status":"","sticky":false,"template":"","format":"standard","meta":{"footnotes":""},"categories":[9653],"tags":[1111,11,2430,4188,1777,674,1011,27,12242,12,316,25,4001],"class_list":{"0":"post-399812","1":"post","2":"type-post","3":"status-publish","4":"format-standard","5":"has-post-thumbnail","7":"category-saint-etienne","8":"tag-actu","9":"tag-actualites","10":"tag-auvergne-rhone-alpes","11":"tag-elections-municipales","12":"tag-eu","13":"tag-europe","14":"tag-fr","15":"tag-france","16":"tag-gael-perdriau","17":"tag-news","18":"tag-politique","19":"tag-republique-francaise","20":"tag-saint-etienne"},"share_on_mastodon":{"url":"https:\/\/pubeurope.com\/@fr\/115225060029799798","error":""},"_links":{"self":[{"href":"https:\/\/www.europesays.com\/fr\/wp-json\/wp\/v2\/posts\/399812","targetHints":{"allow":["GET"]}}],"collection":[{"href":"https:\/\/www.europesays.com\/fr\/wp-json\/wp\/v2\/posts"}],"about":[{"href":"https:\/\/www.europesays.com\/fr\/wp-json\/wp\/v2\/types\/post"}],"author":[{"embeddable":true,"href":"https:\/\/www.europesays.com\/fr\/wp-json\/wp\/v2\/users\/2"}],"replies":[{"embeddable":true,"href":"https:\/\/www.europesays.com\/fr\/wp-json\/wp\/v2\/comments?post=399812"}],"version-history":[{"count":0,"href":"https:\/\/www.europesays.com\/fr\/wp-json\/wp\/v2\/posts\/399812\/revisions"}],"wp:featuredmedia":[{"embeddable":true,"href":"https:\/\/www.europesays.com\/fr\/wp-json\/wp\/v2\/media\/399813"}],"wp:attachment":[{"href":"https:\/\/www.europesays.com\/fr\/wp-json\/wp\/v2\/media?parent=399812"}],"wp:term":[{"taxonomy":"category","embeddable":true,"href":"https:\/\/www.europesays.com\/fr\/wp-json\/wp\/v2\/categories?post=399812"},{"taxonomy":"post_tag","embeddable":true,"href":"https:\/\/www.europesays.com\/fr\/wp-json\/wp\/v2\/tags?post=399812"}],"curies":[{"name":"wp","href":"https:\/\/api.w.org\/{rel}","templated":true}]}}