{"id":399816,"date":"2025-09-18T11:28:10","date_gmt":"2025-09-18T11:28:10","guid":{"rendered":"https:\/\/www.europesays.com\/fr\/399816\/"},"modified":"2025-09-18T11:28:10","modified_gmt":"2025-09-18T11:28:10","slug":"ils-cambriolent-une-maison-alors-que-la-proprietaire-est-dans-son-jardin-sa-voisine-alerte-la-police","status":"publish","type":"post","link":"https:\/\/www.europesays.com\/fr\/399816\/","title":{"rendered":"ils cambriolent une maison alors que la propri\u00e9taire est dans son jardin, sa voisine alerte la police"},"content":{"rendered":"<p>            Par<br \/>\n        <strong><br \/>\n            <a href=\"https:\/\/actu.fr\/auteur\/pierre-emile-bouchy-actu-fr\" title=\"Consulter tous les articles de Paul-Emile Bouchy\" rel=\"nofollow noopener\" target=\"_blank\">Paul-Emile Bouchy<\/a><br \/>\n        <\/strong><\/p>\n<p>        Publi\u00e9 le<\/p>\n<p>            18 sept. 2025 \u00e0 13h11        <\/p>\n<p>Mardi 16 septembre 2025, vers 16h45, un <a href=\"https:\/\/actu.fr\/tag\/cambriolage\" rel=\"nofollow noopener\" target=\"_blank\">cambriolage<\/a> a eu lieu dans une maison du <strong>quartier Rives de Meurthe nord<\/strong> \u00e0 <a href=\"https:\/\/actu.fr\/grand-est\/nancy_54395\" rel=\"nofollow noopener\" target=\"_blank\">Nancy<\/a> (Meurthe-et-Moselle).<\/p>\n<p class=\" wall-content\">Heureusement, <strong>une voisine attentive a alert\u00e9 la police<\/strong> qui a pu interpeller deux individus.<\/p>\n<p>Elle est cambriol\u00e9e pendant qu\u2019elle est dans son jardin<\/p>\n<p class=\" wall-content\">Voyant <strong>deux jeunes hommes escalader le portail<\/strong> pour rentrer dans la maison, cette voisine a eu le bon r\u00e9flexe de <strong>composer le 17 <\/strong>pour alerter la <a href=\"https:\/\/actu.fr\/tag\/police\" rel=\"nofollow noopener\" target=\"_blank\">police<\/a>.<\/p>\n<p class=\" wall-content\">Les cambrioleurs se sont introduits dans la maison dont la porte \u00e9tait ouverte pendant que la propri\u00e9taire \u00e9tait dans son jardin.<\/p>\n<p>Les deux cambrioleurs interpell\u00e9s par la police<\/p>\n<p class=\" wall-content\">En attendant l\u2019arriv\u00e9e rapide des forces de l\u2019ordre sur place, les individus d\u00e9cident de prendre la fuite. Apr\u00e8s une course poursuite, ils sont interpell\u00e9s et emmen\u00e9s \u00e0 l\u2019h\u00f4tel de police.<\/p>\n<p class=\" wall-content\">Les deux individus, qui se disent mineurs, ont reconnu les faits et ont \u00e9cop\u00e9 d\u2019un <strong>avertissement p\u00e9nal probatoire<\/strong> avant d\u2019\u00eatre plac\u00e9s en foyer.<\/p>\n<p class=\" wall-content\">Les 80 euros en esp\u00e8ce vol\u00e9s dans la maison vont \u00eatre rendus \u00e0 la propri\u00e9taire.<\/p>\n<p class=\" wall-content\">Personnalisez votre actualit\u00e9 en ajoutant vos villes et m\u00e9dias en favori avec <a href=\"https:\/\/moncompte.actu.fr\" title=\"D\u00e9couvez Mon Actu\" rel=\"nofollow noopener\" data-trk=\"{&quot;cta&quot;:{&quot;action&quot;:&quot;https:\\\/\\\/moncompte.actu.fr&quot;,&quot;category&quot;:&quot;mon compte&quot;,&quot;from&quot;:&quot;article footer&quot;,&quot;name&quot;:&quot;Mon actu&quot;,&quot;type&quot;:&quot;cta&quot;}}\" target=\"_blank\">Mon Actu<\/a>.<\/p>\n","protected":false},"excerpt":{"rendered":"Par Paul-Emile Bouchy Publi\u00e9 le 18 sept. 2025 \u00e0 13h11 Mardi 16 septembre 2025, vers 16h45, un cambriolage&hellip;\n","protected":false},"author":2,"featured_media":399817,"comment_status":"","ping_status":"","sticky":false,"template":"","format":"standard","meta":{"footnotes":""},"categories":[9635],"tags":[1111,11,1174,1777,674,118,1011,27,775,1702,12,1072,25],"class_list":{"0":"post-399816","1":"post","2":"type-post","3":"status-publish","4":"format-standard","5":"has-post-thumbnail","7":"category-nancy","8":"tag-actu","9":"tag-actualites","10":"tag-cambriolage","11":"tag-eu","12":"tag-europe","13":"tag-faits-divers","14":"tag-fr","15":"tag-france","16":"tag-grand-est","17":"tag-nancy","18":"tag-news","19":"tag-police","20":"tag-republique-francaise"},"share_on_mastodon":{"url":"https:\/\/pubeurope.com\/@fr\/115225067846735643","error":""},"_links":{"self":[{"href":"https:\/\/www.europesays.com\/fr\/wp-json\/wp\/v2\/posts\/399816","targetHints":{"allow":["GET"]}}],"collection":[{"href":"https:\/\/www.europesays.com\/fr\/wp-json\/wp\/v2\/posts"}],"about":[{"href":"https:\/\/www.europesays.com\/fr\/wp-json\/wp\/v2\/types\/post"}],"author":[{"embeddable":true,"href":"https:\/\/www.europesays.com\/fr\/wp-json\/wp\/v2\/users\/2"}],"replies":[{"embeddable":true,"href":"https:\/\/www.europesays.com\/fr\/wp-json\/wp\/v2\/comments?post=399816"}],"version-history":[{"count":0,"href":"https:\/\/www.europesays.com\/fr\/wp-json\/wp\/v2\/posts\/399816\/revisions"}],"wp:featuredmedia":[{"embeddable":true,"href":"https:\/\/www.europesays.com\/fr\/wp-json\/wp\/v2\/media\/399817"}],"wp:attachment":[{"href":"https:\/\/www.europesays.com\/fr\/wp-json\/wp\/v2\/media?parent=399816"}],"wp:term":[{"taxonomy":"category","embeddable":true,"href":"https:\/\/www.europesays.com\/fr\/wp-json\/wp\/v2\/categories?post=399816"},{"taxonomy":"post_tag","embeddable":true,"href":"https:\/\/www.europesays.com\/fr\/wp-json\/wp\/v2\/tags?post=399816"}],"curies":[{"name":"wp","href":"https:\/\/api.w.org\/{rel}","templated":true}]}}