{"id":399830,"date":"2025-09-18T11:38:19","date_gmt":"2025-09-18T11:38:19","guid":{"rendered":"https:\/\/www.europesays.com\/fr\/399830\/"},"modified":"2025-09-18T11:38:19","modified_gmt":"2025-09-18T11:38:19","slug":"metropole-de-grenoble-la-chute-de-poteaux-telecom-coupe-la-rd-57-f-a-saint-martin-le-vinoux","status":"publish","type":"post","link":"https:\/\/www.europesays.com\/fr\/399830\/","title":{"rendered":"M\u00e9tropole de Grenoble. La chute de poteaux t\u00e9l\u00e9com coupe la RD 57\u00a0F \u00e0\u00a0Saint-Martin-le-Vinoux"},"content":{"rendered":"<p>La route d\u00e9partementale 57\u00a0F (dite route de La Frette), qui relie le col de Cl\u00e9menci\u00e8res au col de Vence sur la commune de Saint-Martin-le-Vinoux, a \u00e9t\u00e9 momentan\u00e9ment coup\u00e9e \u00e0 la circulation, ce jeudi 18\u00a0septembre, apr\u00e8s la chute de plusieurs poteaux t\u00e9l\u00e9com, survenue peu avant 10\u00a0h\u00a030, dans des circonstances encore ind\u00e9termin\u00e9es.<\/p>\n<p>Ce contenu est bloqu\u00e9 car vous n&rsquo;avez pas accept\u00e9 les cookies et autres traceurs.<\/p>\n<p>En cliquant sur \u00ab J\u2019accepte \u00bb, les cookies et autres traceurs seront d\u00e9pos\u00e9s et vous pourrez visualiser les contenus  (<a href=\"\" class=\"consentModule_policy\" target=\"_blank\" title=\"Consulter la politique de protection des donn\u00e9es du fournisseur\">plus d&rsquo;informations<\/a>).<\/p>\n<p>En cliquant sur \u00ab J\u2019accepte tous les cookies \u00bb, vous autorisez des d\u00e9p\u00f4ts de cookies et autres traceurs pour le stockage de vos donn\u00e9es sur nos sites et applications \u00e0 des fins de personnalisation et de ciblage publicitaire.<\/p>\n<p class=\"consentModule_secondaryText\">Vous gardez la possibilit\u00e9 de retirer votre consentement \u00e0 tout moment en consultant notre <a href=\"https:\/\/www.ledauphine.com\/protection-des-donnees\" target=\"_blank\" title=\"Consulter notre politique de protection des donn\u00e9es\" rel=\"noopener\">politique de protection des donn\u00e9es<\/a>. <br \/>&#13;<br \/>\n            <a href=\"https:\/\/www.ledauphine.com\/faits-divers-justice\/2025\/09\/18\/javascript:Didomi.notice.show()\" class=\"consentModule_cmp\" target=\"_blank\" rel=\"noopener\">G\u00e9rer mes choix<\/a>&#13;\n        <\/p>\n<p>&#13;<br \/>\n                        J&rsquo;accepte&#13;<br \/>\n            J&rsquo;accepte tous les cookies&#13;\n        <\/p>\n<p>Une voie a pu \u00eatre rapidement lib\u00e9r\u00e9e et la circulation reprendre en alternat, vers 11 heures, en attendant l\u2019intervention des techniciens.<\/p>\n","protected":false},"excerpt":{"rendered":"La route d\u00e9partementale 57\u00a0F (dite route de La Frette), qui relie le col de Cl\u00e9menci\u00e8res au col de&hellip;\n","protected":false},"author":2,"featured_media":399831,"comment_status":"","ping_status":"","sticky":false,"template":"","format":"standard","meta":{"footnotes":""},"categories":[9566],"tags":[1111,11,2430,3542,112,1777,674,274,1011,27,2731,108,12,25,276,9612,2803],"class_list":{"0":"post-399830","1":"post","2":"type-post","3":"status-publish","4":"format-standard","5":"has-post-thumbnail","7":"category-grenoble","8":"tag-actu","9":"tag-actualites","10":"tag-auvergne-rhone-alpes","11":"tag-circulation","12":"tag-edition-grenoble-agglomeration","13":"tag-eu","14":"tag-europe","15":"tag-faits-divers-justice","16":"tag-fr","17":"tag-france","18":"tag-grenoble","19":"tag-isere","20":"tag-news","21":"tag-republique-francaise","22":"tag-saint-egreve-et-autour","23":"tag-saint-martin-le-vinoux","24":"tag-transport"},"share_on_mastodon":{"url":"https:\/\/pubeurope.com\/@fr\/115225107042894457","error":""},"_links":{"self":[{"href":"https:\/\/www.europesays.com\/fr\/wp-json\/wp\/v2\/posts\/399830","targetHints":{"allow":["GET"]}}],"collection":[{"href":"https:\/\/www.europesays.com\/fr\/wp-json\/wp\/v2\/posts"}],"about":[{"href":"https:\/\/www.europesays.com\/fr\/wp-json\/wp\/v2\/types\/post"}],"author":[{"embeddable":true,"href":"https:\/\/www.europesays.com\/fr\/wp-json\/wp\/v2\/users\/2"}],"replies":[{"embeddable":true,"href":"https:\/\/www.europesays.com\/fr\/wp-json\/wp\/v2\/comments?post=399830"}],"version-history":[{"count":0,"href":"https:\/\/www.europesays.com\/fr\/wp-json\/wp\/v2\/posts\/399830\/revisions"}],"wp:featuredmedia":[{"embeddable":true,"href":"https:\/\/www.europesays.com\/fr\/wp-json\/wp\/v2\/media\/399831"}],"wp:attachment":[{"href":"https:\/\/www.europesays.com\/fr\/wp-json\/wp\/v2\/media?parent=399830"}],"wp:term":[{"taxonomy":"category","embeddable":true,"href":"https:\/\/www.europesays.com\/fr\/wp-json\/wp\/v2\/categories?post=399830"},{"taxonomy":"post_tag","embeddable":true,"href":"https:\/\/www.europesays.com\/fr\/wp-json\/wp\/v2\/tags?post=399830"}],"curies":[{"name":"wp","href":"https:\/\/api.w.org\/{rel}","templated":true}]}}