{"id":399834,"date":"2025-09-18T11:40:11","date_gmt":"2025-09-18T11:40:11","guid":{"rendered":"https:\/\/www.europesays.com\/fr\/399834\/"},"modified":"2025-09-18T11:40:11","modified_gmt":"2025-09-18T11:40:11","slug":"inondations-en-ille-et-vilaine-ouverture-des-indemnisations-pour-les-agriculteurs-sinistres","status":"publish","type":"post","link":"https:\/\/www.europesays.com\/fr\/399834\/","title":{"rendered":"Inondations en Ille-et-Vilaine\u00a0: ouverture des indemnisations pour les agriculteurs sinistr\u00e9s"},"content":{"rendered":"<p>Huit mois apr\u00e8s les inondations qui ont touch\u00e9 l\u2019Ille-et-Vilaine en janvier dernier, la pr\u00e9fecture annonce l\u2019ouverture d\u2019un dispositif d\u2019indemnisation pour les agriculteurs ayant subi des pertes de fonds. Une d\u00e9cision faisant suite \u00e0 un arr\u00eat\u00e9 pris par le minist\u00e8re de l\u2019Agriculture le 21 juillet et reconnaissant \u00ab le caract\u00e8re de calamit\u00e9 agricole aux dommages subis par les agriculteurs \u00bb bretilliens.<\/p>\n<p>Les exploitants concern\u00e9s peuvent d\u00e9poser une demande d\u2019indemnisation, sous format papier, du 15 septembre au 17 octobre inclus. Les pertes indemnisables sont \u00ab les pertes hors b\u00e2timent de bovins et de ruches \u00bb, \u00ab les pertes de stocks ext\u00e9rieurs de fourrages (foin, paille, ma\u00efs et herbe stock\u00e9s) \u00bb et \u00ab les d\u00e9g\u00e2ts sur sols, cl\u00f4tures et chemins \u00bb, indique la pr\u00e9fecture.<\/p>\n<p>Pour b\u00e9n\u00e9ficier d\u2019une indemnisation, les exploitants doivent exercer une activit\u00e9 agricole professionnelle, ne pas \u00eatre en proc\u00e9dure collective d\u2019insolvabilit\u00e9 (sauvegarde, redressement ou liquidation judiciaire, ou sous plan de sauvegarde ou de redressement), justifier des pertes de fonds sup\u00e9rieures \u00e0 1 000 \u20ac et disposer, en janvier 2025, d\u2019une assurance incendie couvrant les \u00e9l\u00e9ments principaux de l\u2019exploitation.<\/p>\n<p>Les documents \u00e0 remplir sont disponibles sur <a href=\"https:\/\/www.ille-et-vilaine.gouv.fr\/Actions-de-l-Etat\/Agriculture-et-developpement-rural\/Agriculture\/Aides-aux-exploitations\/Calamites-agricoles-ISN\/Calamites-agricoles-Pertes-de-fonds-inondations\" target=\"_blank\" rel=\"noopener\">le site de la pr\u00e9fecture<\/a>. Ils devront ensuite \u00eatre retourn\u00e9s \u00e0 la Direction d\u00e9partementale des territoires et de la mer d\u2019Ille-et-Vilaine (\u00e0 l\u2019adresse postale DDTM 35 Le Morgat \u2013 12 rue Maurice Fabre CS 23167 &#8211; 35031 Rennes cedex ou par courriel \u00e0 <a href=\"https:\/\/www.letelegramme.fr\/cdn-cgi\/l\/email-protection\" class=\"__cf_email__\" data-cfemail=\"ed89899980c09e888c89c08e8c818c80ad84818188c08899c09b84818c848388c38a82989bc38b9f\" target=\"_blank\" rel=\"noopener\">[email\u00a0protected]<\/a>).<\/p>\n","protected":false},"excerpt":{"rendered":"Huit mois apr\u00e8s les inondations qui ont touch\u00e9 l\u2019Ille-et-Vilaine en janvier dernier, la pr\u00e9fecture annonce l\u2019ouverture d\u2019un dispositif&hellip;\n","protected":false},"author":2,"featured_media":399835,"comment_status":"","ping_status":"","sticky":false,"template":"","format":"standard","meta":{"footnotes":""},"categories":[2821],"tags":[1111,11,327,5825,829,4732,33,1777,674,1011,27,848,4458,12,584,25],"class_list":{"0":"post-399834","1":"post","2":"type-post","3":"status-publish","4":"format-standard","5":"has-post-thumbnail","7":"category-rennes","8":"tag-actu","9":"tag-actualites","10":"tag-agriculture","11":"tag-agroalimentaire","12":"tag-bretagne","13":"tag-catastrophe-naturelle","14":"tag-economie","15":"tag-eu","16":"tag-europe","17":"tag-fr","18":"tag-france","19":"tag-ille-et-vilaine","20":"tag-inondation","21":"tag-news","22":"tag-rennes","23":"tag-republique-francaise"},"share_on_mastodon":{"url":"https:\/\/pubeurope.com\/@fr\/115225114955350636","error":""},"_links":{"self":[{"href":"https:\/\/www.europesays.com\/fr\/wp-json\/wp\/v2\/posts\/399834","targetHints":{"allow":["GET"]}}],"collection":[{"href":"https:\/\/www.europesays.com\/fr\/wp-json\/wp\/v2\/posts"}],"about":[{"href":"https:\/\/www.europesays.com\/fr\/wp-json\/wp\/v2\/types\/post"}],"author":[{"embeddable":true,"href":"https:\/\/www.europesays.com\/fr\/wp-json\/wp\/v2\/users\/2"}],"replies":[{"embeddable":true,"href":"https:\/\/www.europesays.com\/fr\/wp-json\/wp\/v2\/comments?post=399834"}],"version-history":[{"count":0,"href":"https:\/\/www.europesays.com\/fr\/wp-json\/wp\/v2\/posts\/399834\/revisions"}],"wp:featuredmedia":[{"embeddable":true,"href":"https:\/\/www.europesays.com\/fr\/wp-json\/wp\/v2\/media\/399835"}],"wp:attachment":[{"href":"https:\/\/www.europesays.com\/fr\/wp-json\/wp\/v2\/media?parent=399834"}],"wp:term":[{"taxonomy":"category","embeddable":true,"href":"https:\/\/www.europesays.com\/fr\/wp-json\/wp\/v2\/categories?post=399834"},{"taxonomy":"post_tag","embeddable":true,"href":"https:\/\/www.europesays.com\/fr\/wp-json\/wp\/v2\/tags?post=399834"}],"curies":[{"name":"wp","href":"https:\/\/api.w.org\/{rel}","templated":true}]}}