{"id":399836,"date":"2025-09-18T11:41:16","date_gmt":"2025-09-18T11:41:16","guid":{"rendered":"https:\/\/www.europesays.com\/fr\/399836\/"},"modified":"2025-09-18T11:41:16","modified_gmt":"2025-09-18T11:41:16","slug":"direct-greve-du-jeudi-18-septembre-a-rennes-ni-chair-a-canon-ni-chair-a-patron-le-cortege-selance","status":"publish","type":"post","link":"https:\/\/www.europesays.com\/fr\/399836\/","title":{"rendered":"Direct. Gr\u00e8ve du jeudi 18 septembre \u00e0 Rennes. \u00ab\u00a0Ni chair \u00e0 canon, ni chair \u00e0 patron\u00a0\u00bb : le cort\u00e8ge s&rsquo;\u00e9lance"},"content":{"rendered":"<p>            Par<br \/>\n        <strong><br \/>\n            <a href=\"https:\/\/actu.fr\/auteur\/laurene-fertin\" title=\"Consulter tous les articles de Laur\u00e8ne Fertin\" rel=\"nofollow noopener\" target=\"_blank\">Laur\u00e8ne Fertin<\/a><br \/>\n        <\/strong><\/p>\n<p>        Publi\u00e9 le<\/p>\n<p>            18 sept. 2025 \u00e0 13h17        <\/p>\n<p><strong>La gr\u00e8ve du jeudi 18\u00a0septembre 2025<\/strong> s\u2019annonce <strong>soutenue<\/strong> dans la capitale bretonne. T\u00f4t dans la matin\u00e9e, <a href=\"https:\/\/actu.fr\/bretagne\/rennes_35238\/sans-succes-des-tentatives-de-blocages-dejouees-par-la-police-a-rennes-ce-jeudi-18-septembre_63178151.html\" rel=\"nofollow noopener\" target=\"_blank\">plusieurs tentatives de blocages ont \u00e9t\u00e9 lanc\u00e9es et d\u00e9jou\u00e9es par les forces de l\u2019ordre<\/a> \u2013 \u00e0 l\u2019instar de la veille, mercredi 17 septembre, o\u00f9 des rendez-vous \u00e9taient donn\u00e9s par Bloquons tout 35, aux m\u00e9tros Villejean et Cleunay.<\/p>\n<p class=\" wall-content\"><strong>D\u00e8s 13h ce jeudi<\/strong>, l\u2019intersyndicale appelle \u00e0 <strong>la manifestation<\/strong> sur l\u2019esplanade Charles de Gaulle. La pr\u00e9fecture de Bretagne a, face \u00e0 <strong>\u00ab\u2009l\u2019ampleur\u2009\u00bb<\/strong> du mouvement, \u00e9tabli un \u00ab\u2009un dispositif de s\u00e9curit\u00e9 proportionn\u00e9, adapt\u00e9 et coordonn\u00e9\u2009\u00bb.<\/p>\n<p class=\" wall-content\">La r\u00e9daction d\u2019<a href=\"https:\/\/actu.fr\/rennes\/\" rel=\"nofollow noopener\" target=\"_blank\">actu Rennes<\/a> est pleinement mobilis\u00e9e pour vous informer lors de cette nouvelle journ\u00e9e de mobilisation. Suivez avec nous ce direct.<\/p>\n<p class=\" wall-content\"><strong>13h30<\/strong> \u2013 Le cort\u00e8ge <strong>s\u2019est \u00e9lanc\u00e9 rue d\u2019Isly<\/strong>. En t\u00eate : les \u00e9tudiants.\u00a0<\/p>\n<p class=\" wall-content\"><strong>13h \u2013\u00a0<\/strong>Les forces de l\u2019ordre sont en place, dans les rues de Rennes. <strong>Les gendarmes mobiles<\/strong> sont pr\u00e9sents sur la place de Bretagne et le boulevard de la Libert\u00e9 ; place de la R\u00e9publique sont pr\u00e9sents les <strong>CRS.<\/strong>\u00a0<\/p>\n<p>    <img   decoding=\"async\" loading=\"lazy\" src=\"https:\/\/www.europesays.com\/fr\/wp-content\/uploads\/2025\/09\/whatsapp-image-2025-09-18-at-125102-960x640.jpeg\" alt=\"xx\" width=\"960\" height=\"640\"\/><br \/>\n    Les forces de l\u2019ordre sont en place pour la manifestation qui se lance d\u00e8s 13h au d\u00e9part de l\u2019esplanade Charles de Gaulle. (\u00a9Brian Le Goff \/ actu Rennes)<\/p>\n<p class=\" wall-content\">Dans le centre-ville, <strong>toutes les vitres des abribus<\/strong> ont \u00e9t\u00e9 retir\u00e9es.\u00a0<\/p>\n<p class=\" wall-content\">\n<p class=\" wall-content\"><strong>12h45<\/strong> \u2013 Les manifestants arrivent doucement non loin de l\u2019esplanade Charles de Gaulle. Ils sont environ 5 000 (le nombre sera amener \u00e0 \u00e9voluer).<\/p>\n<p>Votre r\u00e9gion, votre actu !<\/p>\n<p>Recevez chaque jour les infos qui comptent pour vous.<\/p>\n<p>\t<a href=\"https:\/\/actu.fr\/newsletter\" class=\"ac-btn ac-btn--corner ac-btn--medium ac-btn--blue800\" rel=\"nofollow noopener\" target=\"_blank\">S&rsquo;incrire<\/a><\/p>\n<p class=\" wall-content\"><strong>12h \u2013 Le r\u00e9cap\u2019 de la matin\u00e9e<\/strong><\/p>\n<ul class=\" wall-content\">\n<li><a href=\"https:\/\/actu.fr\/bretagne\/rennes_35238\/sans-succes-des-tentatives-de-blocages-dejouees-par-la-police-a-rennes-ce-jeudi-18-septembre_63178151.html\" rel=\"nofollow noopener\" target=\"_blank\">Des tentatives de blocages ont \u00e9t\u00e9 d\u00e9jou\u00e9es<\/a> par les forces de l\u2019ordre, d\u00e8s 6h30, \u00e0 Rennes\u2009: dans <strong>plusieurs lyc\u00e9es,<\/strong> mais aussi dans le secteur des Gayeulles ;<\/li>\n<li><strong>Un barrage filtrant<\/strong> a par ailleurs \u00e9t\u00e9 mis en place \u00e0 <strong>Pac\u00e9,<\/strong> \u00ab\u2009rapidement dissip\u00e9 par les forces de l\u2019ordre\u2009\u00bb, indique la pr\u00e9fecture ;<\/li>\n<li><a href=\"https:\/\/actu.fr\/bretagne\/rennes_35238\/en-bretagne-plus-de-4-pharmacies-sur-5-en-greve-jeudi-18-septembre-l-ars-en-requisitionne-certaines_63175206.html\" rel=\"nofollow noopener\" target=\"_blank\">Les pharmaciens<\/a> sont quant \u00e0 eux, d\u00e9j\u00e0 dans la rue. Au d\u00e9part de l\u2019esplanade Charles de Gaulle, <strong>570 personnes<\/strong> ont manifest\u00e9 dans le centre-ville, d\u00e8s 10h ;<\/li>\n<li>Aux alentours de 12h, <strong>une trentaine de manifestants<\/strong> ont bloqu\u00e9 <strong>un rond-point<\/strong> situ\u00e9 \u00e0 <strong>Grand Quartier.<\/strong> \u00ab\u00a0Gr\u00e2ce \u00e0 l\u2019intervention rapide des forces de l\u2019ordre, la circulation a \u00e9t\u00e9 r\u00e9tablie en moins de 15 minutes\u00a0\u00bb, indique la pr\u00e9fecture de Bretagne.<\/li>\n<\/ul>\n<p class=\" wall-content\">Personnalisez votre actualit\u00e9 en ajoutant vos villes et m\u00e9dias en favori avec <a href=\"https:\/\/moncompte.actu.fr\" title=\"D\u00e9couvez Mon Actu\" rel=\"nofollow noopener\" data-trk=\"{&quot;cta&quot;:{&quot;action&quot;:&quot;https:\\\/\\\/moncompte.actu.fr&quot;,&quot;category&quot;:&quot;mon compte&quot;,&quot;from&quot;:&quot;article footer&quot;,&quot;name&quot;:&quot;Mon actu&quot;,&quot;type&quot;:&quot;cta&quot;}}\" target=\"_blank\">Mon Actu<\/a>.<\/p>\n","protected":false},"excerpt":{"rendered":"Par Laur\u00e8ne Fertin Publi\u00e9 le 18 sept. 2025 \u00e0 13h17 La gr\u00e8ve du jeudi 18\u00a0septembre 2025 s\u2019annonce soutenue&hellip;\n","protected":false},"author":2,"featured_media":399837,"comment_status":"","ping_status":"","sticky":false,"template":"","format":"standard","meta":{"footnotes":""},"categories":[2821],"tags":[1111,11,47212,829,1777,674,1011,27,52713,1272,12,584,25,104],"class_list":{"0":"post-399836","1":"post","2":"type-post","3":"status-publish","4":"format-standard","5":"has-post-thumbnail","7":"category-rennes","8":"tag-actu","9":"tag-actualites","10":"tag-bloquons-tout","11":"tag-bretagne","12":"tag-eu","13":"tag-europe","14":"tag-fr","15":"tag-france","16":"tag-greve-du-18-septembre","17":"tag-manifestations","18":"tag-news","19":"tag-rennes","20":"tag-republique-francaise","21":"tag-societe"},"share_on_mastodon":{"url":"https:\/\/pubeurope.com\/@fr\/115225119332024623","error":""},"_links":{"self":[{"href":"https:\/\/www.europesays.com\/fr\/wp-json\/wp\/v2\/posts\/399836","targetHints":{"allow":["GET"]}}],"collection":[{"href":"https:\/\/www.europesays.com\/fr\/wp-json\/wp\/v2\/posts"}],"about":[{"href":"https:\/\/www.europesays.com\/fr\/wp-json\/wp\/v2\/types\/post"}],"author":[{"embeddable":true,"href":"https:\/\/www.europesays.com\/fr\/wp-json\/wp\/v2\/users\/2"}],"replies":[{"embeddable":true,"href":"https:\/\/www.europesays.com\/fr\/wp-json\/wp\/v2\/comments?post=399836"}],"version-history":[{"count":0,"href":"https:\/\/www.europesays.com\/fr\/wp-json\/wp\/v2\/posts\/399836\/revisions"}],"wp:featuredmedia":[{"embeddable":true,"href":"https:\/\/www.europesays.com\/fr\/wp-json\/wp\/v2\/media\/399837"}],"wp:attachment":[{"href":"https:\/\/www.europesays.com\/fr\/wp-json\/wp\/v2\/media?parent=399836"}],"wp:term":[{"taxonomy":"category","embeddable":true,"href":"https:\/\/www.europesays.com\/fr\/wp-json\/wp\/v2\/categories?post=399836"},{"taxonomy":"post_tag","embeddable":true,"href":"https:\/\/www.europesays.com\/fr\/wp-json\/wp\/v2\/tags?post=399836"}],"curies":[{"name":"wp","href":"https:\/\/api.w.org\/{rel}","templated":true}]}}