{"id":399838,"date":"2025-09-18T11:42:11","date_gmt":"2025-09-18T11:42:11","guid":{"rendered":"https:\/\/www.europesays.com\/fr\/399838\/"},"modified":"2025-09-18T11:42:11","modified_gmt":"2025-09-18T11:42:11","slug":"strasbourg-gilles-egloff-quitte-diabolo-poivre-et-reprend-aux-trois-chevaliers","status":"publish","type":"post","link":"https:\/\/www.europesays.com\/fr\/399838\/","title":{"rendered":"Strasbourg. Gilles Egloff quitte Diabolo Poivre et reprend \u00ab\u00a0Aux trois chevaliers\u00a0\u00bb"},"content":{"rendered":"<p>Il a fix\u00e9 rendez-vous \u00e0 La hache , rue de la Douane. Un lieu embl\u00e9matique, tant de la success-story strasbourgeoise de Diabolo Poivre, qui compte aujourd\u2019hui une dizaine d\u2019\u00e9tablissements pour un peu plus de 300 salari\u00e9s et \u00e0 laquelle il a largement contribu\u00e9, que du nouveau virage qu\u2019il s\u2019appr\u00eate \u00e0 effectuer\u00a0; de son tropisme pour les lieux charg\u00e9s d\u2019histoire, aussi. Comme \u00ab\u00a0une suite logique\u00a0\u00bb dans son parcours, Gilles Egloff a d\u00e9cid\u00e9, \u00e0 l\u2019issue de 18 ans d\u2019une tr\u00e8s belle aventure, de tourner la page Diabolo Poivre. \u00ab\u00a0Je quitterai le groupe courant octobre\u00a0\u00bb, confirme autour d\u2019un caf\u00e9 le futur ex-acolyte de J\u00e9r\u00f4me Fricker, avec qui tout a commenc\u00e9, et de Christophe Lemennais.<\/p>\n<p>L\u2019envie de retrouver la salle et le contact avec les clients<\/p>\n<p>Une surprise\u00a0? Pas pour lui\u00a0; ni vraiment pour ses associ\u00e9s. \u00ab\u00a0On fait le point deux fois par an. On a toujours discut\u00e9 ouvertement de nos ressentis et de nos envies. Le jour o\u00f9 j\u2019ai visit\u00e9 Aux  trois chevaliers  , avec sa situation exceptionnelle quai&#8230;<\/p>\n","protected":false},"excerpt":{"rendered":"Il a fix\u00e9 rendez-vous \u00e0 La hache , rue de la Douane. Un lieu embl\u00e9matique, tant de la&hellip;\n","protected":false},"author":2,"featured_media":399839,"comment_status":"","ping_status":"","sticky":false,"template":"","format":"standard","meta":{"footnotes":""},"categories":[2820],"tags":[1111,11,2389,1477,2649,4406,130,33,2880,1777,674,107,1011,27,775,6016,12,25,640,2879,216],"class_list":{"0":"post-399838","1":"post","2":"type-post","3":"status-publish","4":"format-standard","5":"has-post-thumbnail","7":"category-strasbourg","8":"tag-actu","9":"tag-actualites","10":"tag-alsace","11":"tag-artisanat","12":"tag-bas-rhin","13":"tag-commerce-et-services","14":"tag-consommation","15":"tag-economie","16":"tag-edition-strasbourg","17":"tag-eu","18":"tag-europe","19":"tag-fil-info","20":"tag-fr","21":"tag-france","22":"tag-grand-est","23":"tag-magazine-cuisine-et-vins","24":"tag-news","25":"tag-republique-francaise","26":"tag-strasbourg","27":"tag-strasbourg-ville","28":"tag-vie-des-entreprises"},"share_on_mastodon":{"url":"https:\/\/pubeurope.com\/@fr\/115225122844455498","error":""},"_links":{"self":[{"href":"https:\/\/www.europesays.com\/fr\/wp-json\/wp\/v2\/posts\/399838","targetHints":{"allow":["GET"]}}],"collection":[{"href":"https:\/\/www.europesays.com\/fr\/wp-json\/wp\/v2\/posts"}],"about":[{"href":"https:\/\/www.europesays.com\/fr\/wp-json\/wp\/v2\/types\/post"}],"author":[{"embeddable":true,"href":"https:\/\/www.europesays.com\/fr\/wp-json\/wp\/v2\/users\/2"}],"replies":[{"embeddable":true,"href":"https:\/\/www.europesays.com\/fr\/wp-json\/wp\/v2\/comments?post=399838"}],"version-history":[{"count":0,"href":"https:\/\/www.europesays.com\/fr\/wp-json\/wp\/v2\/posts\/399838\/revisions"}],"wp:featuredmedia":[{"embeddable":true,"href":"https:\/\/www.europesays.com\/fr\/wp-json\/wp\/v2\/media\/399839"}],"wp:attachment":[{"href":"https:\/\/www.europesays.com\/fr\/wp-json\/wp\/v2\/media?parent=399838"}],"wp:term":[{"taxonomy":"category","embeddable":true,"href":"https:\/\/www.europesays.com\/fr\/wp-json\/wp\/v2\/categories?post=399838"},{"taxonomy":"post_tag","embeddable":true,"href":"https:\/\/www.europesays.com\/fr\/wp-json\/wp\/v2\/tags?post=399838"}],"curies":[{"name":"wp","href":"https:\/\/api.w.org\/{rel}","templated":true}]}}