{"id":399852,"date":"2025-09-18T11:49:14","date_gmt":"2025-09-18T11:49:14","guid":{"rendered":"https:\/\/www.europesays.com\/fr\/399852\/"},"modified":"2025-09-18T11:49:14","modified_gmt":"2025-09-18T11:49:14","slug":"un-candidat-a-la-municipale-de-bordeaux-a-un-plan-pour-redresser-les-girondins-france-girondins-de-bordeaux","status":"publish","type":"post","link":"https:\/\/www.europesays.com\/fr\/399852\/","title":{"rendered":"Un candidat \u00e0 la municipale de Bordeaux a un plan pour redresser les Girondins &#8211; France &#8211; Girondins de Bordeaux"},"content":{"rendered":"<p>Est-ce que son plan exige le retour de\u00a0<a target=\"_blank\" href=\"https:\/\/www.sofoot.com\/breves\/marouane-chamakh-on-ne-peut-pas-laisser-bordeaux-finir-en-national-3-france\" rel=\"nofollow noopener\">Marouane Chamakh\u00a0<\/a>?<\/p>\n<p>Toujours en <a target=\"_blank\" href=\"https:\/\/www.sofoot.com\/breves\/les-groupes-de-national-2-devoiles-les-girondins-de-bordeaux-connaissent-leurs-adversaires\" rel=\"nofollow noopener\">National 2<\/a> depuis <a target=\"_blank\" href=\"https:\/\/www.sofoot.com\/breves\/les-girondins-de-bordeaux-retrogrades-en-national-2\" rel=\"nofollow noopener\">leur rel\u00e9gation administrative act\u00e9e par la DNCG en 2024<\/a>, les Girondins de Bordeaux recherchent toujours des investisseurs pour entamer une chevauch\u00e9e fantastique vers les divisions sup\u00e9rieures. \u00c0 quelques mois des municipales 2026, <strong>un candidat \u00e0 la mairie du chef-lieu\u00a0de la r\u00e9gion Nouvelle-Aquitaine souhaite redresser co\u00fbte que co\u00fbte le club au scapulaire<\/strong>. Son nom :\u00a0Philippe Dessertine.<\/p>\n<p>\u00ab\u202fJ\u2019ai d\u00e9j\u00e0 trouv\u00e9 des investisseurs pour le club\u202f\u00bb<\/p>\n<p>Proche de l\u2019ancien maire de Bordeaux Alain Jupp\u00e9, l\u2019\u00e9conomiste de 61 ans\u00a0a annonc\u00e9 sa candidature ce mercredi. Dans les colonnes du <a target=\"_blank\" href=\"https:\/\/www.lefigaro.fr\/bordeaux\/je-ne-pouvais-pas-assister-au-naufrage-de-bordeaux-sans-rien-faire-l-economiste-philippe-dessertine-candidat-aux-municipales-20250917?utm_source=app&amp;utm_medium=copy&amp;utm_campaign=android_Figaro&amp;at_creation=NL_Chez_Pol__2025-09-18&amp;at_campaign=NL_Chez_Pol&amp;at_email_type=acquisition&amp;at_medium=email&amp;actId=~aEYt-de2RNtwnA8ivl-mV9DTRO-lTmqytHEcqPzDUlEUL2tuA9iElKip5AYaj3YAj0TR6IVYaHYtUD2oDg73ma3LBPMySYHAx9157wnxhtfhe5emkYy013-Y%3D&amp;actCampaignType=CAMPAIGN_MAIL&amp;actSource=549429\" rel=\"nofollow noopener\">Figaro<\/a>, <strong>Dessertine a d\u00e9taill\u00e9 son programme, en abordant le cas des Girondins de Bordeaux<\/strong>.\u00a0\u00ab\u202fMoi, maire de Bordeaux, j\u2019irai chercher des investisseurs poss\u00e9dant des capitaux priv\u00e9s pour ce club. Je les ai d\u2019ailleurs d\u00e9j\u00e0 trouv\u00e9s. Ils n\u2019ont pas encore sign\u00e9 parce qu\u2019ils n\u2019ont pas encore confiance en la politique en place\u202f\u00bb,\u00a0a-t-il d\u00e9clar\u00e9 avec un l\u00e9ger brin de confiance.<\/p>\n<p>Outre sortir une r\u00e9f\u00e9rence \u00e9vidente au c\u00e9l\u00e8bre parolier Fran\u00e7ois Hollande en 2012, ces paroles de Dessertine envoient\u00a0<strong>une balle perdue \u00e0 Pierre Hurmic. <\/strong><a target=\"_blank\" href=\"https:\/\/www.sofoot.com\/breves\/le-maire-de-bordeaux-pierre-hurmic-en-remet-une-couche-sur-gerard-lopez\" rel=\"nofollow noopener\">Plusieurs mois apr\u00e8s avoir demand\u00e9 le d\u00e9part du sulfureux G\u00e9rard Lopez<\/a>, le maire \u00e9cologiste, fervent supporter des Girondins de Bordeaux,<strong> n\u2019a toujours pas r\u00e9ussi \u00e0 r\u00e9unir les capitaux n\u00e9cessaires pour relancer le club sans l\u2019entrepreneur luxembourgeois.\u00a0<\/strong>En attendant de voir son club recruter d\u2019autres joueurs que <a target=\"_blank\" href=\"https:\/\/www.sofoot.com\/breves\/maxime-poundje-va-rechausser-les-crampons-avec-les-girondins-de-bordeaux-en-regional-1\" rel=\"nofollow noopener\">Maxime Poundj\u00e9<\/a>, le maire d\u2019EELV n\u2019a toujours pas officialis\u00e9 sa candidature, mais, d\u2019apr\u00e8s l\u2019AFP, tout porte \u00e0 croire qu\u2019il se pr\u00e9sentera pour barrer la route \u00e0 Dessertine.<\/p>\n<p>Et si la municipale se jouait sur la pelouse de Chaban-Delmas ?<\/p>\n<p>\t\t\t\t\t\t\t\t\t\t<a class=\"lien-connexe\" href=\"https:\/\/www.sofoot.com\/breves\/les-girondins-de-bordeaux-battus-par-granville\" rel=\"nofollow noopener\" target=\"_blank\">Les Girondins de Bordeaux battus par Granville<\/a>\t\t\t\t\t<\/p>\n","protected":false},"excerpt":{"rendered":"Est-ce que son plan exige le retour de\u00a0Marouane Chamakh\u00a0? Toujours en National 2 depuis leur rel\u00e9gation administrative act\u00e9e&hellip;\n","protected":false},"author":2,"featured_media":399853,"comment_status":"","ping_status":"","sticky":false,"template":"","format":"standard","meta":{"footnotes":""},"categories":[2817],"tags":[1111,47,11,61,1997,69,65,64,1777,674,63,1011,27,68,66,12,62,2219,70,25,67],"class_list":{"0":"post-399852","1":"post","2":"type-post","3":"status-publish","4":"format-standard","5":"has-post-thumbnail","7":"category-bordeaux","8":"tag-actu","9":"tag-actualite","10":"tag-actualites","11":"tag-actus-football","12":"tag-bordeaux","13":"tag-bundesliga","14":"tag-championnats-europeens","15":"tag-equipe-de-france","16":"tag-eu","17":"tag-europe","18":"tag-football","19":"tag-fr","20":"tag-france","21":"tag-ligua","22":"tag-ligue-1","23":"tag-news","24":"tag-news-foot","25":"tag-nouvelle-aquitaine","26":"tag-premier-league","27":"tag-republique-francaise","28":"tag-serie-a"},"share_on_mastodon":{"url":"https:\/\/pubeurope.com\/@fr\/115225150361625660","error":""},"_links":{"self":[{"href":"https:\/\/www.europesays.com\/fr\/wp-json\/wp\/v2\/posts\/399852","targetHints":{"allow":["GET"]}}],"collection":[{"href":"https:\/\/www.europesays.com\/fr\/wp-json\/wp\/v2\/posts"}],"about":[{"href":"https:\/\/www.europesays.com\/fr\/wp-json\/wp\/v2\/types\/post"}],"author":[{"embeddable":true,"href":"https:\/\/www.europesays.com\/fr\/wp-json\/wp\/v2\/users\/2"}],"replies":[{"embeddable":true,"href":"https:\/\/www.europesays.com\/fr\/wp-json\/wp\/v2\/comments?post=399852"}],"version-history":[{"count":0,"href":"https:\/\/www.europesays.com\/fr\/wp-json\/wp\/v2\/posts\/399852\/revisions"}],"wp:featuredmedia":[{"embeddable":true,"href":"https:\/\/www.europesays.com\/fr\/wp-json\/wp\/v2\/media\/399853"}],"wp:attachment":[{"href":"https:\/\/www.europesays.com\/fr\/wp-json\/wp\/v2\/media?parent=399852"}],"wp:term":[{"taxonomy":"category","embeddable":true,"href":"https:\/\/www.europesays.com\/fr\/wp-json\/wp\/v2\/categories?post=399852"},{"taxonomy":"post_tag","embeddable":true,"href":"https:\/\/www.europesays.com\/fr\/wp-json\/wp\/v2\/tags?post=399852"}],"curies":[{"name":"wp","href":"https:\/\/api.w.org\/{rel}","templated":true}]}}