{"id":399854,"date":"2025-09-18T11:50:12","date_gmt":"2025-09-18T11:50:12","guid":{"rendered":"https:\/\/www.europesays.com\/fr\/399854\/"},"modified":"2025-09-18T11:50:12","modified_gmt":"2025-09-18T11:50:12","slug":"airbus-thales-et-leonardo-preparent-une-mega-fusion-pour-rivaliser-avec-elon-musk","status":"publish","type":"post","link":"https:\/\/www.europesays.com\/fr\/399854\/","title":{"rendered":"Airbus, Thales et Leonardo pr\u00e9parent une m\u00e9ga-fusion pour rivaliser avec Elon Musk"},"content":{"rendered":"<p>            Par<br \/>\n        <strong><br \/>\n            <a href=\"https:\/\/actu.fr\/auteur\/guillaume-laurens\" title=\"Consulter tous les articles de Guillaume Laurens\" target=\"_blank\" rel=\"noopener\">Guillaume Laurens<\/a><br \/>\n        <\/strong><\/p>\n<p>        Publi\u00e9 le<\/p>\n<p>            18 sept. 2025 \u00e0 12h16        <\/p>\n<p>Les discussions sur la <strong>m\u00e9ga-fusion<\/strong> entre les champions europ\u00e9ens de satellites <strong>Airbus<\/strong>, <strong>Thales<\/strong> et <strong>Leonardo<\/strong> sont dans la phase de \u00ab\u2009discussions d\u00e9taill\u00e9es\u2009\u00bb portant sur la <strong>valorisation<\/strong> des acteurs et les <strong>mod\u00e8les de gouvernance<\/strong>, a d\u00e9clar\u00e9 <strong>Alain Faur\u00e9<\/strong>, patron de Space Systems, activit\u00e9s spatiales de la branche <strong>Defence and Space d\u2019Airbus, <\/strong>bas\u00e9e \u00e0 <strong><a href=\"https:\/\/actu.fr\/toulouse\/\" target=\"_blank\" rel=\"noopener\">Toulouse<\/a>. <\/strong>Ce qu\u2019il faut savoir.<\/p>\n<p>\u00ab\u2009On est dans une phase de <strong>due diligence<\/strong>\u2009\u00bb<\/p>\n<p class=\" wall-content\">\u00ab\u2009On fait des analyses d\u00e9taill\u00e9es pour voir la <strong>cr\u00e9ation de valeur<\/strong> par cette entit\u00e9 [\u2026] On regarde \u00e9galement les <strong>mod\u00e8les de gouvernance<\/strong>, parce qu\u2019on veut faire <strong>une entreprise comp\u00e9titive<\/strong>. Et on regarde la <strong>valorisation<\/strong> des diff\u00e9rents acteurs\u2009\u00bb, a dit Alain Faur\u00e9 dans un entretien \u00e0 l\u2019AFP dans le cadre de la WSBW, semaine internationale annuelle de l\u2019industrie spatiale \u00e0 Paris.<\/p>\n<p class=\" wall-content\">\u00ab\u2009On est dans une phase de due diligence\u2009\u00bb, a-t-il pr\u00e9cis\u00e9, \u00e9voquant ce terme juridique et financier qui d\u00e9signe le <strong>processus de v\u00e9rification et d\u2019analyse approfondie<\/strong> r\u00e9alis\u00e9 avant de <strong>finaliser une fusion<\/strong> (valorisation des entreprises, synergies potentielles, risques financiers\u2026).<\/p>\n<p>Un protocole d\u2019accord avant la fin 2025<\/p>\n<p class=\" wall-content\">Un accord <strong>d\u2019ici la fin de l\u2019ann\u00e9e<\/strong> dont a parl\u00e9 <strong>Michael Schoellhorn<\/strong>, directeur g\u00e9n\u00e9ral d\u2019Airbus Defence and Space, dans une interview dimanche au quotidien italien Corriere della Sera, \u00ab\u2009serait un Memorandum of Understanding (MoU, protocole d\u2019accord) qui d\u00e9finirait les principales bases\u2009\u00bb, indiqu\u00e9 Alain Faur\u00e9.<\/p>\n<blockquote class=\"ac-article-quote wall-content\">\n<p>On ne ma\u00eetrise pas tout dans le calendrier, parce que cela va d\u00e9pendre des questions que l&rsquo;on va recevoir\u00a0\u00bb notamment de la Commission europ\u00e9enne.<\/p>\n<p>    <strong>Alain Faur\u00e9<\/strong><br \/>\n        Patron de Space Systems, activit\u00e9s spatiales de la branche Defence and Space d&rsquo;Airbus    <\/p><\/blockquote>\n<p>Finalis\u00e9 d\u2019ici 18\u00a0mois \u00e0 deux ans\u2009?<\/p>\n<p class=\" wall-content\">Si un MoU est sign\u00e9, le processus de finalisation d\u2019un <strong>accord contraignant<\/strong> pourrait prendre <strong>entre \u00ab\u200918\u00a0mois et deux ans\u2009\u00bb,<\/strong> a dit \u00e0 l\u2019AFP un <strong>industriel europ\u00e9en<\/strong> connaisseur du dossier. Ce processus inclura \u00ab\u2009des discussions avec les partenaires sociaux ou sur les r\u00e8gles de concurrence avec la Commission europ\u00e9enne et d\u2019autres acteurs\u2009\u00bb, selon cette source.<\/p>\n<p>    <img   decoding=\"async\" loading=\"lazy\" src=\"https:\/\/www.europesays.com\/fr\/wp-content\/uploads\/2025\/09\/logo-airbus-defence-space-gl-960x640.jpg\" alt=\"Si un MoU (protocole d'accord) est sign\u00e9, l'accord qui scellerait le destin de l'activit\u00e9 espace d'Airbus, pourrait \u00eatre finalis\u00e9 d'ici deux ans\" width=\"960\" height=\"640\"\/><br \/>\n    Si un MoU (protocole d\u2019accord) est sign\u00e9, l\u2019accord qui scellerait le destin de l\u2019activit\u00e9 espace d\u2019Airbus, pourrait \u00eatre finalis\u00e9 d\u2019ici deux ans (\u00a9Guillaume Laurens \/ Actu Toulouse)<\/p>\n<p>Votre r\u00e9gion, votre actu !<\/p>\n<p>Recevez chaque jour les infos qui comptent pour vous.<\/p>\n<p>\t<a href=\"https:\/\/actu.fr\/newsletter\" class=\"ac-btn ac-btn--corner ac-btn--medium ac-btn--blue800\" target=\"_blank\" rel=\"noopener\">S&rsquo;incrire<\/a><br \/>\nAirbus p\u00e8se plus que Leonardo<\/p>\n<p class=\" wall-content\">Si les discussions sur la gouvernance ont bien avanc\u00e9, \u00ab\u2009il y a des doutes concernant la valorisation puisqu\u2019il s\u2019agit de trois compagnies avec des actifs diff\u00e9rents. En fonction de la r\u00e9partition qui se fera dans cette joint venture (co-entreprise), il y aura peut-\u00eatre <strong>des compensations financi\u00e8res<\/strong> pour certains vers d\u2019autres\u2009\u00bb, estime l\u2019industriel.<\/p>\n<p class=\" wall-content\">M\u00eame si les valorisations sont en cours, Airbus p\u00e8se plus que Leonardo, qui pourrait <strong>payer une compensation<\/strong> pour avoir une part plus importante de capital dans la future co-entreprise, selon des sources.<\/p>\n<p>\u00ab\u2009Un certain optimisme\u2009\u00bb sur la vision de la Commission europ\u00e9enne<\/p>\n<p class=\" wall-content\">Quant \u00e0 la position de la <strong>Commission europ\u00e9enne<\/strong>, \u00ab\u2009on a un certain <strong>optimisme\u2009\u00bb<\/strong> concernant ce projet de fusion cens\u00e9 cr\u00e9er \u00ab\u2009des synergies et de cr\u00e9er de la valeur\u2009\u00bb, estime Alain Faur\u00e9.<\/p>\n<blockquote class=\"ac-article-quote wall-content\">\n<p>L&rsquo;Europe a compris dans quelle situation se trouvait le spatial avec les besoins de souverainet\u00e9.<\/p>\n<p>    <strong>Alain Faur\u00e9<\/strong>\n            <\/p><\/blockquote>\n<p class=\" wall-content\">\u00ab\u2009Je ne peux pas parler pour la Commission europ\u00e9enne\u2009\u00bb, qui va devoir se pencher sur le dossier sous l\u2019angle <strong>antitrust<\/strong>, \u00ab\u2009on a commenc\u00e9 \u00e0 discuter. Mais on n\u2019est pas dans les discussions finales, d\u00e9taill\u00e9es avec la Commission europ\u00e9enne. Donc, on verra\u2009\u00bb, nuance-t-il.<\/p>\n<p>\u00ab\u2009Plus de solidit\u00e9\u2009\u00bb pour l\u2019industrie spatiale europ\u00e9enne face \u00e0 SpaceX<\/p>\n<p class=\" wall-content\">Pour l\u2019industrie spatiale europ\u00e9enne, cette fusion apporterait \u00ab\u2009plus de volume, <strong>plus de solidit\u00e9<\/strong>, une diversit\u00e9 sur les diff\u00e9rents pays et donc un effet d\u2019\u00e9chelle\u2009\u00bb face \u00e0 <strong>la concurrence agressive de SpaceX<\/strong> d\u2019Elon Musk et des Chinois, souligne Alain Faur\u00e9.<br \/>Mutualiser les frais de recherche et d\u00e9veloppement pourrait \u00e9galement \u00eatre b\u00e9n\u00e9fique dans une Europe o\u00f9 \u00ab\u2009les projets sont fragment\u00e9s et on peut \u00eatre amen\u00e9 \u00e0 d\u00e9velopper les m\u00eames choses\u2009\u00bb, conclut-il.<\/p>\n<p class=\" wall-content\">Avec AFP<\/p>\n<p class=\" wall-content\">Personnalisez votre actualit\u00e9 en ajoutant vos villes et m\u00e9dias en favori avec <a href=\"https:\/\/moncompte.actu.fr\" title=\"D\u00e9couvez Mon Actu\" rel=\"nofollow noopener\" data-trk=\"{&quot;cta&quot;:{&quot;action&quot;:&quot;https:\\\/\\\/moncompte.actu.fr&quot;,&quot;category&quot;:&quot;mon compte&quot;,&quot;from&quot;:&quot;article footer&quot;,&quot;name&quot;:&quot;Mon actu&quot;,&quot;type&quot;:&quot;cta&quot;}}\" target=\"_blank\">Mon Actu<\/a>.<\/p>\n","protected":false},"excerpt":{"rendered":"Par Guillaume Laurens Publi\u00e9 le 18 sept. 2025 \u00e0 12h16 Les discussions sur la m\u00e9ga-fusion entre les champions&hellip;\n","protected":false},"author":2,"featured_media":399855,"comment_status":"","ping_status":"","sticky":false,"template":"","format":"standard","meta":{"footnotes":""},"categories":[2816],"tags":[1111,11,36,33,46,386,1777,674,1011,27,12,2680,25,2312],"class_list":{"0":"post-399854","1":"post","2":"type-post","3":"status-publish","4":"format-standard","5":"has-post-thumbnail","7":"category-toulouse","8":"tag-actu","9":"tag-actualites","10":"tag-airbus","11":"tag-economie","12":"tag-elon-musk","13":"tag-espace","14":"tag-eu","15":"tag-europe","16":"tag-fr","17":"tag-france","18":"tag-news","19":"tag-occitanie","20":"tag-republique-francaise","21":"tag-toulouse"},"share_on_mastodon":{"url":"https:\/\/pubeurope.com\/@fr\/115225154694293540","error":""},"_links":{"self":[{"href":"https:\/\/www.europesays.com\/fr\/wp-json\/wp\/v2\/posts\/399854","targetHints":{"allow":["GET"]}}],"collection":[{"href":"https:\/\/www.europesays.com\/fr\/wp-json\/wp\/v2\/posts"}],"about":[{"href":"https:\/\/www.europesays.com\/fr\/wp-json\/wp\/v2\/types\/post"}],"author":[{"embeddable":true,"href":"https:\/\/www.europesays.com\/fr\/wp-json\/wp\/v2\/users\/2"}],"replies":[{"embeddable":true,"href":"https:\/\/www.europesays.com\/fr\/wp-json\/wp\/v2\/comments?post=399854"}],"version-history":[{"count":0,"href":"https:\/\/www.europesays.com\/fr\/wp-json\/wp\/v2\/posts\/399854\/revisions"}],"wp:featuredmedia":[{"embeddable":true,"href":"https:\/\/www.europesays.com\/fr\/wp-json\/wp\/v2\/media\/399855"}],"wp:attachment":[{"href":"https:\/\/www.europesays.com\/fr\/wp-json\/wp\/v2\/media?parent=399854"}],"wp:term":[{"taxonomy":"category","embeddable":true,"href":"https:\/\/www.europesays.com\/fr\/wp-json\/wp\/v2\/categories?post=399854"},{"taxonomy":"post_tag","embeddable":true,"href":"https:\/\/www.europesays.com\/fr\/wp-json\/wp\/v2\/tags?post=399854"}],"curies":[{"name":"wp","href":"https:\/\/api.w.org\/{rel}","templated":true}]}}