{"id":399866,"date":"2025-09-18T11:56:10","date_gmt":"2025-09-18T11:56:10","guid":{"rendered":"https:\/\/www.europesays.com\/fr\/399866\/"},"modified":"2025-09-18T11:56:10","modified_gmt":"2025-09-18T11:56:10","slug":"ce-dj-va-mixer-dans-une-boulangerie-au-nord-de-lyon-ce-vendredi","status":"publish","type":"post","link":"https:\/\/www.europesays.com\/fr\/399866\/","title":{"rendered":"ce DJ va mixer dans une boulangerie au nord de Lyon ce vendredi"},"content":{"rendered":"<p>Imaginez. Vous allez acheter votre baguette de pain en rentrant du travail, et l\u2019afterwork est \u00e0 la boulangerie. C\u2019est ce que propose Dorian Gamon, DJ professionnel, qui mixera, ce vendredi 19\u00a0septembre, \u00e0 la boulangerie Jean.<\/p>\n<p>Une initiative qu\u2019il a lanc\u00e9e le 17\u00a0mai en Ard\u00e8che, avant de se d\u00e9placer, peu \u00e0 peu, dans toute la France. Son arr\u00eat \u00e0 Belleville-en-Beaujolais sera le 15e de sa tourn\u00e9e, et le premier dans le d\u00e9partement.<\/p>\n<p>\u00ab\u00a0Je me nourris en faisant plaisir aux gens\u00a0\u00bb<\/p>\n<p>\u00ab\u00a0Je l\u2019avais vu \u00e0 la t\u00e9l\u00e9vision, et&#8230;<\/p>\n","protected":false},"excerpt":{"rendered":"Imaginez. Vous allez acheter votre baguette de pain en rentrant du travail, et l\u2019afterwork est \u00e0 la boulangerie.&hellip;\n","protected":false},"author":2,"featured_media":399867,"comment_status":"","ping_status":"","sticky":false,"template":"","format":"standard","meta":{"footnotes":""},"categories":[1889],"tags":[1111,11,2430,53132,53131,1687,3156,1777,674,107,1011,27,2428,873,12,25,2429,273],"class_list":{"0":"post-399866","1":"post","2":"type-post","3":"status-publish","4":"format-standard","5":"has-post-thumbnail","7":"category-lyon","8":"tag-actu","9":"tag-actualites","10":"tag-auvergne-rhone-alpes","11":"tag-belleville-bassin","12":"tag-belleville-en-beaujolais","13":"tag-culture-loisirs","14":"tag-edition-villefranche","15":"tag-eu","16":"tag-europe","17":"tag-fil-info","18":"tag-fr","19":"tag-france","20":"tag-lyon","21":"tag-musique","22":"tag-news","23":"tag-republique-francaise","24":"tag-rhone","25":"tag-selection-de-la-redaction"},"share_on_mastodon":{"url":"https:\/\/pubeurope.com\/@fr\/115225178038375087","error":""},"_links":{"self":[{"href":"https:\/\/www.europesays.com\/fr\/wp-json\/wp\/v2\/posts\/399866","targetHints":{"allow":["GET"]}}],"collection":[{"href":"https:\/\/www.europesays.com\/fr\/wp-json\/wp\/v2\/posts"}],"about":[{"href":"https:\/\/www.europesays.com\/fr\/wp-json\/wp\/v2\/types\/post"}],"author":[{"embeddable":true,"href":"https:\/\/www.europesays.com\/fr\/wp-json\/wp\/v2\/users\/2"}],"replies":[{"embeddable":true,"href":"https:\/\/www.europesays.com\/fr\/wp-json\/wp\/v2\/comments?post=399866"}],"version-history":[{"count":0,"href":"https:\/\/www.europesays.com\/fr\/wp-json\/wp\/v2\/posts\/399866\/revisions"}],"wp:featuredmedia":[{"embeddable":true,"href":"https:\/\/www.europesays.com\/fr\/wp-json\/wp\/v2\/media\/399867"}],"wp:attachment":[{"href":"https:\/\/www.europesays.com\/fr\/wp-json\/wp\/v2\/media?parent=399866"}],"wp:term":[{"taxonomy":"category","embeddable":true,"href":"https:\/\/www.europesays.com\/fr\/wp-json\/wp\/v2\/categories?post=399866"},{"taxonomy":"post_tag","embeddable":true,"href":"https:\/\/www.europesays.com\/fr\/wp-json\/wp\/v2\/tags?post=399866"}],"curies":[{"name":"wp","href":"https:\/\/api.w.org\/{rel}","templated":true}]}}