{"id":399872,"date":"2025-09-18T11:59:12","date_gmt":"2025-09-18T11:59:12","guid":{"rendered":"https:\/\/www.europesays.com\/fr\/399872\/"},"modified":"2025-09-18T11:59:12","modified_gmt":"2025-09-18T11:59:12","slug":"bienvenue-a-chikungunya-land-antibes-ville-la-plus-touchee-de-france-lutte-a-tout-va-contre-le-moustique-tigre","status":"publish","type":"post","link":"https:\/\/www.europesays.com\/fr\/399872\/","title":{"rendered":"Bienvenue \u00e0 \u00ab\u00a0chikungunya land\u00a0\u00bb\u00a0: Antibes, ville la plus touch\u00e9e de France, lutte \u00e0 tout-va contre le moustique-tigre"},"content":{"rendered":"<p class=\"paragraph text_align_left lp-f-body-02\">Le front en sueur, Madeleine tient difficilement debout devant l\u2019entr\u00e9e de sa r\u00e9sidence. \u00ab J\u2019ai encore des pouss\u00e9es de fi\u00e8vre, je suis tr\u00e8s fatigu\u00e9e, je dors beaucoup \u00bb, s\u2019excuse-t-elle. \u00c0 76 ans, cette ancienne infirmi\u00e8re en psychiatrie est quasi s\u00fbre d\u2019avoir contract\u00e9 le <a href=\"https:\/\/www.leparisien.fr\/loiret-45\/le-chikungunya-gagne-du-terrain-un-premier-cas-autochtone-identifie-dans-le-loiret-16-09-2025-PJYB75YXHFAYFKSITAROB6IDN4.php\" target=\"_blank\" rel=\"noreferrer noopener\">chikungunya<\/a>. \u00ab Cela a commenc\u00e9 par une forte temp\u00e9rature, quatre jours de maux de t\u00eate violents et des douleurs articulaires. Regardez, ces petites \u00e9ruptions cutan\u00e9es, d\u00e9taille-t-elle. J\u2019attends la confirmation des analyses mais, au vu des sympt\u00f4mes, mon m\u00e9decin pense que c\u2019est \u00e7a ! \u00bb.<\/p>\n<p class=\"paragraph text_align_left lp-f-body-02\">Bienvenue \u00e0 \u00ab chikungunya land \u00bb, sur le chemin des Combes au nord d\u2019Antibes (<a href=\"https:\/\/www.leparisien.fr\/alpes-maritimes-06\/\" target=\"_blank\" rel=\"noreferrer noopener\">Alpes-Maritimes<\/a>), commune <a href=\"https:\/\/www.leparisien.fr\/alpes-maritimes-06\/a-antibes-le-record-de-france-de-chikungunya-13-09-2025-DHJHREVU7NDFZJLO5BMNLFWV4A.php\" target=\"_blank\" rel=\"noreferrer noopener\">\u00e9picentre de l\u2019infection<\/a>. La longue avenue d\u2019immeubles et de villas, au c\u0153ur d\u2019espaces verts et de grands arbres, est l\u2019un des secteurs particuli\u00e8rement touch\u00e9s avec, notamment, le quartier Saint-Claude.<\/p>\n","protected":false},"excerpt":{"rendered":"Le front en sueur, Madeleine tient difficilement debout devant l\u2019entr\u00e9e de sa r\u00e9sidence. \u00ab J\u2019ai encore des pouss\u00e9es&hellip;\n","protected":false},"author":2,"featured_media":399873,"comment_status":"","ping_status":"","sticky":false,"template":"","format":"standard","meta":{"footnotes":""},"categories":[1592],"tags":[1111,11,6657,459,1777,674,1011,27,662,12,626,25,104],"class_list":{"0":"post-399872","1":"post","2":"type-post","3":"status-publish","4":"format-standard","5":"has-post-thumbnail","7":"category-ile-de-france","8":"tag-actu","9":"tag-actualites","10":"tag-alpes-maritimes-06","11":"tag-departements-horsidfo","12":"tag-eu","13":"tag-europe","14":"tag-fr","15":"tag-france","16":"tag-ile-de-france","17":"tag-news","18":"tag-paris","19":"tag-republique-francaise","20":"tag-societe"},"share_on_mastodon":{"url":"https:\/\/pubeurope.com\/@fr\/115225189835674762","error":""},"_links":{"self":[{"href":"https:\/\/www.europesays.com\/fr\/wp-json\/wp\/v2\/posts\/399872","targetHints":{"allow":["GET"]}}],"collection":[{"href":"https:\/\/www.europesays.com\/fr\/wp-json\/wp\/v2\/posts"}],"about":[{"href":"https:\/\/www.europesays.com\/fr\/wp-json\/wp\/v2\/types\/post"}],"author":[{"embeddable":true,"href":"https:\/\/www.europesays.com\/fr\/wp-json\/wp\/v2\/users\/2"}],"replies":[{"embeddable":true,"href":"https:\/\/www.europesays.com\/fr\/wp-json\/wp\/v2\/comments?post=399872"}],"version-history":[{"count":0,"href":"https:\/\/www.europesays.com\/fr\/wp-json\/wp\/v2\/posts\/399872\/revisions"}],"wp:featuredmedia":[{"embeddable":true,"href":"https:\/\/www.europesays.com\/fr\/wp-json\/wp\/v2\/media\/399873"}],"wp:attachment":[{"href":"https:\/\/www.europesays.com\/fr\/wp-json\/wp\/v2\/media?parent=399872"}],"wp:term":[{"taxonomy":"category","embeddable":true,"href":"https:\/\/www.europesays.com\/fr\/wp-json\/wp\/v2\/categories?post=399872"},{"taxonomy":"post_tag","embeddable":true,"href":"https:\/\/www.europesays.com\/fr\/wp-json\/wp\/v2\/tags?post=399872"}],"curies":[{"name":"wp","href":"https:\/\/api.w.org\/{rel}","templated":true}]}}