{"id":399876,"date":"2025-09-18T12:01:16","date_gmt":"2025-09-18T12:01:16","guid":{"rendered":"https:\/\/www.europesays.com\/fr\/399876\/"},"modified":"2025-09-18T12:01:16","modified_gmt":"2025-09-18T12:01:16","slug":"un-chef-doeuvre-de-picasso-devoile-a-paris","status":"publish","type":"post","link":"https:\/\/www.europesays.com\/fr\/399876\/","title":{"rendered":"Un chef d&rsquo;oeuvre de Picasso d\u00e9voil\u00e9 \u00e0 Paris"},"content":{"rendered":"<p class=\"mb-4 text-lg md:leading-8 break-words\">Un portrait \u00ab\u00a0exceptionnel\u00a0\u00bb\u00a0de Dora Maar portant un chapeau \u00e0 fleurs color\u00e9, peint par Pablo Picasso en 1943 en pleine Occupation et inconnu du public, a \u00e9t\u00e9 d\u00e9voil\u00e9 jeudi \u00e0 Paris \u00e0 l\u2019H\u00f4tel Drouot.<\/p>\n<p class=\"mb-4 text-lg md:leading-8 break-words\">Intitul\u00e9 \u00ab\u00a0Buste de femme au chapeau \u00e0 fleurs\u00a0\u00bb, ce tableau d&rsquo;une taille de 80&#215;60 centim\u00e8tres, peint \u00e0 l&rsquo;huile, repr\u00e9sente la photographe, \u00e9g\u00e9rie des surr\u00e9alistes, qui fut la compagne de Picasso pendant une dizaine d&rsquo;ann\u00e9es.<\/p>\n<p class=\"mb-4 text-lg md:leading-8 break-words\">Il est \u00ab\u00a0estim\u00e9 autour de huit millions d&rsquo;euros, une estimation basse, raisonnable, qui peut s&rsquo;envoler\u00a0\u00bb, a expliqu\u00e9 Christophe Lucien, commissaire-priseur charg\u00e9 de sa vente fix\u00e9e au 24 octobre par sa maison de vente aux ench\u00e8res.<\/p>\n<p class=\"mb-4 text-lg md:leading-8 break-words\">Sign\u00e9 par Picasso et dat\u00e9 du 11 juillet 1943, le tableau a \u00e9t\u00e9 acquis en ao\u00fbt 1944 par un grand collectionneur fran\u00e7ais, grand-p\u00e8re des actuels ayants droit qui souhaitent le vendre dans le cadre d&rsquo;une succession, a-t-il pr\u00e9cis\u00e9.<\/p>\n<p class=\"mb-4 text-lg md:leading-8 break-words\">\u00ab\u00a0Inconnu du public et jamais expos\u00e9 hormis dans l&rsquo;atelier de Picasso pour quelques amis, il n&rsquo;a jamais \u00e9t\u00e9 vernis ni restaur\u00e9, est juste encadr\u00e9 de minces baguettes et dans son jus\u00a0\u00bb, a pr\u00e9cis\u00e9 Agn\u00e8s Sevestre-Barb\u00e9, sp\u00e9cialiste de Picasso, pr\u00e9sente lors du d\u00e9voilement de l&rsquo;oeuvre.<\/p>\n<p class=\"mb-4 text-lg md:leading-8 break-words\">Il est \u00ab\u00a0assez exceptionnel et marque un jalon dans l&rsquo;histoire de l&rsquo;art et dans celle de Picasso\u00a0\u00bb, a estim\u00e9 M. Lucien.<\/p>\n<p class=\"mb-4 text-lg md:leading-8 break-words\">D&rsquo;inspiration \u00ab\u00a0\u00e0 la fois naturaliste et cubiste\u00a0\u00bb, selon lui, la toile montre Dora Maar en proie \u00e0 la tristesse mais au visage empreint de douceur, contrairement \u00e0 d&rsquo;autres portraits o\u00f9 le ma\u00eetre espagnol l&rsquo;a repr\u00e9sent\u00e9e avec une expression o\u00f9 la violence et les \u00e9motions semblent exacerb\u00e9es.<\/p>\n<p class=\"mb-4 text-lg md:leading-8 break-words\">Elle\u00a0porte un chapeau \u00e0 fleurs aux couleurs plut\u00f4t vives (rouge, jaune, vert, violet) avec un buste plus sombre, au moment o\u00f9 Picasso la d\u00e9laisse pour une plus jeune femme, Fran\u00e7oise Gilot.<\/p>\n<p class=\"mb-4 text-lg md:leading-8 break-words\">\u00ab\u00a0Les coloris joyeux sont surprenants, on est en 1943, une ann\u00e9e difficile avec des oeuvres plut\u00f4t sombres dans cette p\u00e9riode\u00a0\u00bb, dit \u00e0 l&rsquo;AFP Olivier Picasso, petit-fils du peintre, en voyant une photo de l&rsquo;oeuvre qu&rsquo;il n&rsquo;a pas encore d\u00e9couverte physiquement.<\/p>\n<p class=\"mb-4 text-lg md:leading-8 break-words\">&#8211; \u00ab\u00a0Tr\u00e8s rare\u00a0\u00bb &#8211;<\/p>\n<p class=\"mb-4 text-lg md:leading-8 break-words\">\u00ab\u00a0Une peinture et en plus un portrait de Dora Maar c&rsquo;est rare. Qu&rsquo;il soit vendu en France c&rsquo;est m\u00eame vraiment tr\u00e8s rare comme sur le march\u00e9 en g\u00e9n\u00e9ral d&rsquo;ailleurs\u00a0\u00bb, ajoute-t-il.<\/p>\n<p class=\"mb-4 text-lg md:leading-8 break-words\">Plusieurs portraits de Dora Maar ont surtout \u00e9t\u00e9 vendus aux Etats-Unis par les grandes maisons de vente anglo-saxonnes, rappelle-t-il. En 2006, \u00ab\u00a0Dora Maar au chat\u00a0\u00bb avait \u00e9t\u00e9 vendu 95 millions de dollars \u00e0 New York, apr\u00e8s \u00ab\u00a0Femme assise dans un jardin\u00a0\u00bb (1938) acquise en 1999 \u00e9galement \u00e0 New York pour 49 millions de dollars.<\/p>\n<p class=\"mb-4 text-lg md:leading-8 break-words\">Authentifi\u00e9 par l&rsquo;administration Picasso, le portrait d\u00e9voil\u00e9 jeudi n&rsquo;\u00e9tait connu des sp\u00e9cialistes et passionn\u00e9s de Picasso qu&rsquo;en noir et blanc et \u00e0 travers le catalogue raisonn\u00e9 de ses \u0153uvres (inventaire officiel) le mentionnant, selon Drouot.<\/p>\n<p class=\"mb-4 text-lg md:leading-8 break-words\">Des photos de Brassa\u00ef, ami de Picasso, prises dans l&rsquo;atelier du peintre (rue des Grands-Augustins) attestent \u00e9galement de la pr\u00e9sence du tableau, install\u00e9 au sol pr\u00e8s de la c\u00e9l\u00e8bre \u00ab\u00a0+femme au rocking-chair+ et d&rsquo;un lapin (momifi\u00e9), accroch\u00e9 au mur, r\u00e9cup\u00e9r\u00e9 par Picasso dans la cour carr\u00e9e du Louvre\u00a0\u00bb, selon M. Lucien.<\/p>\n<p class=\"mb-4 text-lg md:leading-8 break-words\">Dora Maar, de son vrai nom Henriette Th\u00e9odora Markovic (1907-1997), est surtout r\u00e9put\u00e9e comme photographe et s&rsquo;est fait conna\u00eetre notamment \u00e0 travers ses innombrables portraits de Picasso.<\/p>\n<p class=\"mb-4 text-lg md:leading-8 break-words\">Picasso a r\u00e9alis\u00e9 plusieurs portraits d&rsquo;elle en \u00ab\u00a0Femme qui pleure\u00a0\u00bb, sa \u00ab\u00a0nature profonde\u00a0\u00bb, pr\u00e9tendra-t-il. Elle lui inspirera aussi un ensemble de toiles sur le th\u00e8me des\u00a0\u00ab\u00a0Femmes assises\u00a0\u00bb.<\/p>\n<p class=\"mb-4 text-lg md:leading-8 break-words\">Dora Maar r\u00e9alisera de son c\u00f4t\u00e9 un\u00a0reportage photographique\u00a0sur le chef d&rsquo;oeuvre de Picasso \u00ab\u00a0Guernica\u00a0\u00bb en cours de cr\u00e9ation en 1937 dans son atelier des Grands-Augustins, aujourd&rsquo;hui au mus\u00e9e de la Reine Sofia \u00e0 Madrid.<\/p>\n<p class=\"mb-4 text-lg md:leading-8 break-words\">ls\/vg\/clc<\/p>\n","protected":false},"excerpt":{"rendered":"Un portrait \u00ab\u00a0exceptionnel\u00a0\u00bb\u00a0de Dora Maar portant un chapeau \u00e0 fleurs color\u00e9, peint par Pablo Picasso en 1943 en&hellip;\n","protected":false},"author":2,"featured_media":399877,"comment_status":"","ping_status":"","sticky":false,"template":"","format":"standard","meta":{"footnotes":""},"categories":[1888],"tags":[1111,1928,11,1927,53133,1777,674,53136,1011,27,53135,12,1926,52200,626,1925,25,53134],"class_list":{"0":"post-399876","1":"post","2":"type-post","3":"status-publish","4":"format-standard","5":"has-post-thumbnail","7":"category-paris","8":"tag-actu","9":"tag-actu-paris","10":"tag-actualites","11":"tag-actualites-paris","12":"tag-dora-maar","13":"tag-eu","14":"tag-europe","15":"tag-femme-assise-dans-un-jardin","16":"tag-fr","17":"tag-france","18":"tag-maison-de-vente-aux-encheres","19":"tag-news","20":"tag-news-paris","21":"tag-pablo-picasso","22":"tag-paris","23":"tag-paris-news","24":"tag-republique-francaise","25":"tag-rue-des-grands-augustins"},"share_on_mastodon":{"url":"https:\/\/pubeurope.com\/@fr\/115225197674535982","error":""},"_links":{"self":[{"href":"https:\/\/www.europesays.com\/fr\/wp-json\/wp\/v2\/posts\/399876","targetHints":{"allow":["GET"]}}],"collection":[{"href":"https:\/\/www.europesays.com\/fr\/wp-json\/wp\/v2\/posts"}],"about":[{"href":"https:\/\/www.europesays.com\/fr\/wp-json\/wp\/v2\/types\/post"}],"author":[{"embeddable":true,"href":"https:\/\/www.europesays.com\/fr\/wp-json\/wp\/v2\/users\/2"}],"replies":[{"embeddable":true,"href":"https:\/\/www.europesays.com\/fr\/wp-json\/wp\/v2\/comments?post=399876"}],"version-history":[{"count":0,"href":"https:\/\/www.europesays.com\/fr\/wp-json\/wp\/v2\/posts\/399876\/revisions"}],"wp:featuredmedia":[{"embeddable":true,"href":"https:\/\/www.europesays.com\/fr\/wp-json\/wp\/v2\/media\/399877"}],"wp:attachment":[{"href":"https:\/\/www.europesays.com\/fr\/wp-json\/wp\/v2\/media?parent=399876"}],"wp:term":[{"taxonomy":"category","embeddable":true,"href":"https:\/\/www.europesays.com\/fr\/wp-json\/wp\/v2\/categories?post=399876"},{"taxonomy":"post_tag","embeddable":true,"href":"https:\/\/www.europesays.com\/fr\/wp-json\/wp\/v2\/tags?post=399876"}],"curies":[{"name":"wp","href":"https:\/\/api.w.org\/{rel}","templated":true}]}}