{"id":39988,"date":"2025-04-20T22:38:08","date_gmt":"2025-04-20T22:38:08","guid":{"rendered":"https:\/\/www.europesays.com\/fr\/39988\/"},"modified":"2025-04-20T22:38:08","modified_gmt":"2025-04-20T22:38:08","slug":"france-la-hausse-des-baptemes-dadultes-rare-bonne-nouvelle-pour-une-eglise-fragilisee","status":"publish","type":"post","link":"https:\/\/www.europesays.com\/fr\/39988\/","title":{"rendered":"France: la hausse des bapt\u00eames d&rsquo;adultes, rare bonne nouvelle pour une \u00c9glise fragilis\u00e9e"},"content":{"rendered":"<p>\n                                                Une bonne nouvelle pour l\u2019\u00c9glise catholique de France. Selon un rapport de la Conf\u00e9rence des \u00e9v\u00eaques, le nombre d\u2019adultes qui se sont fait baptiser pour P\u00e2ques a quasiment doubl\u00e9 par rapport \u00e0 2024. Ils sont plus de 10 000 \u00e0 franchir le pas cette ann\u00e9e. Et ce alors que l\u2019\u00c9glise catholique de France est en difficult\u00e9, en proie \u00e0 de nombreux scandales de p\u00e9docriminalit\u00e9. D\u2019o\u00f9 vient cet int\u00e9r\u00eat soudain des jeunes adultes pour le catholicisme ? RFI est all\u00e9e poser la question aux premiers concern\u00e9s \u00e0 Paris.                    <\/p>\n<p>La paroisse Saint-Jean-Baptiste-de-la-Salle, dans le XVe arrondissement de <a href=\"https:\/\/www.rfi.fr\/fr\/tag\/paris\/\" target=\"_self\" rel=\"noopener\"><strong>Paris<\/strong><\/a>, se r\u00e9jouit. Une vingtaine d\u2019adultes se pr\u00e9parent au bapt\u00eame. Une premi\u00e8re depuis tr\u00e8s longtemps. Cinq d\u2019entre eux sauteront le pas \u00e0 P\u00e2ques. Gabriel est l\u2019un d\u2019entre eux. \u00c0 20\u00a0ans, il est \u00e9tudiant en \u00e9cole de commerce. Son chemin vers le bapt\u00eame commence il y a quatre ans. \u00c0 l\u2019\u00e9poque, il traverse des difficult\u00e9s. \u00ab\u00a0\u00c7a m&rsquo;a apport\u00e9 une stabilit\u00e9, beaucoup de calme, beaucoup d&rsquo;apaisement. C&rsquo;est comme si on \u00e9tait accompagn\u00e9 d&rsquo;un guide qui nous aide \u00e0 faire le bien autour de nous. Cela m&rsquo;aide \u00e0 \u00eatre une meilleure personne \u00bb, estime-t-il.<\/p>\n<p>\u00c0 quelques kilom\u00e8tres, dans le quartier populaire de Belleville, dans le onzi\u00e8me arrondissement, \u00e0 la paroisse Saint-Joseph-des-Nations, Ferdinand vient lui aussi d\u2019\u00eatre baptis\u00e9, apr\u00e8s un an et demi de pr\u00e9paration. Pour cet \u00e9tudiant \u00e0 Sciences Po Paris, le bapt\u00eame a \u00e9t\u00e9 motiv\u00e9 par un \u00e9v\u00e9nement bien particulier. \u00ab\u00a0C&rsquo;est avant tout une esp\u00e8ce de fa\u00e7on de comprendre nos vies. C&rsquo;est un moyen d&rsquo;accepter l&rsquo;absence de r\u00e9ponse. Beaucoup de paradoxes aussi, explique le jeune homme de 24 ans.\u00a0C&rsquo;est devenu une id\u00e9e concr\u00e8te lorsque j&rsquo;\u00e9tais en \u00e9change universitaire en Am\u00e9rique du Sud, au Chili. J&rsquo;ai pass\u00e9 un an l\u00e0-bas, \u00e0 aller de plus en plus fr\u00e9quemment \u00e0 la messe. \u00c0 mon retour, j&rsquo;ai entam\u00e9 la pr\u00e9paration. Ce sont des motivations tr\u00e8s personnelles, li\u00e9es \u00e0 des r\u00e9flexions, des lectures.\u00a0\u00bb<\/p>\n<p>Selon Jean-Louis Schlegel, sociologue des religions, les bapt\u00eames des adolescents et des adultes sont en hausse en <a href=\"https:\/\/www.rfi.fr\/fr\/france\/\" target=\"_self\" rel=\"noopener\"><strong>France<\/strong><\/a> depuis deux ou trois ans. \u00ab\u00a0Apparemment, il y a un retour un peu spontan\u00e9. Alors, spontan\u00e9 veut dire suite \u00e0 une rencontre. Une rencontre avec quelqu&rsquo;un, lors d&rsquo;un \u00e9v\u00e9nement. On va \u00e0 un bapt\u00eame, \u00e0 mariage, on va \u00e0 une messe, \u00e0 un p\u00e8lerinage. Des choses de ce genre-l\u00e0 \u00bb, explique-t-il. Peu d\u2019enqu\u00eates ont \u00e9t\u00e9 men\u00e9es sur le sujet, mais il semble que la hausse des bapt\u00eames rel\u00e8ve d\u2019abord de d\u00e9marches individuelles. Il ne s\u2019agirait donc pas d\u2019un mouvement de soci\u00e9t\u00e9. Mais il pourrait y avoir d\u2019autres raisons. \u00ab\u00a0L&rsquo;incendie de Notre-Dame n&rsquo;aurait-il pas \u00e9ventuellement jou\u00e9 un r\u00f4le ? Par l&rsquo;\u00e9norme rappel que cela a \u00e9t\u00e9, tout de m\u00eame. De la possibilit\u00e9 d&rsquo;une catastrophe qui frapperait notre tradition religieuse, notre tradition catholique fran\u00e7aise ? \u00bb interroge-t-il. Toujours d\u2019apr\u00e8s Jean-Louis Schlegel, cela ne suffira pas \u00e0 sortir l\u2019\u00c9glise de la crise qu\u2019elle traverse. Aujourd\u2019hui, seuls 2 % des Fran\u00e7ais se disent catholiques pratiquants.<\/p>\n<p class=\"a-read-more\">\u00c0 lire aussi<a href=\"https:\/\/www.rfi.fr\/fr\/podcasts\/religions-du-monde\/20250420-p\u00e2ques-2025-l-unit\u00e9-des-chr\u00e9tiens\" target=\"_self\" class=\"a-read-more__link\" rel=\"noopener\">Religions du monde: P\u00e2ques 2025: l\u2019unit\u00e9 des chr\u00e9tiens<\/a><\/p>\n","protected":false},"excerpt":{"rendered":"Une bonne nouvelle pour l\u2019\u00c9glise catholique de France. Selon un rapport de la Conf\u00e9rence des \u00e9v\u00eaques, le nombre&hellip;\n","protected":false},"author":2,"featured_media":39989,"comment_status":"","ping_status":"","sticky":false,"template":"","format":"standard","meta":{"footnotes":""},"categories":[4],"tags":[11,4296,1011,27,12,626,4020,5920,25],"class_list":{"0":"post-39988","1":"post","2":"type-post","3":"status-publish","4":"format-standard","5":"has-post-thumbnail","7":"category-france","8":"tag-actualites","9":"tag-christianisme","10":"tag-fr","11":"tag-france","12":"tag-news","13":"tag-paris","14":"tag-religion","15":"tag-reportage-france","16":"tag-republique-francaise"},"share_on_mastodon":{"url":"https:\/\/pubeurope.com\/@fr\/114372693542816010","error":""},"_links":{"self":[{"href":"https:\/\/www.europesays.com\/fr\/wp-json\/wp\/v2\/posts\/39988","targetHints":{"allow":["GET"]}}],"collection":[{"href":"https:\/\/www.europesays.com\/fr\/wp-json\/wp\/v2\/posts"}],"about":[{"href":"https:\/\/www.europesays.com\/fr\/wp-json\/wp\/v2\/types\/post"}],"author":[{"embeddable":true,"href":"https:\/\/www.europesays.com\/fr\/wp-json\/wp\/v2\/users\/2"}],"replies":[{"embeddable":true,"href":"https:\/\/www.europesays.com\/fr\/wp-json\/wp\/v2\/comments?post=39988"}],"version-history":[{"count":0,"href":"https:\/\/www.europesays.com\/fr\/wp-json\/wp\/v2\/posts\/39988\/revisions"}],"wp:featuredmedia":[{"embeddable":true,"href":"https:\/\/www.europesays.com\/fr\/wp-json\/wp\/v2\/media\/39989"}],"wp:attachment":[{"href":"https:\/\/www.europesays.com\/fr\/wp-json\/wp\/v2\/media?parent=39988"}],"wp:term":[{"taxonomy":"category","embeddable":true,"href":"https:\/\/www.europesays.com\/fr\/wp-json\/wp\/v2\/categories?post=39988"},{"taxonomy":"post_tag","embeddable":true,"href":"https:\/\/www.europesays.com\/fr\/wp-json\/wp\/v2\/tags?post=39988"}],"curies":[{"name":"wp","href":"https:\/\/api.w.org\/{rel}","templated":true}]}}