{"id":399880,"date":"2025-09-18T12:03:11","date_gmt":"2025-09-18T12:03:11","guid":{"rendered":"https:\/\/www.europesays.com\/fr\/399880\/"},"modified":"2025-09-18T12:03:11","modified_gmt":"2025-09-18T12:03:11","slug":"manif-blocages-et-interpellations-suivez-la-situation","status":"publish","type":"post","link":"https:\/\/www.europesays.com\/fr\/399880\/","title":{"rendered":"manif, blocages et interpellations, suivez la situation"},"content":{"rendered":"<p class=\"app_entry_lead\">\n<p>                    <a title=\"\" href=\"https:\/\/www.europesays.com\/fr\/wp-content\/uploads\/2025\/09\/80405365.jpg\" class=\"fancy\"><\/p>\n<p>                            <img loading=\"lazy\" decoding=\"async\" src=\"https:\/\/www.europesays.com\/fr\/wp-content\/uploads\/2025\/09\/80405365.jpg\" alt=\"18\u00a0septembre, en direct\u00a0: manif, blocages et interpellations, suivez la situation\" width=\"1500\" height=\"1000\"\/><\/p>\n<p>                    <\/a><\/p>\n<p>                250\u00a0cort\u00e8ges et 900\u00a0000\u00a0manifestants sont attendus \u00e0 travers tout le pays ce jeudi 18\u00a0septembre 2025. Alors que les premiers cort\u00e8ges se sont \u00e9lanc\u00e9s \u00e0 Marseille et Nantes, des heurts ont aussi \u00e9clat\u00e9 \u00e0 Paris.<\/p>\n<p>L&rsquo;essentiel<\/p>\n<ul>&#13;<\/p>\n<li>La journ\u00e9e de gr\u00e8ve du jeudi 18 septembre s&rsquo;annonce historique,\u00a0pr\u00e8s de 900 000 personnes pourraient descendre dans les rues pour manifester leur col\u00e8re.\u00a0Au total, 80 000 gendarmes et policiers seront d\u00e9ploy\u00e9s sur tout le territoire.<\/li>\n<p>&#13;<\/p>\n<li>99\u00a0personnes ont \u00e9t\u00e9 interpell\u00e9es depuis ce matin, dont 15\u00a0en r\u00e9gion parisienne, et 33 personnes ont \u00e9t\u00e9 plac\u00e9es en garde \u00e0 vue, selon les derniers chiffres de la police et de la gendarmerie. Le minist\u00e8re de l&rsquo;Int\u00e9rieur a recens\u00e9 476 actions dont 341 sur la voie publique et 135 blocages.<\/li>\n<p>&#13;<\/p>\n<li>\u00a0<a href=\"https:\/\/carte.cgt.fr\/carto\/carte\/septembre\/calque\/18-septembre\/\" target=\"_blank\" rel=\"noopener\">Les cort\u00e8ges<\/a>, pr\u00e8s de 250,\u00a0sont pr\u00e9vus dans les grandes villes fran\u00e7aises \u00e0 Toulouse, Nice, Lyon\u00a0ou encore \u00e0 Nantes. \u00c0 Paris, il devrait r\u00e9unir entre 50 000 et 100 000 personnes. \u00c0 Marseille, un\u00a0cort\u00e8ge compos\u00e9 de 15\u00a0000 manifestants s&rsquo;est \u00e9lanc\u00e9 en fin de matin\u00e9e depuis le Vieux-Port avec \u00e0 l&rsquo;int\u00e9rieur, le leader insoumis, Jean-Luc M\u00e9lenchon.<\/li>\n<p>&#13;<\/p>\n<li>T\u00f4t ce matin, la situation s&rsquo;est rapidement envenim\u00e9e, policiers et manifestants se sont affront\u00e9s dans le 20e arrondissement de Paris, les uns \u00e0 coups de matraque et de\u00a0gaz lacrymog\u00e8ne tandis que les contestataires r\u00e9pondent avec des fumig\u00e8nes, bloquant le d\u00e9p\u00f4t de bus de la rue de Lagny. Des heurts ont \u00e9galement \u00e9t\u00e9 signal\u00e9s \u00e0 Nantes en marge d&rsquo;un cort\u00e8ge;<\/li>\n<p>&#13;<\/p>\n<li>Le ministre d\u00e9missionnaire de l&rsquo;Int\u00e9rieur Bruno Retailleau a indiqu\u00e9 ce matin que\u00a0l&rsquo;Etat sera \u00ab\u00a0intraitable et implacable. Les gendarmes iront au contact et seront tr\u00e8s mobiles pour ne supporter aucun d\u00e9sordre, aucune atteinte aux biens ni aux personnes\u00a0\u00bb. Pour l&rsquo;heure, les actions sont \u00ab\u00a0moins intenses que pr\u00e9vues\u00a0\u00bb, assure-t-il.<\/li>\n<p>&#13;\n<\/ul>\n<p>La carte des manifestations du 18 septembre 2025<\/p>\n<p><a name=\"post1758196741\"\/>13:59 &#8211; 14 000 manifestants dont 400 violents \u00e0 Lyon, selon la pr\u00e9fecture<\/p>\n<p>\u00c0 la mi-journ\u00e9e, la CGT dresse un premier bilan de la participation \u00e0 cette journ\u00e9e de mobilisation et de gr\u00e8ves du 18 septembre 2025, \u00e0 Lyon.\u00a020 000 manifestants ont \u00e9t\u00e9 d\u00e9nombr\u00e9s dans la capitale des Gaules, selon\u00a0la CGT, selon la pr\u00e9fecture, ils sont 14 000 personnes a avoir d\u00e9ferl\u00e9 dans les rues pour l&rsquo;instant, dont 400 individus violents.<\/p>\n<p><a name=\"post1758196214\"\/>13:50 &#8211; Des fouilles avant le d\u00e9part du cort\u00e8ge \u00e0 Paris<\/p>\n<p>\u00c0 Paris, le d\u00e9part de la\u00a0grande manifestation, place de la Bastille, est pr\u00e9vu\u00a0\u00e0 14 heures. Mais pour se joindre au cort\u00e8ge, il faut d&rsquo;abord passer le contr\u00f4le\u00a0des forces de l&rsquo;ordre qui fouillent m\u00e9ticuleusement les sacs des manifestants pour s&rsquo;assurer que ces derniers ne disposent pas de projectile sou d&rsquo;objets dangereux\u00a0dont ils pourraient faire usage.\u00a0\u00c0 chacune des rues qui m\u00e8nent \u00e0 la colonne de juillet, la police est post\u00e9e, pr\u00e9cise Le Parisien.\u00a0<\/p>\n<p><a name=\"post1758194809\"\/>13:26 &#8211; Deux ou trois bless\u00e9s \u00e0 Lyon<\/p>\n<p>Il y a entre deux et trois bless\u00e9s \u00e0 Lyon. Le Parisien \u00e9voque un bilan de la pr\u00e9fecture de Lyon faisant \u00e9tat de trois personnes bless\u00e9es lors des heurts survenus plus t\u00f4t dans la matin\u00e9e : un journaliste, un manifestant et un policier qui aurait \u00e9t\u00e9 bless\u00e9 par un tir de mortiers. Le Progr\u00e8s rapporte un bilan de la pr\u00e9fecture comptant deux bless\u00e9s, un journaliste et un policier qui aurait perdu une dent. Toutes les personnes touch\u00e9es ont \u00e9t\u00e9 prises en charge.<\/p>\n<p><a name=\"post1758194473\"\/>13:21 &#8211; Des \u00e9changes de tirs et de l\u00e9gers \u00e0 Nantes<\/p>\n<p>La situation s&rsquo;est tendue \u00e0 Nantes et des heurts ont \u00e9clat\u00e9 \u00e0 la mi-journ\u00e9e selon la pr\u00e9fecture. \u00ab\u00a0Un groupe d&rsquo;individus \u00e0 risque s&rsquo;est form\u00e9 en t\u00eate de manifestation \u00e0 Nantes et a jet\u00e9 apr\u00e8s sommations des projectiles sur les policiers\u00a0\u00bb, indique la pr\u00e9fecture qui ajoute que \u00ab\u00a0les forces de l&rsquo;ordre ont utilis\u00e9 des gaz lacrymog\u00e8nes\u00a0\u00bb. Les CRS sont pr\u00e9sents en nombre autour de la manifestation. Sur les r\u00e9seaux, un\u00a0<a href=\"https:\/\/x.com\/Theop_rn\/status\/1968622694384930979\" target=\"_blank\">journaliste pour LeM\u00e9dia<\/a> \u00e9voque aussi une grenade de d\u00e9sencerclement et une \u00ab\u00a0nasse mobile\u00a0\u00bb qui a exacerb\u00e9 les tensions qui semblent, depuis, \u00eatre retomb\u00e9es.<\/p>\n<p><a name=\"post1758193938\"\/>13:12 &#8211; Des manifestants quittent le minist\u00e8re de l&rsquo;Economie apr\u00e8s l&rsquo;avoir occup\u00e9 quelques minutes<\/p>\n<p>La tension est mont\u00e9e pr\u00e8s du minist\u00e8re de l&rsquo;Economie \u00e0 la mi-journ\u00e9e.\u00a0Une cinquantaine de manifestants ont p\u00e9n\u00e9tr\u00e9 dans l&rsquo;enceinte du minist\u00e8re et y sont rest\u00e9s pendant une dizaine de minutes sans que la s\u00e9curit\u00e9, d\u00e9pass\u00e9, ou les forces de l&rsquo;ordre interviennent. Ils ont occup\u00e9 le parvis du minist\u00e8re et y ont allum\u00e9 un fumig\u00e8ne en scandant des slogans comme \u00ab\u00a0Bercy t&rsquo;es foutu les travailleurs sont dans la rue\u00a0\u00bb et \u00ab\u00a0Tous ensemble, tous ensemble, gr\u00e8ve g\u00e9n\u00e9rale\u00a0\u00bb. Ils sont ensuite repartis selon les informations de RMC. \u00ab\u00a0On a r\u00e9ussi \u00e0 envahir, c&rsquo;est bon ! Le but c&rsquo;est qu&rsquo;il n&rsquo;y ait pas 50 mecs en garde \u00e0 vue donc on va repartir tranquillement\u00a0\u00bb, a gliss\u00e9\u00a0un responsable syndical au <a href=\"https:\/\/www.leparisien.fr\/economie\/direct-greve-du-18-septembre-800-000-manifestants-attendus-risques-de-troubles-blocages-les-policiers-deja-sur-le-front-18-09-2025-FHGIVK2BX5HVJACAZXI7SBPXRU.php#4475e5c3-a7ac-44bd-a8e6-689f0650cdae\" target=\"_blank\" rel=\"noopener\">Parisien<\/a>, tandis qu&rsquo;un meneur de l&rsquo;intrusion a lanc\u00e9 un \u00ab\u00a0d\u00e9sol\u00e9 pour le d\u00e9rangement\u00a0\u00bb au moment du d\u00e9part.<\/p>\n<p><a name=\"post1758193486\"\/>13:04 &#8211; 94 interpellations dans tout le pays<\/p>\n<p>94\u00a0personnes ont \u00e9t\u00e9 interpell\u00e9es dans tout le pays, selon les derniers chiffres de la police et de la gendarmerie. Parmi elles, 32 ont \u00e9t\u00e9 plac\u00e9es en garde \u00e0 vue. Selon la pr\u00e9fecture de police de Paris, 15 interpellations ont eu lieu\u00a0\u00e0 Paris et en petite couronne.<\/p>\n<p><a name=\"post1758193125\"\/>12:58 &#8211; Quelques heurts \u00e9clatent \u00e0 Lyon <\/p>\n<p>Des premiers heurts se sont produits \u00e0 Lyon selon les informations du Progr\u00e8s et les images de BFMTV. Le journal local rapporte des\u00a0tirs de mortier et de projectiles\u00a0de la part des manifestants qui ont entra\u00een\u00e9 une charge des forces de l&rsquo;ordre ainsi que des tirs de gaz lacrymog\u00e8ne au niveau de Saxe-Gambetta. Ces mesures ont eu pour effet de disperser les manifestants dans des rues adjacentes. Selon BFMTV, les heurts n&rsquo;ont pas dur\u00e9 longtemps. La pr\u00e9fecture compte toutefois deux bless\u00e9s, dont un journaliste d&rsquo;apr\u00e8s les pr\u00e9cisions du Progr\u00e8s.<\/p>\n<p><a name=\"post1758192706\"\/>12:51 &#8211; 15 000 manifestants dans les rues de Marseille<\/p>\n<p>Selon le\u00a0bilan d\u00e9finitif de\u00a0la pr\u00e9fecture des Bouches-du-Rh\u00f4ne, la manifestation du 18 septembre a r\u00e9uni 15 000 manifestants \u00e0 Marseille. Le d\u00e9fil\u00e9 touche bient\u00f4t \u00e0 sa fin.<\/p>\n<p><a name=\"post1758191224\"\/>12:27 &#8211; Nouveau bilan de 79 interpellations<\/p>\n<p>Nouveau bilan de\u00a0mi-journ\u00e9e. Le nombre d&rsquo;interpellations grimpe \u00e0 79 dans toute la France, selon Le Figaro, apr\u00e8s un pr\u00e9c\u00e9dant communiqu\u00e9 \u00e0 11 heures\u00a0par le ministre d\u00e9missionnaire de l\u2019Int\u00e9rieur Bruno Retailleau, qui faisait \u00e9tat de 58 interpellations.<\/p>\n<p><a name=\"post1758189388\"\/>11:56 &#8211; Avec M\u00e9lenchon, le cort\u00e8ge marseillais s&rsquo;est \u00e9lanc\u00e9<\/p>\n<p>\u00c0 Marseille, le cort\u00e8ge s&rsquo;est \u00e9lanc\u00e9 avec \u00e0 l&rsquo;int\u00e9rieur, le leader historique de LFI, Jean-Luc M\u00e9lenchon.\u00a0Selon la pr\u00e9fecture de police des Bouches-du-Rh\u00f4ne, 13 000 manifestants sont rassembl\u00e9s le long d\u2019un grand cort\u00e8ge qui comprend de nombreuses organisations syndicales et politiques comme la CGT, FO, le PCF ou encore le PS et EELV.<\/p>\n<p><a name=\"post1758188899\"\/>11:48 &#8211; \u00ab\u00a0Toute la gare (du Nord) est ceintur\u00e9e de bleu\u00a0\u00bb<\/p>\n<p>Une centaine de manifestants sont r\u00e9unis\u00a0\u00e0 une centaine de m\u00e8tres de la gare de Lyon (XIIe). \u00ab\u00a0Des cagettes et palettes de bois sont br\u00fbl\u00e9es avant la prise de paroles des syndicalistes lors d&rsquo;une assembl\u00e9e g\u00e9n\u00e9rale\u00a0\u00bb, pr\u00e9cise Le Parisien.<\/p>\n<p>De leur c\u00f4t\u00e9, les forces de l&rsquo;ordre se pr\u00e9parent, Gare du Nord, en cas de d\u00e9bordements. \u00ab\u00a0Elles sont d\u00e9ploy\u00e9es en nombre mais pour l&rsquo;instant, la situation reste calme\u00a0\u00bb, pr\u00e9cise Le Figaro. \u00ab\u00a0\u00c0 la voie 36, les forces de l\u2019ordre refusent l\u2019acc\u00e8s aux personnes n\u2019ayant pas de carte d\u2019agent SNCF. \u00c0 l\u2019ext\u00e9rieur, toute la gare est ceintur\u00e9e de bleu\u00a0\u00bb, abonde Le Parisien.<\/p>\n<p><a name=\"post1758187955\"\/>11:32 &#8211; Le cort\u00e8ge lyonnais prend du retard<\/p>\n<p>\u00ab\u00a0Le\u00a0rendez-vous de la manifestation a \u00e9t\u00e9 fix\u00e9 \u00e0 11 heures\u00a0devant la Manufacture des Tabacs. Les manifestants arrivent doucement ces derni\u00e8res minutes. Ils sont d\u00e9j\u00e0 plusieurs milliers. Mais le gros quart d&rsquo;heure de retard lyonnais risque de durer un peu plus longtemps que d&rsquo;habitude\u00a0\u00bb, indique Le Progr\u00e8s. Mathilde Panot (LFI) fait notamment partie du cort\u00e8ge lyonnais et pose avec des soutiens \u00e0 Gaza sur place.<\/p>\n<p><a name=\"post1758187380\"\/>11:23 &#8211; \u00ab\u00a0Aucune perturbation sur les r\u00e9seaux de transport\u00a0\u00bb \u00e0 Toulouse<\/p>\n<p>\u00c0 Toulouse, la\u00a0pr\u00e9fecture de la Haute-Garonne\u00a0fait un premier bilan de cette journ\u00e9e de mobilisation et observe que \u00ab\u00a0depuis 6 heures ce matin, des tentatives de blocages ont \u00e9t\u00e9 constat\u00e9es devant\u00a0plusieurs lyc\u00e9es, facult\u00e9s\u00a0ainsi que sur certaines voies de circulation\u00a0\u00bb, relaye Actu Toulouse. Toutefois, \u00ab\u00a0aucune perturbation\u00a0n\u2019est signal\u00e9e au niveau des\u00a0p\u00e9ages autoroutiers\u00a0ni sur les\u00a0r\u00e9seaux de transport\u00a0\u00bb, apprend-on.<\/p>\n<p><a name=\"post1758187123\"\/>11:18 &#8211; Des \u00ab\u00a0actions moins intenses que pr\u00e9vues\u00a0\u00bb, dit Retailleau<\/p>\n<p>Le ministre de l&rsquo;Int\u00e9rieur d\u00e9missionnaire, Bruno Retailleau, fait \u00e9tat de 230 actions \u00e0 10 heures sur la voie publique dans toute la France dont 95 tentatives de blocages de site. Il \u00e9voque des \u00ab\u00a0actions moins intenses que pr\u00e9vues,\u00a0sans doute d\u00e9stabilis\u00e9es par la pr\u00e9sence massive des forces de l&rsquo;ordre\u00a0\u00bb et recense 58 interpellations dont 11 \u00e0 Paris. Des propos relay\u00e9s par Le Parisien.<\/p>\n<p><a name=\"post1758186526\"\/>11:08 &#8211; Partout en France, des universit\u00e9s bloqu\u00e9es<\/p>\n<p>Selon Le Parisien, le campus de la fac de sciences de Montpellier (H\u00e9rault) est totalement bloqu\u00e9 par une cinquantaine de personnes, comme la facult\u00e9 Jean Jaur\u00e8s de Toulouse (Haute-Garonne). A la facult\u00e9 de droit d&rsquo;Amiens (Somme), \u00ab\u00a0des barri\u00e8res et des cha\u00eenes sont install\u00e9es mais les acc\u00e8s ont \u00e9t\u00e9 r\u00e9ouverts\u00a0\u00bb. \u00ab\u00a0D&rsquo;autres actions du genre sont \u00e0 noter \u00e0 Nantes (Loire-Atlantique), Poitiers (Vienne), Brest (Finist\u00e8re) ou Caen (Calvados)\u00a0\u00bb, pr\u00e9cise le quotidien francilien.<\/p>\n<p><a class=\"app_edito_btn\" href=\"https:\/\/www.linternaute.com\/actualite\/societe\/8796452-manifestation-du-18septembre-premiers-heurts-et-sabotages-dejoues-la-tension-monte-d-un-cran-a-paris\/\" id=\"jLiveMore\" data-sort-time=\"1758186525\" target=\"_blank\" rel=\"noopener\">LIRE PLUS<\/a><\/p>\n<p>En savoir plus<\/p>\n<p data-end=\"649\" data-start=\"232\">\n            <a href=\"https:\/\/www.linternaute.com\/actualite\/societe\/8833314-manifestations-du-18-septembre-a-paris-et-en-france-ou-sont-les-corteges-carte\/\" class=\"jGTMWidgetGAEventClick\" data-gtmwidgetgaeventaction=\"clickWidgetFullscreenContent\" data-gtmwidgetgaeventlabel=\"Manifestations du 18\u00a0septembre\u00a0: \u00e0 Paris et en France, o\u00f9 sont les cort\u00e8ges\u00a0? CARTE\" target=\"_blank\" rel=\"noopener\"><\/p>\n<p>                            <img decoding=\"async\" src=\"https:\/\/www.europesays.com\/fr\/wp-content\/uploads\/2025\/09\/80400037.jpg\" alt=\"\" width=\"820\" height=\"546\" loading=\"lazy\"\/><\/p>\n<p>\n                                        Lire l&rsquo;article\n                <\/p>\n<p>                        Manifestations du 18\u00a0septembre\u00a0: \u00e0 Paris et en France, o\u00f9 sont les cort\u00e8ges\u00a0? CARTE<\/p>\n<p>        <\/a><\/p>\n<p>Des gr\u00e8ves dans plusieurs secteurs le 18 septembre<\/p>\n<p data-end=\"2273\" data-start=\"1695\">En plus des manifestations, des gr\u00e8ves ont lieu dans de nombreux secteurs, \u00e0 commencer par celui des transports.\u00a0La SNCF et la RATP sont particuli\u00e8rement touch\u00e9es. Les perturbations sont notables, notamment en \u00cele-de-France.<\/p>\n<p data-end=\"2273\" data-start=\"1695\">L&rsquo;Education nationale est \u00e9galement au rendez-vous, des \u00e9coles primaires aux universit\u00e9s. Enseignants, \u00e9tudiants et lyc\u00e9ens entendent d\u00e9noncer la baisse des moyens et des conditions de travail jug\u00e9es intenables. Du c\u00f4t\u00e9 des professions de sant\u00e9 et param\u00e9dicales, pharmaciens et kin\u00e9sith\u00e9rapeutes ont ferm\u00e9 leurs \u00e9tablissements pour alerter sur l&rsquo;\u00e9rosion de leurs revenus et la fragilisation du syst\u00e8me de remboursement. Le secteur de l&rsquo;\u00e9nergie, tr\u00e8s mobilis\u00e9, r\u00e9clame pour sa part des augmentations salariales et une r\u00e9duction de la TVA sur l&rsquo;\u00e9lectricit\u00e9 et le gaz. Les actions promises ne se limitent pas aux arr\u00eats de travail. Le collectif \u00ab\u00a0Bloquons tout\u00a0\u00bb a annonc\u00e9 des blocages routiers et des actions de d\u00e9sob\u00e9issance civile, destin\u00e9s \u00e0 compl\u00e9ter les cort\u00e8ges syndicaux.<\/p>\n<p data-end=\"3192\" data-start=\"2763\">Au-del\u00e0 des modalit\u00e9s pratiques, les revendications convergent autour de quelques priorit\u00e9s\u00a0: l&rsquo;abandon des mesures les plus dures du budget, la d\u00e9fense des retraites, une fiscalit\u00e9 plus juste, le renforcement des services publics et une hausse g\u00e9n\u00e9rale des salaires et des pensions. Pour les syndicats, il s&rsquo;agit de faire reculer un gouvernement accus\u00e9 de privil\u00e9gier l&rsquo;\u00e9quilibre comptable au d\u00e9triment de la coh\u00e9sion sociale.<\/p>\n<p data-end=\"3655\" data-start=\"3194\">Cette mobilisation constitue \u00e9galement un test politique. Le nouveau Premier ministre, S\u00e9bastien Lecornu, h\u00e9rite d&rsquo;un budget largement pr\u00e9par\u00e9 sous Fran\u00e7ois Bayrou. Quelques concessions ont d\u00e9j\u00e0 \u00e9t\u00e9 annonc\u00e9es, comme le retrait de la suppression des jours f\u00e9ri\u00e9s, mais elle ce recul est consid\u00e9r\u00e9 comme insuffisant\u00a0par les manifestants. Si le 18\u00a0septembre 2025 rassemble massivement, la pression pourrait s&rsquo;accentuer sur l&rsquo;ex\u00e9cutif pour amender plus largement son projet.<\/p>\n<p data-end=\"4178\" data-start=\"3657\">La r\u00e9ussite de cette journ\u00e9e d\u00e9pendra toutefois de l&rsquo;ampleur r\u00e9elle de la mobilisation. Le 10\u00a0septembre, la col\u00e8re s&rsquo;\u00e9tait exprim\u00e9e de mani\u00e8re disparate, avec des actions citoyennes parfois difficiles \u00e0 \u00e9valuer. Les syndicats esp\u00e8rent cette fois f\u00e9d\u00e9rer et donner une coh\u00e9rence \u00e0 la contestation. Le gouvernement, lui, observe attentivement. Entre menace de paralysie et n\u00e9cessit\u00e9 de composer avec l&rsquo;opinion, le rapport de force qui se jouera ce jour-l\u00e0 pourrait bien donner le ton des prochains mois sociaux en France.<\/p>\n","protected":false},"excerpt":{"rendered":"250\u00a0cort\u00e8ges et 900\u00a0000\u00a0manifestants sont attendus \u00e0 travers tout le pays ce jeudi 18\u00a0septembre 2025. Alors que les premiers&hellip;\n","protected":false},"author":2,"featured_media":399881,"comment_status":"","ping_status":"","sticky":false,"template":"","format":"standard","meta":{"footnotes":""},"categories":[1888],"tags":[11,52814,51761,1777,674,51763,1011,27,12,51767,626,25,104],"class_list":{"0":"post-399880","1":"post","2":"type-post","3":"status-publish","4":"format-standard","5":"has-post-thumbnail","7":"category-paris","8":"tag-actualites","9":"tag-cms-linternaute-8796452","10":"tag-controller-content","11":"tag-eu","12":"tag-europe","13":"tag-format-papier","14":"tag-fr","15":"tag-france","16":"tag-news","17":"tag-parallaxeinfeed","18":"tag-paris","19":"tag-republique-francaise","20":"tag-societe"},"share_on_mastodon":{"url":"https:\/\/pubeurope.com\/@fr\/115225206528020055","error":""},"_links":{"self":[{"href":"https:\/\/www.europesays.com\/fr\/wp-json\/wp\/v2\/posts\/399880","targetHints":{"allow":["GET"]}}],"collection":[{"href":"https:\/\/www.europesays.com\/fr\/wp-json\/wp\/v2\/posts"}],"about":[{"href":"https:\/\/www.europesays.com\/fr\/wp-json\/wp\/v2\/types\/post"}],"author":[{"embeddable":true,"href":"https:\/\/www.europesays.com\/fr\/wp-json\/wp\/v2\/users\/2"}],"replies":[{"embeddable":true,"href":"https:\/\/www.europesays.com\/fr\/wp-json\/wp\/v2\/comments?post=399880"}],"version-history":[{"count":0,"href":"https:\/\/www.europesays.com\/fr\/wp-json\/wp\/v2\/posts\/399880\/revisions"}],"wp:featuredmedia":[{"embeddable":true,"href":"https:\/\/www.europesays.com\/fr\/wp-json\/wp\/v2\/media\/399881"}],"wp:attachment":[{"href":"https:\/\/www.europesays.com\/fr\/wp-json\/wp\/v2\/media?parent=399880"}],"wp:term":[{"taxonomy":"category","embeddable":true,"href":"https:\/\/www.europesays.com\/fr\/wp-json\/wp\/v2\/categories?post=399880"},{"taxonomy":"post_tag","embeddable":true,"href":"https:\/\/www.europesays.com\/fr\/wp-json\/wp\/v2\/tags?post=399880"}],"curies":[{"name":"wp","href":"https:\/\/api.w.org\/{rel}","templated":true}]}}