{"id":399899,"date":"2025-09-18T12:14:31","date_gmt":"2025-09-18T12:14:31","guid":{"rendered":"https:\/\/www.europesays.com\/fr\/399899\/"},"modified":"2025-09-18T12:14:31","modified_gmt":"2025-09-18T12:14:31","slug":"un-premier-migrant-renvoye-par-le-royaume-uni-vers-la-france-dans-le-cadre-du-nouvel-accord-entre-paris-et-londres-liberation","status":"publish","type":"post","link":"https:\/\/www.europesays.com\/fr\/399899\/","title":{"rendered":"Un premier migrant renvoy\u00e9 par le Royaume-Uni vers la France, dans le cadre du nouvel accord entre Paris et Londres \u2013 Lib\u00e9ration"},"content":{"rendered":"<p class=\"sc-cPiKLX AiZTS text-element\">Apr\u00e8s <a href=\"https:\/\/www.liberation.fr\/international\/europe\/un-pour-un-au-royaume-uni-les-premiers-renvois-de-migrants-vers-la-france-compliques-par-la-justice-20250917_IQOPJF2J75CARA3RMEASSHUGXY\/?redirected=1\" target=\"_blank\" rel=\"noreferrer noopener\" title=\"https:\/\/www.liberation.fr\/international\/europe\/un-pour-un-au-royaume-uni-les-premiers-renvois-de-migrants-vers-la-france-compliques-par-la-justice-20250917_IQOPJF2J75CARA3RMEASSHUGXY\/?redirected=1\">un imbroglio administratif<\/a> en d\u00e9but de semaine, un premier migrant a \u00e9t\u00e9 expuls\u00e9 du Royaume-Uni vers la France ce jeudi 18\u00a0septembre, dans le cadre de <a href=\"https:\/\/www.liberation.fr\/international\/europe\/laccord-migratoire-un-pour-un-ratifie-par-paris-et-londres-entre-en-vigueur-mercredi-6-aout-20250805_B2XLHPR77FHWHCZMHKPKE5TIMM\/\" target=\"_blank\" rel=\"noreferrer noopener\" title=\"https:\/\/www.liberation.fr\/international\/europe\/laccord-migratoire-un-pour-un-ratifie-par-paris-et-londres-entre-en-vigueur-mercredi-6-aout-20250805_B2XLHPR77FHWHCZMHKPKE5TIMM\/\">l\u2019accord migratoire<\/a> conclu cet \u00e9t\u00e9 entre les deux pays, a annonc\u00e9 le minist\u00e8re britannique de l\u2019Int\u00e9rieur. <\/p>\n<p class=\"sc-cPiKLX AiZTS text-element\">Cet homme, d\u2019origine indienne selon une source gouvernementale fran\u00e7aise, est arriv\u00e9 en France ce matin \u00e0 bord d\u2019un vol commercial. Il \u00e9tait entr\u00e9 au Royaume-Uni en ao\u00fbt en <a href=\"https:\/\/www.liberation.fr\/societe\/immigration\/sur-les-plages-du-nord-des-quil-y-a-une-fenetre-de-traversee-les-campements-des-exiles-se-vident-20250710_4U7ERWNWWRARFBP5GT2ZJQD6H4\/?redirected=1\" target=\"_blank\" rel=\"noreferrer noopener\" title=\"https:\/\/www.liberation.fr\/societe\/immigration\/sur-les-plages-du-nord-des-quil-y-a-une-fenetre-de-traversee-les-campements-des-exiles-se-vident-20250710_4U7ERWNWWRARFBP5GT2ZJQD6H4\/?redirected=1\">traversant la Manche \u00e0 bord d\u2019un petit bateau<\/a>, a pr\u00e9cis\u00e9 le Home Office. <\/p>\n<p class=\"sc-cPiKLX AiZTS text-element\">La ministre de l\u2019Int\u00e9rieur britannique Shabana Mahmood a salu\u00e9 ce jeudi dans un communiqu\u00e9 ce premier renvoi comme un \u00abimportant premier pas pour s\u00e9curiser\u00bb les fronti\u00e8res du pays. D\u2019autres vols transportant <a href=\"https:\/\/www.liberation.fr\/international\/europe\/le-gouvernement-britannique-a-paye-des-pubs-pour-inciter-les-migrants-a-rester-en-france-20250905_ZH7O5E5C2NAW7NV2T4SVHFBWVQ\/\" target=\"_blank\" rel=\"noreferrer noopener\" title=\"https:\/\/www.liberation.fr\/international\/europe\/le-gouvernement-britannique-a-paye-des-pubs-pour-inciter-les-migrants-a-rester-en-france-20250905_ZH7O5E5C2NAW7NV2T4SVHFBWVQ\/\">des migrants vers la France<\/a> sont encore pr\u00e9vus cette semaine et la prochaine, pr\u00e9cise le Home Office. Dans le sens inverse, de premiers migrants autoris\u00e9s \u00e0 venir au Royaume-Uni arriveront \u00abdans les prochains jours\u00bb depuis la France, pr\u00e9cise encore le texte britannique. <\/p>\n<p class=\"sc-cPiKLX AiZTS text-element\"><a href=\"https:\/\/www.liberation.fr\/societe\/immigration\/accord-sur-limmigration-le-royaume-uni-et-la-france-actent-le-principe-une-entree-une-sortie-20250710_KRPATBGZ2FFBNFIVT5ZX6QACCI\/\" target=\"_blank\" rel=\"noreferrer noopener\" title=\"https:\/\/www.liberation.fr\/societe\/immigration\/accord-sur-limmigration-le-royaume-uni-et-la-france-actent-le-principe-une-entree-une-sortie-20250710_KRPATBGZ2FFBNFIVT5ZX6QACCI\/\">Conclu en juillet lors de la visite d\u2019Etat d\u2019Emmanuel Macron<\/a> au Royaume-Uni et entr\u00e9 en vigueur d\u00e9but ao\u00fbt, cet accord pr\u00e9voit le retour en France de migrants arriv\u00e9s \u00e0 bord de petites embarcations au Royaume-Uni, en \u00e9change de l\u2019envoi outre-Manche de migrants se trouvant en France, sur le principe du \u00abun pour un\u00bb \u2013 un migrant renvoy\u00e9 pour un migrant accueilli. <\/p>\n<p class=\"sc-cPiKLX AiZTS text-element\">Depuis d\u00e9but ao\u00fbt, le Royaume-Uni a commenc\u00e9 \u00e0 placer en d\u00e9tention des migrants dans le cadre de <a href=\"https:\/\/www.liberation.fr\/societe\/immigration\/dans-les-hauts-de-france-le-monde-associatif-indigne-apres-laccord-franco-britannique-sur-les-migrants-ce-sera-la-traque-absolue-20250711_WIVCLJVT7NAITH33B6MLABKHYM\/\" target=\"_blank\" rel=\"noreferrer noopener\" title=\"https:\/\/www.liberation.fr\/societe\/immigration\/dans-les-hauts-de-france-le-monde-associatif-indigne-apres-laccord-franco-britannique-sur-les-migrants-ce-sera-la-traque-absolue-20250711_WIVCLJVT7NAITH33B6MLABKHYM\/\">cet accord tr\u00e8s critiqu\u00e9 par les ONG<\/a>.\u00a0Selon le journal The Guardian, 92 personnes \u00e9taient d\u00e9tenues en d\u00e9but de semaine en attendant leur renvoi en France. <\/p>\n<p class=\"sc-cPiKLX AiZTS text-element\">Mardi, la Haute Cour de Londres a temporairement bloqu\u00e9 l\u2019expulsion d\u2019un migrant \u00e9rythr\u00e9en, qui devait \u00eatre renvoy\u00e9 en France par avion mercredi matin mais qui a contest\u00e9 son renvoi se disant victime de trafic d\u2019\u00eatres humains.<b> <\/b>Le gouvernement britannique a d\u00e9cid\u00e9 de faire appel de cette d\u00e9cision et a annonc\u00e9 qu\u2019il allait \u00abexaminer\u00bb la l\u00e9gislation sur l\u2019esclavage moderne pour \u00e9viter qu\u2019elle ne soit \u00abmal utilis\u00e9e\u00bb afin d\u2019\u00e9viter des expulsions. <\/p>\n<p class=\"sc-cPiKLX AiZTS text-element\">Plus de 31\u00a0000 personnes sont arriv\u00e9es sur les c\u00f4tes britanniques apr\u00e8s avoir travers\u00e9 la Manche depuis d\u00e9but janvier, un chiffre record \u00e0 ce stade de l\u2019ann\u00e9e, selon un bilan de l\u2019AFP r\u00e9alis\u00e9 \u00e0 partir de chiffres officiels.<\/p>\n<p class=\"sc-cPiKLX AiZTS text-element\">Le gouvernement travailliste de Keir Starmer est sous pression pour endiguer ce ph\u00e9nom\u00e8ne, sur fond de mont\u00e9e du parti d\u2019extr\u00eame droite Reform UK dans les sondages. Samedi, une manifestation a aussi rassembl\u00e9 entre 110\u00a0000\u00a0et 150\u00a0000 personnes \u00e0 Londres \u00e0 l\u2019appel de l\u2019influent activiste d\u2019extr\u00eame droite Tommy Robinson.<\/p>\n","protected":false},"excerpt":{"rendered":"Apr\u00e8s un imbroglio administratif en d\u00e9but de semaine, un premier migrant a \u00e9t\u00e9 expuls\u00e9 du Royaume-Uni vers la&hellip;\n","protected":false},"author":2,"featured_media":399900,"comment_status":"","ping_status":"","sticky":false,"template":"","format":"standard","meta":{"footnotes":""},"categories":[4],"tags":[11,1011,27,1061,35286,12,25,473],"class_list":{"0":"post-399899","1":"post","2":"type-post","3":"status-publish","4":"format-standard","5":"has-post-thumbnail","7":"category-france","8":"tag-actualites","9":"tag-fr","10":"tag-france","11":"tag-immigration","12":"tag-migrants-files","13":"tag-news","14":"tag-republique-francaise","15":"tag-royaume-uni"},"share_on_mastodon":{"url":"https:\/\/pubeurope.com\/@fr\/115225248599563947","error":""},"_links":{"self":[{"href":"https:\/\/www.europesays.com\/fr\/wp-json\/wp\/v2\/posts\/399899","targetHints":{"allow":["GET"]}}],"collection":[{"href":"https:\/\/www.europesays.com\/fr\/wp-json\/wp\/v2\/posts"}],"about":[{"href":"https:\/\/www.europesays.com\/fr\/wp-json\/wp\/v2\/types\/post"}],"author":[{"embeddable":true,"href":"https:\/\/www.europesays.com\/fr\/wp-json\/wp\/v2\/users\/2"}],"replies":[{"embeddable":true,"href":"https:\/\/www.europesays.com\/fr\/wp-json\/wp\/v2\/comments?post=399899"}],"version-history":[{"count":0,"href":"https:\/\/www.europesays.com\/fr\/wp-json\/wp\/v2\/posts\/399899\/revisions"}],"wp:featuredmedia":[{"embeddable":true,"href":"https:\/\/www.europesays.com\/fr\/wp-json\/wp\/v2\/media\/399900"}],"wp:attachment":[{"href":"https:\/\/www.europesays.com\/fr\/wp-json\/wp\/v2\/media?parent=399899"}],"wp:term":[{"taxonomy":"category","embeddable":true,"href":"https:\/\/www.europesays.com\/fr\/wp-json\/wp\/v2\/categories?post=399899"},{"taxonomy":"post_tag","embeddable":true,"href":"https:\/\/www.europesays.com\/fr\/wp-json\/wp\/v2\/tags?post=399899"}],"curies":[{"name":"wp","href":"https:\/\/api.w.org\/{rel}","templated":true}]}}