{"id":399901,"date":"2025-09-18T12:18:13","date_gmt":"2025-09-18T12:18:13","guid":{"rendered":"https:\/\/www.europesays.com\/fr\/399901\/"},"modified":"2025-09-18T12:18:13","modified_gmt":"2025-09-18T12:18:13","slug":"atp-laver-cup-agassi-sur-alcaraz-nous-sortons-dune-generation-avec-djokovic-federer-et-nadal-et-si-vous-prenez-le-meilleur-de-chacun-dentre-eux-cest-comme-si-obtenez-une-seule-personne","status":"publish","type":"post","link":"https:\/\/www.europesays.com\/fr\/399901\/","title":{"rendered":"ATP, Laver Cup > Agassi sur Alcaraz : \u00ab\u00a0Nous sortons d&rsquo;une g\u00e9n\u00e9ration avec Djokovic, Federer et Nadal, et si vous prenez le meilleur de chacun d&rsquo;entre eux, c&rsquo;est comme si obtenez une seule personne\u00a0\u00bb"},"content":{"rendered":"<p>Nouveau capi\u00adtaine de la Team World pour la neuvi\u00e8me \u00e9dition de la Laver Cup \u00e0 San Francisco ce week\u2010end (19 au 21 septembre), Andre Agassi a encens\u00e9 le prin\u00adcipal atout de l\u2019\u00e9quipe adverse (la Team Europe) : Carlos Alcaraz.\u00a0<\/p>\n<p><strong>\u00ab\u202fNous sortons d\u2019une g\u00e9n\u00e9\u00adra\u00adtion avec Novak, Roger et Rafa, et si vous prenez le meilleur de chacun d\u2019entre eux, c\u2019est comme si cela s\u2019\u00e9tait trans\u00adform\u00e9 en une seule personne. Il peut d\u00e9fendre comme Novak. Il a des mains douces et un toucher comme Federer, et il peut g\u00e9n\u00e9rer des tours par minute et un rythme comme Rafa. Et vous avez la vitesse, tant en attaque qu\u2019en d\u00e9fense. Il a la passion qui le motive tout le temps. Il a en quelque sorte tout ce qu\u2019il faut. Ce qu\u2019il faut esp\u00e9rer, c\u2019est qu\u2019il soit trop cr\u00e9atif sur le terrain. On esp\u00e8re qu\u2019il fran\u00adchira cette ligne de temps en temps pour nous donner de l\u2019espoir.\u202f\u00bb<\/strong><\/p>\n<p class=\"post-published-date\" style=\"color: silver; font-size: 75%; text-align: left;\">Publi\u00e9 le jeudi 18 septembre 2025 \u00e0 12:11<\/p>\n","protected":false},"excerpt":{"rendered":"Nouveau capi\u00adtaine de la Team World pour la neuvi\u00e8me \u00e9dition de la Laver Cup \u00e0 San Francisco ce&hellip;\n","protected":false},"author":2,"featured_media":399902,"comment_status":"","ping_status":"","sticky":false,"template":"","format":"standard","meta":{"footnotes":""},"categories":[1415],"tags":[18937,1744,105,2199,1011,27,1960,60,1467],"class_list":{"0":"post-399901","1":"post","2":"type-post","3":"status-publish","4":"format-standard","5":"has-post-thumbnail","7":"category-tennis","8":"tag-agassi","9":"tag-alcaraz","10":"tag-djokovic","11":"tag-federer","12":"tag-fr","13":"tag-france","14":"tag-nadal","15":"tag-sports","16":"tag-tennis"},"share_on_mastodon":{"url":"https:\/\/pubeurope.com\/@fr\/115225264444926165","error":""},"_links":{"self":[{"href":"https:\/\/www.europesays.com\/fr\/wp-json\/wp\/v2\/posts\/399901","targetHints":{"allow":["GET"]}}],"collection":[{"href":"https:\/\/www.europesays.com\/fr\/wp-json\/wp\/v2\/posts"}],"about":[{"href":"https:\/\/www.europesays.com\/fr\/wp-json\/wp\/v2\/types\/post"}],"author":[{"embeddable":true,"href":"https:\/\/www.europesays.com\/fr\/wp-json\/wp\/v2\/users\/2"}],"replies":[{"embeddable":true,"href":"https:\/\/www.europesays.com\/fr\/wp-json\/wp\/v2\/comments?post=399901"}],"version-history":[{"count":0,"href":"https:\/\/www.europesays.com\/fr\/wp-json\/wp\/v2\/posts\/399901\/revisions"}],"wp:featuredmedia":[{"embeddable":true,"href":"https:\/\/www.europesays.com\/fr\/wp-json\/wp\/v2\/media\/399902"}],"wp:attachment":[{"href":"https:\/\/www.europesays.com\/fr\/wp-json\/wp\/v2\/media?parent=399901"}],"wp:term":[{"taxonomy":"category","embeddable":true,"href":"https:\/\/www.europesays.com\/fr\/wp-json\/wp\/v2\/categories?post=399901"},{"taxonomy":"post_tag","embeddable":true,"href":"https:\/\/www.europesays.com\/fr\/wp-json\/wp\/v2\/tags?post=399901"}],"curies":[{"name":"wp","href":"https:\/\/api.w.org\/{rel}","templated":true}]}}