{"id":399903,"date":"2025-09-18T12:19:12","date_gmt":"2025-09-18T12:19:12","guid":{"rendered":"https:\/\/www.europesays.com\/fr\/399903\/"},"modified":"2025-09-18T12:19:12","modified_gmt":"2025-09-18T12:19:12","slug":"la-nouvelle-star-du-basket-francais-bientot-couronnee","status":"publish","type":"post","link":"https:\/\/www.europesays.com\/fr\/399903\/","title":{"rendered":"La nouvelle star du basket fran\u00e7ais bient\u00f4t couronn\u00e9e"},"content":{"rendered":"<p style=\"text-align: justify;\"><strong>La F\u00e9d\u00e9ration fran\u00e7aise de basketball a d\u00e9voil\u00e9 la liste des nomm\u00e9s pour l\u2019\u00e9dition 2025 du Troph\u00e9e Alain Gilles. Les votes sont ouverts jusqu\u2019au 18 septembre \u00e0 minuit. Qui succ\u00e8dera \u00e0 Gabby Williams ?<\/strong><\/p>\n<p style=\"text-align: justify;\">Cr\u00e9\u00e9 en 2015 par la FFBB, le Troph\u00e9e Alain Gilles r\u00e9compense chaque ann\u00e9e le basketteur ou la basketteuse fran\u00e7ais(e) de la saison \u00e9coul\u00e9e. V\u00e9ritable distinction individuelle, il est attribu\u00e9 par un jury de personnalit\u00e9s du basket fran\u00e7ais (17 personnes), compl\u00e9t\u00e9 par la voix du public. Depuis sa cr\u00e9ation, il a mis en lumi\u00e8re des parcours exceptionnels, \u00e0 l\u2019image de Gabby Williams l\u2019an pass\u00e9, premi\u00e8re Fran\u00e7aise \u00e0 participer au All-Star Game WNBA. En 2025, la comp\u00e9tition est plus ouverte que jamais, reflet d\u2019une g\u00e9n\u00e9ration brillante et d\u2019un basket tricolore en pleine effervescence.<\/p>\n<p style=\"text-align: justify;\"><a href=\"https:\/\/www.sportmag.fr\/abonnement\/\" target=\"_blank\" rel=\"noopener\"><img loading=\"lazy\" decoding=\"async\" class=\"size-medium wp-image-165816 alignleft\" src=\"data:image\/svg+xml,%3Csvg%20xmlns=\" http:=\"\" alt=\"\" width=\"212\" height=\"300\" data-lazy- data-lazy- data-lazy-src=\"https:\/\/www.europesays.com\/fr\/wp-content\/uploads\/2025\/09\/Sans-titre-212x300.png\"\/><\/a><\/p>\n<p><strong>Une s\u00e9lection prestigieuse<\/strong><\/p>\n<p style=\"text-align: justify;\"><a href=\"https:\/\/ffbb.qualifioapp.com\/20\/3405CF17-7175-476A-B047-BA2877A1F7E5\/_omaiv6\/v1.cfm?id=3405CF17-7175-476A-B047-BA2877A1F7E5&amp;fbclid=IwY2xjawM3l6tleHRuA2FlbQIxMABicmlkETFEclRCZ1piSm80Vk1IV2d2AR7_-qYiCEJy2Y1ujg4X5OZBNryqZzO-kbXZCHjMIMyjUTd3dgyOiUB956jRow_aem_DSsfd7ilTjhAhvl3PoAxLw#top\" target=\"_blank\" rel=\"noopener\">Parmi les quatorze nomm\u00e9s, le panel illustre la richesse du vivier fran\u00e7ais.<\/a> C\u00f4t\u00e9 masculin, Nadir Hifi, \u00e9lu Rising Star de l\u2019EuroLeague et meilleur marqueur de Betclic, figure en bonne place, tout comme Guerschon Yabusele, revenu en NBA avec un impact imm\u00e9diat aux Sixers. Sylvain Francisco, champion de Lituanie et MVP de la finale, \u00c9lie Okobo, finaliste de l\u2019EuroLeague avec Monaco, ou encore Zaccharie Risacher, premier choix de la Draft NBA 2024, compl\u00e8tent un casting relev\u00e9. Evan Fournier ou encore Rudy Gobert rappellent la profondeur du basket fran\u00e7ais.<\/p>\n<p style=\"text-align: justify;\">Chez les f\u00e9minines, le niveau n\u2019est pas en reste. Val\u00e9riane Ayayi, capitaine des Bleues et championne d\u2019Euroligue avec Prague, Iliana Rupert, dominante en Europe et d\u00e9sormais en WNBA, ou encore Janelle Sala\u00fcn, championne d\u2019Italie et meilleure scoreuse des Bleues de l\u2019EuroBasket Women, sont toutes en lice. La jeunesse est aussi au rendez-vous avec Dominique Malonga, deuxi\u00e8me choix de la Draft WNBA, Carla Leite, meilleure marqueuse de la Wonderligue, et Le\u00efla Lacan, championne de France avec Basket Landes et rookie remarqu\u00e9e au Connecticut Sun.<\/p>\n<p><strong>Lacan, Hifi et Yabusele en t\u00eate<\/strong><\/p>\n<p style=\"text-align: justify;\">Les premiers votes enregistr\u00e9s donnent d\u00e9j\u00e0 une tendance. \u00c0 ce jour, 3 974 suffrages ont \u00e9t\u00e9 comptabilis\u00e9s, et c\u2019est Le\u00efla Lacan qui m\u00e8ne la danse devant Nadir Hifi et Guerschon Yabusele. La jeune joueuse de 21 ans, sacr\u00e9e MVP des finales avec Basket Landes avant de s\u2019envoler pour la WNBA, s\u00e9duit autant par son talent que par sa trajectoire fulgurante. Mais rien n\u2019est jou\u00e9 : le vote du public ne repr\u00e9sente qu\u2019une voix dans la d\u00e9cision finale, aux c\u00f4t\u00e9s des 17 membres du jury r\u00e9unis \u00e0 Paris. Verdict dans quelques jours pour conna\u00eetre le ou la digne successeur(e) de Gabby Williams.<\/p>\n","protected":false},"excerpt":{"rendered":"La F\u00e9d\u00e9ration fran\u00e7aise de basketball a d\u00e9voil\u00e9 la liste des nomm\u00e9s pour l\u2019\u00e9dition 2025 du Troph\u00e9e Alain Gilles.&hellip;\n","protected":false},"author":2,"featured_media":399904,"comment_status":"","ping_status":"","sticky":false,"template":"","format":"standard","meta":{"footnotes":""},"categories":[1414],"tags":[1465,1464,1011,27,60],"class_list":{"0":"post-399903","1":"post","2":"type-post","3":"status-publish","4":"format-standard","5":"has-post-thumbnail","7":"category-basket","8":"tag-basket","9":"tag-basketball","10":"tag-fr","11":"tag-france","12":"tag-sports"},"share_on_mastodon":{"url":"https:\/\/pubeurope.com\/@fr\/115225268408865139","error":""},"_links":{"self":[{"href":"https:\/\/www.europesays.com\/fr\/wp-json\/wp\/v2\/posts\/399903","targetHints":{"allow":["GET"]}}],"collection":[{"href":"https:\/\/www.europesays.com\/fr\/wp-json\/wp\/v2\/posts"}],"about":[{"href":"https:\/\/www.europesays.com\/fr\/wp-json\/wp\/v2\/types\/post"}],"author":[{"embeddable":true,"href":"https:\/\/www.europesays.com\/fr\/wp-json\/wp\/v2\/users\/2"}],"replies":[{"embeddable":true,"href":"https:\/\/www.europesays.com\/fr\/wp-json\/wp\/v2\/comments?post=399903"}],"version-history":[{"count":0,"href":"https:\/\/www.europesays.com\/fr\/wp-json\/wp\/v2\/posts\/399903\/revisions"}],"wp:featuredmedia":[{"embeddable":true,"href":"https:\/\/www.europesays.com\/fr\/wp-json\/wp\/v2\/media\/399904"}],"wp:attachment":[{"href":"https:\/\/www.europesays.com\/fr\/wp-json\/wp\/v2\/media?parent=399903"}],"wp:term":[{"taxonomy":"category","embeddable":true,"href":"https:\/\/www.europesays.com\/fr\/wp-json\/wp\/v2\/categories?post=399903"},{"taxonomy":"post_tag","embeddable":true,"href":"https:\/\/www.europesays.com\/fr\/wp-json\/wp\/v2\/tags?post=399903"}],"curies":[{"name":"wp","href":"https:\/\/api.w.org\/{rel}","templated":true}]}}