{"id":399907,"date":"2025-09-18T12:21:11","date_gmt":"2025-09-18T12:21:11","guid":{"rendered":"https:\/\/www.europesays.com\/fr\/399907\/"},"modified":"2025-09-18T12:21:11","modified_gmt":"2025-09-18T12:21:11","slug":"jim-beam-annonce-un-partenariat-pluriannuel-avec-cadillac-f1","status":"publish","type":"post","link":"https:\/\/www.europesays.com\/fr\/399907\/","title":{"rendered":"Jim Beam annonce un partenariat pluriannuel avec Cadillac F1"},"content":{"rendered":"<p style=\"text-align: justify;\"><strong>L\u2019\u00e9curie am\u00e9ricaine, qui fera ses d\u00e9buts dans la cat\u00e9gorie reine en 2026, continue de pr\u00e9parer sa premi\u00e8re saison en Formule 1 et annonce de nouveaux partenaires.<\/strong><\/p>\n<p>Jim Beam, la c\u00e9l\u00e8bre marque de whisky am\u00e9ricain, devient partenaire officiel des spiritueux de l\u2019\u00e9curie Cadillac F1. Apr\u00e8s Tommy Hilfiger, c\u2019est le deuxi\u00e8me partenaire am\u00e9ricain \u00e0 rejoindre la onzi\u00e8me \u00e9quipe de la grille, qui alignera Valtteri Bottas et Sergio P\u00e9rez d\u00e8s 2026.<\/p>\n<p>\u00ab Ce partenariat va bien au-del\u00e0 d\u2019un simple sponsoring \u00bb, d\u00e9clare Rashidi Hodari, directeur g\u00e9n\u00e9ral de James B. Beam Distilling Co. \u00ab Nous voulons partager l\u2019esprit du Kentucky et notre h\u00e9ritage avec le monde entier gr\u00e2ce \u00e0 la Formule 1. \u00bb<\/p>\n<p><strong>Un peu d\u2019histoire<\/strong><\/p>\n<p>A l\u2019\u00e9poque, le fondateur de la marque, Jim Beam, transportait ses pr\u00e9cieux pots de levure \u00e0 l\u2019avant de sa Cadillac personnelle pour les prot\u00e9ger. Cette collaboration avec Cadillac F1 appara\u00eet ainsi comme une continuit\u00e9 naturelle d\u2019une histoire commune.<\/p>\n<p>Outre sa pr\u00e9sence sur les monoplaces, Jim Beam proposera des animations sur et hors piste, tout en promouvant ses initiatives pour une consommation responsable d\u2019alcool.\u00a0<\/p>\n<p><strong>Bon \u00e0 savoir\u00a0<\/strong><\/p>\n<ul>\n<li style=\"text-align: justify;\">Cadillac F1 en 2026, c\u2019est l\u2019arriv\u00e9e tr\u00e8s attendue de la onzi\u00e8me \u00e9quipe sur la grille de Formule 1, soutenue par General Motors (GM) et TWG Motorsports.<\/li>\n<li style=\"text-align: justify;\">L\u2019\u00e9quipe a re\u00e7u l\u2019approbation finale de la FIA en mars 2025 pour rejoindre le paddock en 2026.<\/li>\n<li style=\"text-align: justify;\">L\u2019objectif : repr\u00e9senter l\u2019esprit am\u00e9ricain en F1, avec une voiture 100 % GM, tout en profitant des nouvelles r\u00e9glementations techniques (moteurs hybrides plus durables et a\u00e9ro simplifi\u00e9e) pour se lancer sur de bonnes bases.<\/li>\n<\/ul>\n<p>A lire aussi : <a href=\"https:\/\/www.sportbuzzbusiness.fr\/adidas-devient-partenaire-officiel-de-la-future-ecurie-de-formule-1-audi.html\" target=\"_blank\" rel=\"noopener\">adidas devient partenaire officiel de la future \u00e9curie de Formule 1 Audi<\/a><\/p>\n","protected":false},"excerpt":{"rendered":"L\u2019\u00e9curie am\u00e9ricaine, qui fera ses d\u00e9buts dans la cat\u00e9gorie reine en 2026, continue de pr\u00e9parer sa premi\u00e8re saison&hellip;\n","protected":false},"author":2,"featured_media":399908,"comment_status":"","ping_status":"","sticky":false,"template":"","format":"standard","meta":{"footnotes":""},"categories":[1412],"tags":[1451,1452,1453,1454,1455,1011,27,60],"class_list":{"0":"post-399907","1":"post","2":"type-post","3":"status-publish","4":"format-standard","5":"has-post-thumbnail","7":"category-f1","8":"tag-f1","9":"tag-formula-1","10":"tag-formula1","11":"tag-formule-1","12":"tag-formule1","13":"tag-fr","14":"tag-france","15":"tag-sports"},"share_on_mastodon":{"url":"https:\/\/pubeurope.com\/@fr\/115225276150600809","error":""},"_links":{"self":[{"href":"https:\/\/www.europesays.com\/fr\/wp-json\/wp\/v2\/posts\/399907","targetHints":{"allow":["GET"]}}],"collection":[{"href":"https:\/\/www.europesays.com\/fr\/wp-json\/wp\/v2\/posts"}],"about":[{"href":"https:\/\/www.europesays.com\/fr\/wp-json\/wp\/v2\/types\/post"}],"author":[{"embeddable":true,"href":"https:\/\/www.europesays.com\/fr\/wp-json\/wp\/v2\/users\/2"}],"replies":[{"embeddable":true,"href":"https:\/\/www.europesays.com\/fr\/wp-json\/wp\/v2\/comments?post=399907"}],"version-history":[{"count":0,"href":"https:\/\/www.europesays.com\/fr\/wp-json\/wp\/v2\/posts\/399907\/revisions"}],"wp:featuredmedia":[{"embeddable":true,"href":"https:\/\/www.europesays.com\/fr\/wp-json\/wp\/v2\/media\/399908"}],"wp:attachment":[{"href":"https:\/\/www.europesays.com\/fr\/wp-json\/wp\/v2\/media?parent=399907"}],"wp:term":[{"taxonomy":"category","embeddable":true,"href":"https:\/\/www.europesays.com\/fr\/wp-json\/wp\/v2\/categories?post=399907"},{"taxonomy":"post_tag","embeddable":true,"href":"https:\/\/www.europesays.com\/fr\/wp-json\/wp\/v2\/tags?post=399907"}],"curies":[{"name":"wp","href":"https:\/\/api.w.org\/{rel}","templated":true}]}}