{"id":399911,"date":"2025-09-18T12:23:11","date_gmt":"2025-09-18T12:23:11","guid":{"rendered":"https:\/\/www.europesays.com\/fr\/399911\/"},"modified":"2025-09-18T12:23:11","modified_gmt":"2025-09-18T12:23:11","slug":"marc-keller-sexplique-sur-le-cas-ishe-samuels-smith-alsasports","status":"publish","type":"post","link":"https:\/\/www.europesays.com\/fr\/399911\/","title":{"rendered":"Marc Keller s&rsquo;explique sur le cas Ish\u00e9 Samuels-Smith \u2014 Alsa&rsquo;Sports"},"content":{"rendered":"<p><strong>Marc Keller a clarifi\u00e9 la situation sur Ish\u00e9 Samuels-Smith, reparti de Strasbourg apr\u00e8s 34 jours seulement.  <\/strong><\/p>\n<p>\u00ab\u00a0Ish\u00e9 Samuels-Smith est un joueur qui appartient \u00e0 Chelsea. On cherchait quelqu\u2019un pour jouer \u00e0 gauche. Mais au bout de quelques semaines, on s\u2019est dit que c\u2019\u00e9tait peut-\u00eatre plus difficile de jouer avec lui. Le joueur doit bien se sentir, et nous avons estim\u00e9 qu\u2019il fallait une \u00e9tape interm\u00e9diaire pour lui. Le transfert a donc \u00e9t\u00e9 annul\u00e9, Chelsea ne l\u2019a pas rachet\u00e9, donc. On a privil\u00e9gi\u00e9 le bien-\u00eatre du joueur pour lui donner du temps de jeu.\u00a0\u00bb<\/p>\n","protected":false},"excerpt":{"rendered":"Marc Keller a clarifi\u00e9 la situation sur Ish\u00e9 Samuels-Smith, reparti de Strasbourg apr\u00e8s 34 jours seulement. \u00ab\u00a0Ish\u00e9 Samuels-Smith&hellip;\n","protected":false},"author":2,"featured_media":399912,"comment_status":"","ping_status":"","sticky":false,"template":"","format":"standard","meta":{"footnotes":""},"categories":[1410],"tags":[63,1011,27,4448,60],"class_list":{"0":"post-399911","1":"post","2":"type-post","3":"status-publish","4":"format-standard","5":"has-post-thumbnail","7":"category-football","8":"tag-football","9":"tag-fr","10":"tag-france","11":"tag-rc-strasbourg","12":"tag-sports"},"share_on_mastodon":{"url":"https:\/\/pubeurope.com\/@fr\/115225284117457829","error":""},"_links":{"self":[{"href":"https:\/\/www.europesays.com\/fr\/wp-json\/wp\/v2\/posts\/399911","targetHints":{"allow":["GET"]}}],"collection":[{"href":"https:\/\/www.europesays.com\/fr\/wp-json\/wp\/v2\/posts"}],"about":[{"href":"https:\/\/www.europesays.com\/fr\/wp-json\/wp\/v2\/types\/post"}],"author":[{"embeddable":true,"href":"https:\/\/www.europesays.com\/fr\/wp-json\/wp\/v2\/users\/2"}],"replies":[{"embeddable":true,"href":"https:\/\/www.europesays.com\/fr\/wp-json\/wp\/v2\/comments?post=399911"}],"version-history":[{"count":0,"href":"https:\/\/www.europesays.com\/fr\/wp-json\/wp\/v2\/posts\/399911\/revisions"}],"wp:featuredmedia":[{"embeddable":true,"href":"https:\/\/www.europesays.com\/fr\/wp-json\/wp\/v2\/media\/399912"}],"wp:attachment":[{"href":"https:\/\/www.europesays.com\/fr\/wp-json\/wp\/v2\/media?parent=399911"}],"wp:term":[{"taxonomy":"category","embeddable":true,"href":"https:\/\/www.europesays.com\/fr\/wp-json\/wp\/v2\/categories?post=399911"},{"taxonomy":"post_tag","embeddable":true,"href":"https:\/\/www.europesays.com\/fr\/wp-json\/wp\/v2\/tags?post=399911"}],"curies":[{"name":"wp","href":"https:\/\/api.w.org\/{rel}","templated":true}]}}