{"id":399927,"date":"2025-09-18T12:32:10","date_gmt":"2025-09-18T12:32:10","guid":{"rendered":"https:\/\/www.europesays.com\/fr\/399927\/"},"modified":"2025-09-18T12:32:10","modified_gmt":"2025-09-18T12:32:10","slug":"est-ce-que-tu-vas-toujours-etre-aussi-drole-tu-as-enfin-droit-au-bonheur-jai-limpression-que-cest-ma-grande-soeur-qui-se-marie-les-internautes-reagissent-a-son-union","status":"publish","type":"post","link":"https:\/\/www.europesays.com\/fr\/399927\/","title":{"rendered":"\u00ab\u00a0Est-ce que tu vas toujours \u00eatre aussi dr\u00f4le ?\u00a0\u00bb, \u00ab\u00a0Tu as enfin droit au bonheur\u00a0\u00bb, \u00ab\u00a0J&rsquo;ai l&rsquo;impression que c&rsquo;est ma grande soeur qui se marie\u00a0\u00bb&#8230; Les internautes r\u00e9agissent \u00e0 son union"},"content":{"rendered":"<p class=\"mb-4 text-lg md:leading-8 break-words\">Carnet blanc pour <a data-i13n=\"cpos:1;pos:1\" href=\"https:\/\/fr.news.yahoo.com\/b%C3%A9reng%C3%A8re-krief-confie-relation-ex-110250377.html\" data-ylk=\"slk:B\u00e9reng\u00e8re Krief.;cpos:1;pos:1;elm:context_link;itc:0;sec:content-canvas;outcm:mb_qualified_link;_E:mb_qualified_link;ct:story;\" class=\"link  yahoo-link\" rel=\"nofollow noopener\" target=\"_blank\">B\u00e9reng\u00e8re Krief.<\/a> Ce mercredi 17 septembre 2025, l&rsquo;humoriste a pris la parole sur Instagram pour annoncer une grande nouvelle : <a data-i13n=\"cpos:2;pos:1\" href=\"https:\/\/fr.style.yahoo.com\/b%C3%A9reng%C3%A8re-krief-sest-mari%C3%A9e-%C3%A9t%C3%A9-090244018.html\" data-ylk=\"slk:elle s&#039;est mari\u00e9e \u00e0 son compagnon;cpos:2;pos:1;elm:context_link;itc:0;sec:content-canvas;outcm:mb_qualified_link;_E:mb_qualified_link;ct:story;\" class=\"link  yahoo-link\" rel=\"nofollow noopener\" target=\"_blank\">elle s&rsquo;est mari\u00e9e \u00e0 son compagnon<\/a>, \u00ab\u00a0un mec du Sud\u00a0\u00bb qui fait son bonheur, et \u00e0 qui elle a dit oui cet \u00e9t\u00e9, dans une union longtemps tenue secr\u00e8te.<\/p>\n<p>Le beau mariage de B\u00e9reng\u00e8re Krief<\/p>\n<p class=\"mb-4 text-lg md:leading-8 break-words\">Sur Instagram, la star \u00e2g\u00e9e de 42 ans partag\u00e9 plusieurs photos de la noce, et \u00e9crit avec plaisir : \u00ab\u00a0Il y a quelques jours, j\u2019ai crois\u00e9 l\u2019une d\u2019entre vous dans la rue avec mon mari. Elle m\u2019a dit &lsquo;Mais c\u2019est ton amoureux ? Oh la la la la mais je suis tellement contente pour toi !&rsquo;. Sa joie m\u2019a rappel\u00e9e que depuis pr\u00e8s de 15 ans d\u00e9j\u00e0, <a data-i13n=\"cpos:3;pos:1\" href=\"https:\/\/fr.style.yahoo.com\/berengere-krief-presente-sexe-son-nouveau-spectacle-mon-rapport-au-sexe-etait-biaise-en-couple-je-me-disais-il-faut-le-satisfaire-sinon-il-va-me-quitter-153322085.html\" data-ylk=\"slk:je vous ai fait part de mes chagrins d\u2019amour;cpos:3;pos:1;elm:context_link;itc:0;sec:content-canvas;outcm:mb_qualified_link;_E:mb_qualified_link;ct:story;\" class=\"link  yahoo-link\" rel=\"nofollow noopener\" target=\"_blank\">je vous ai fait part de mes chagrins d\u2019amour<\/a>, mes peines de c\u0153ur, mon mariage annul\u00e9&#8230; Il est temps aujourd\u2019hui de vous dire mes joies et tout l\u2019amour qui remplit mon c\u0153ur.\u00a0\u00bb<\/p>\n<p class=\"mb-4 text-lg md:leading-8 break-words\">Au fil de ses spectacles, B\u00e9reng\u00e8re Krief s&rsquo;est toujours inspir\u00e9e de sa vie amoureuse, faisant de l&rsquo;humour une arme contre les chagrins d&rsquo;amour. Aussi, face \u00e0 l&rsquo;annonce de son union, certains internautes n&rsquo;ont pas h\u00e9sit\u00e9 \u00e0 poster des commentaires amus\u00e9s : \u00ab\u00a0Vas-tu rester dr\u00f4le si tu es heureuse ?\u00a0\u00bb, l&rsquo;interroge notamment Christophe Beaugrand.<\/p>\n<p class=\"mb-4 text-lg md:leading-8 break-words\">Les autres internautes, eux, n&rsquo;ont pas cach\u00e9 leur joie face \u00e0 ce mariage qui rend l&rsquo;humoriste si \u00e9panouie. \u00ab\u00a0Je suis tellement heureuse pour toi ! J\u2019ai un peu l\u2019impression que ma grande soeur se marie\u00a0\u00bb, \u00ab\u00a0F\u00e9licitations et beaucoup de bonheur\u00a0\u00bb, \u00ab\u00a0H\u00e2te de ton prochain spectacle sur le mariage\u00a0\u00bb, \u00ab\u00a0Bravo, tu as enfin droit au bonheur\u00a0\u00bb : la preuve que la com\u00e9dienne avait su toucher son public.<\/p>\n<p>Le mariage annul\u00e9 de B\u00e9reng\u00e8re Krief<\/p>\n<p class=\"mb-4 text-lg md:leading-8 break-words\">Par le pass\u00e9, B\u00e9reng\u00e8re Krief a en effet connu des d\u00e9convenues en amour. En janvier 2020, B\u00e9reng\u00e8re Krief \u00e9tait l&rsquo;invit\u00e9e de l&rsquo;\u00e9mission \u00ab\u00a0Je t&rsquo;aime, etc.\u00a0\u00bb, sur France 2. L&rsquo;occasion pour elle de revenir sur un \u00e9pisode qui l&rsquo;a profond\u00e9ment marqu\u00e9e : <a data-i13n=\"cpos:4;pos:1\" href=\"https:\/\/fr.style.yahoo.com\/berengere-krief-mariage-annule-rupture-184003804.html\" data-ylk=\"slk:son mariage, annul\u00e9 \u00e0 la derni\u00e8re minute.;cpos:4;pos:1;elm:context_link;itc:0;sec:content-canvas;outcm:mb_qualified_link;_E:mb_qualified_link;ct:story;\" class=\"link  yahoo-link\" rel=\"nofollow noopener\" target=\"_blank\">son mariage, annul\u00e9 \u00e0 la derni\u00e8re minute. <\/a><\/p>\n<p class=\"mb-4 text-lg md:leading-8 break-words\">\u00ab\u00a0Je devais me marier. On avait organis\u00e9 le mariage et tout, avant que \u00e7a co\u00fbte de l&rsquo;argent, autrement dit les validations. C&rsquo;est-\u00e0-dire que j&rsquo;avais choisi la robe, la salle, le traiteur. Il y avait quand m\u00eame une grande d\u00e9marche\u00a0\u00bb, racontait-elle. \u00c0 l&rsquo;\u00e9poque, la com\u00e9dienne avait l&rsquo;impression de vivre un r\u00eave, qui avait commenc\u00e9 au moment de la demande en mariage : \u00ab\u00a0J&rsquo;\u00e9tais dans la com\u00e9die romantique o\u00f9 j&rsquo;avais toujours voulu \u00eatre.\u00a0\u00bb<\/p>\n<p class=\"mb-4 text-lg md:leading-8 break-words\">Seulement voil\u00e0, au dernier moment, elle a pr\u00e9f\u00e9r\u00e9 annuler la c\u00e9r\u00e9monie. \u00ab\u00a0Au fond de moi je n&rsquo;avais pas envie de ce mariage, pour moi j&rsquo;organisais une f\u00eate&#8230; une com\u00e9die romantique.\u00a0\u00bb<\/p>\n<p class=\"mb-4 text-lg md:leading-8 break-words\">Aujourd&rsquo;hui toutefois, elle semble avoir v\u00e9ritablement trouv\u00e9 l&rsquo;amour et le bonheur.<\/p>\n","protected":false},"excerpt":{"rendered":"Carnet blanc pour B\u00e9reng\u00e8re Krief. Ce mercredi 17 septembre 2025, l&rsquo;humoriste a pris la parole sur Instagram pour&hellip;\n","protected":false},"author":2,"featured_media":399928,"comment_status":"","ping_status":"","sticky":false,"template":"","format":"standard","meta":{"footnotes":""},"categories":[8],"tags":[53140,58,59,1011,27,5962,53141,4403],"class_list":{"0":"post-399927","1":"post","2":"type-post","3":"status-publish","4":"format-standard","5":"has-post-thumbnail","7":"category-divertissement","8":"tag-berengere-krief","9":"tag-divertissement","10":"tag-entertainment","11":"tag-fr","12":"tag-france","13":"tag-getty-images","14":"tag-grande-soeur","15":"tag-union"},"share_on_mastodon":{"url":"https:\/\/pubeurope.com\/@fr\/115225319541302954","error":""},"_links":{"self":[{"href":"https:\/\/www.europesays.com\/fr\/wp-json\/wp\/v2\/posts\/399927","targetHints":{"allow":["GET"]}}],"collection":[{"href":"https:\/\/www.europesays.com\/fr\/wp-json\/wp\/v2\/posts"}],"about":[{"href":"https:\/\/www.europesays.com\/fr\/wp-json\/wp\/v2\/types\/post"}],"author":[{"embeddable":true,"href":"https:\/\/www.europesays.com\/fr\/wp-json\/wp\/v2\/users\/2"}],"replies":[{"embeddable":true,"href":"https:\/\/www.europesays.com\/fr\/wp-json\/wp\/v2\/comments?post=399927"}],"version-history":[{"count":0,"href":"https:\/\/www.europesays.com\/fr\/wp-json\/wp\/v2\/posts\/399927\/revisions"}],"wp:featuredmedia":[{"embeddable":true,"href":"https:\/\/www.europesays.com\/fr\/wp-json\/wp\/v2\/media\/399928"}],"wp:attachment":[{"href":"https:\/\/www.europesays.com\/fr\/wp-json\/wp\/v2\/media?parent=399927"}],"wp:term":[{"taxonomy":"category","embeddable":true,"href":"https:\/\/www.europesays.com\/fr\/wp-json\/wp\/v2\/categories?post=399927"},{"taxonomy":"post_tag","embeddable":true,"href":"https:\/\/www.europesays.com\/fr\/wp-json\/wp\/v2\/tags?post=399927"}],"curies":[{"name":"wp","href":"https:\/\/api.w.org\/{rel}","templated":true}]}}