{"id":399929,"date":"2025-09-18T12:33:11","date_gmt":"2025-09-18T12:33:11","guid":{"rendered":"https:\/\/www.europesays.com\/fr\/399929\/"},"modified":"2025-09-18T12:33:11","modified_gmt":"2025-09-18T12:33:11","slug":"une-echeance-cruciale-pour-la-survie-de-lhumanite","status":"publish","type":"post","link":"https:\/\/www.europesays.com\/fr\/399929\/","title":{"rendered":"une \u00e9ch\u00e9ance cruciale pour la survie de l\u2019humanit\u00e9"},"content":{"rendered":"<p><strong>Selon Elon Musk, l\u2019humanit\u00e9 n\u2019a plus que 30 ans pour s\u2019implanter durablement sur Mars. Au-del\u00e0 du r\u00eave, une strat\u00e9gie concr\u00e8te et une course contre la montre sont d\u00e9j\u00e0 lanc\u00e9es.<\/strong><\/p>\n<p><img fetchpriority=\"high\" decoding=\"async\" width=\"1024\" height=\"682\" src=\"https:\/\/www.europesays.com\/fr\/wp-content\/uploads\/2025\/09\/musk-devoile-la-date-de-colonisation-de-mars-1024x682.webp.webp\" alt=\"Elon Musk en combinaison spatiale SpaceX avec en arri\u00e8re-plan un paysage martien d\u00e9sertique.\" class=\"wp-image-990815\"  \/>Elon Musk annonce son objectif de coloniser Mars, illustr\u00e9 par une projection SpaceX et un paysage de la plan\u00e8te rouge \u2013 DailyGeekShow.com<\/p>\n<p>Pour Musk, coloniser Mars en 30 ans est vital face aux menaces qui p\u00e8sent sur notre esp\u00e8ce<\/p>\n<p>L\u2019urgence exprim\u00e9e par <strong>Elon Musk<\/strong> ne rel\u00e8ve pas de la <a href=\"https:\/\/dailygeekshow.com\/ce-phenomene-cosmique-digne-dun-film-de-science-fiction-vient-detre-observe-pour-la-premiere-fois-par-des-telescopes\/\" rel=\"nofollow noopener\" target=\"_blank\">science-fiction<\/a>. Pour le fondateur de <strong>SpaceX<\/strong>, la colonisation martienne repr\u00e9sente une <strong>n\u00e9cessit\u00e9 absolue<\/strong>. <\/p>\n<p>Lire aussi <a href=\"https:\/\/dailygeekshow.com\/sauver-la-terre-dun-asteroide-la-chine-prepare-une-frappe-spatiale-accompagnee-dune-sonde-filmant-limpact\/\" rel=\"nofollow noopener\" target=\"_blank\">Sauver la Terre d\u2019un ast\u00e9ro\u00efde ? La Chine pr\u00e9pare une frappe spatiale accompagn\u00e9e d\u2019une sonde filmant l\u2019impact<\/a><\/p>\n<p><strong>Pand\u00e9mies mondiales<\/strong>, <strong>guerres nucl\u00e9aires<\/strong>, <strong>catastrophes climatiques<\/strong> : les menaces globales sont nombreuses et bien r\u00e9elles. Ainsi, si l\u2019humanit\u00e9 veut <strong>survivre \u00e0 long terme<\/strong>, elle doit imp\u00e9rativement se r\u00e9pandre <strong>au-del\u00e0 de la Terre<\/strong>.<\/p>\n<p>Son <strong>calendrier<\/strong> repose sur un principe simple : \u00e0 chaque <strong>fen\u00eatre de tir favorable<\/strong>, tous les <strong>26 mois<\/strong>, il faut doubler le volume de mat\u00e9riel envoy\u00e9 vers <strong><a href=\"https:\/\/dailygeekshow.com\/cette-magnifique-nouvelle-photo-de-mars-prise-par-perseverance-montre-une-tortue-mais-la-verite-derriere-limage-en-dit-bien-plus-sur-nous-que-sur-la-planete-rouge\/\" rel=\"nofollow noopener\" target=\"_blank\">Mars<\/a><\/strong>. Gr\u00e2ce \u00e0 cette progression <strong>exponentielle<\/strong>, SpaceX estime qu\u2019une <strong>base permanente<\/strong> pourrait voir le jour rapidement, cro\u00eetre efficacement et soutenir une <strong>pr\u00e9sence humaine stable<\/strong>.<\/p>\n<p>Starship, une fus\u00e9e pens\u00e9e pour construire une civilisation martienne<\/p>\n<p>Au centre de cette strat\u00e9gie, <strong><a href=\"https:\/\/dailygeekshow.com\/spacex-a-investi-17-milliards-pour-de-lair-la-strategie-spatiale-delon-musk-prend-une-nouvelle-dimension-qui-cache-une-revolution-technologique-mondiale\/\" rel=\"nofollow noopener\" target=\"_blank\">SpaceX<\/a><\/strong> place le <strong>Starship<\/strong>, une <strong>fus\u00e9e de nouvelle g\u00e9n\u00e9ration<\/strong>. Enti\u00e8rement <strong>r\u00e9utilisable<\/strong>, ce v\u00e9hicule surpasse tous les lanceurs existants par sa <strong>capacit\u00e9<\/strong> et sa <strong>durabilit\u00e9<\/strong>. Sa <strong>version 3<\/strong> promet de transporter plus de <strong>100 tonnes de fret<\/strong> en orbite, soit <strong>deux fois et demie<\/strong> la capacit\u00e9 du Falcon Heavy.<\/p>\n<p>Lire aussi <a href=\"https:\/\/dailygeekshow.com\/des-trous-noirs-geants-jusque-la-invisibles-decouverts-par-james-webb-lunivers-primitif-cache-bien-son-jeu\/\" rel=\"nofollow noopener\" target=\"_blank\">Des trous noirs g\u00e9ants jusque-l\u00e0 invisibles d\u00e9couverts par James-Webb : l\u2019Univers primitif cache bien son jeu<\/a><\/p>\n<p>Ce monstre technologique utilise des moteurs <strong>Raptor de troisi\u00e8me g\u00e9n\u00e9ration<\/strong>, aliment\u00e9s par un m\u00e9lange d\u2019<strong>oxyg\u00e8ne<\/strong> et de <strong>m\u00e9thane liquides<\/strong>. Ce choix s\u2019explique par le fait que ces deux carburants peuvent \u00eatre produits <strong>directement sur Mars<\/strong>, \u00e0 partir de l\u2019<strong>atmosph\u00e8re martienne<\/strong> et du <strong>CO2<\/strong>. <\/p>\n<p>Ainsi, les colons auront la possibilit\u00e9 de <strong>fabriquer leur propre carburant sur place<\/strong>, rendant les <strong>missions aller-retour<\/strong> bien plus viables et \u00e9conomiques.<\/p>\n<p>Le d\u00e9veloppement d\u2019un bouclier thermique r\u00e9utilisable reste le d\u00e9fi num\u00e9ro un<\/p>\n<p>M\u00eame si Musk reste optimiste, plusieurs <strong>obstacles technologiques majeurs<\/strong> persistent. Le plus grand d\u00e9fi \u00e0 court terme concerne la mise au point d\u2019un <strong>bouclier thermique<\/strong> capable de r\u00e9sister aux conditions extr\u00eames de la <strong>rentr\u00e9e atmosph\u00e9rique<\/strong>, tout en restant <strong>r\u00e9utilisable<\/strong>.<\/p>\n<p>Lire aussi <a href=\"https:\/\/dailygeekshow.com\/3-i-atlas-nest-pas-un-vaisseau-alien-cache-la-nasa-brise-les-fantasmes-malgre-lavis-dun-celebre-astrophysicien\/\" rel=\"nofollow noopener\" target=\"_blank\">3\/I ATLAS n\u2019est pas un vaisseau alien cach\u00e9 : la NASA brise les fantasmes malgr\u00e9 l\u2019avis d\u2019un c\u00e9l\u00e8bre astrophysicien<\/a><\/p>\n<p>Aujourd\u2019hui, aucun v\u00e9hicule spatial n\u2019a prouv\u00e9 qu\u2019il pouvait endurer la chaleur intense d\u2019un retour sur Terre sans devoir \u00eatre longuement r\u00e9par\u00e9. Par exemple, la <strong><a href=\"https:\/\/dailygeekshow.com\/3-i-atlas-nest-pas-un-vaisseau-alien-cache-la-nasa-brise-les-fantasmes-malgre-lavis-dun-celebre-astrophysicien\/\" rel=\"nofollow noopener\" target=\"_blank\">NASA<\/a><\/strong> consacrait jusqu\u2019\u00e0 <strong>neuf mois de maintenance<\/strong> \u00e0 ses navettes apr\u00e8s chaque mission. Un tel <strong>d\u00e9lai de maintenance<\/strong> ne correspond pas au <strong>rythme martien<\/strong> envisag\u00e9.<\/p>\n<p>Pour r\u00e9pondre \u00e0 ce d\u00e9fi, les ing\u00e9nieurs de SpaceX con\u00e7oivent un <strong>syst\u00e8me r\u00e9volutionnaire<\/strong>. Ce dernier repose sur des <strong>mat\u00e9riaux innovants<\/strong> et des <strong>concepts thermodynamiques avanc\u00e9s<\/strong>. Gr\u00e2ce \u00e0 cette avanc\u00e9e, ils esp\u00e8rent garantir \u00e0 la fois <strong>r\u00e9sistance<\/strong> et <strong>r\u00e9utilisabilit\u00e9<\/strong>. Cela marquerait un <strong>tournant d\u00e9cisif<\/strong> pour l\u2019aviation spatiale.<\/p>\n<p>L\u2019ambition ultime : cr\u00e9er une colonie martienne totalement autosuffisante<\/p>\n<p>L\u2019objectif de Musk d\u00e9passe largement la cr\u00e9ation d\u2019une simple <strong>base scientifique<\/strong>. Il r\u00eave d\u2019une <strong>v\u00e9ritable colonie autonome<\/strong>, qui serait capable de <strong>produire sa propre nourriture<\/strong>, ses <strong>outils<\/strong>, ses <strong>ordinateurs<\/strong>, et m\u00eame ses <strong>propres fus\u00e9es<\/strong>. <\/p>\n<p>Lire aussi <a href=\"https:\/\/dailygeekshow.com\/enfouis-dans-la-poussiere-depuis-des-milliards-dannees-ces-trous-noirs-geants-decouverts-par-james-webb-racontent-une-autre-histoire-du-cosmos\/\" rel=\"nofollow noopener\" target=\"_blank\">Enfouis dans la poussi\u00e8re depuis des milliards d\u2019ann\u00e9es, ces trous noirs g\u00e9ants d\u00e9couverts par James-Webb racontent une autre histoire du cosmos<\/a><\/p>\n<p>Un tel niveau d\u2019<strong>autosuffisance<\/strong> s\u2019av\u00e8re crucial. Si un jour la <strong>Terre<\/strong> devenait <strong>inhabitable<\/strong> ou <strong>isol\u00e9e<\/strong>, cette colonie devrait fonctionner <strong>de mani\u00e8re ind\u00e9pendante<\/strong>.<\/p>\n<p>Dans ce contexte, Mars ne serait plus seulement une destination d\u2019exploration. Elle deviendrait un <strong>second berceau de l\u2019humanit\u00e9<\/strong>. Une <strong>civilisation martienne ind\u00e9pendante<\/strong> pourrait ainsi doubler nos chances de <strong>survie \u00e0 long terme<\/strong>. <\/p>\n<p>Selon Musk, <strong>les premiers vols d\u2019essai automatis\u00e9s vers Mars<\/strong> pourraient commencer d\u00e8s <strong>l\u2019ann\u00e9e prochaine<\/strong>. Cela marquerait le d\u00e9but officiel de <strong>la plus grande aventure spatiale de l\u2019histoire humaine<\/strong>.<\/p>\n<p>Lire aussi <a href=\"https:\/\/dailygeekshow.com\/mystere-nuage-geant-mars\/\" rel=\"nofollow noopener\" target=\"_blank\">1 800 kilom\u00e8tres de long : des chercheurs r\u00e9solvent enfin le myst\u00e8re du nuage g\u00e9ant de Mars<\/a><\/p>\n","protected":false},"excerpt":{"rendered":"Selon Elon Musk, l\u2019humanit\u00e9 n\u2019a plus que 30 ans pour s\u2019implanter durablement sur Mars. Au-del\u00e0 du r\u00eave, une&hellip;\n","protected":false},"author":2,"featured_media":399930,"comment_status":"","ping_status":"","sticky":false,"template":"","format":"standard","meta":{"footnotes":""},"categories":[7],"tags":[1011,27,43,40,41,39,42,44],"class_list":{"0":"post-399929","1":"post","2":"type-post","3":"status-publish","4":"format-standard","5":"has-post-thumbnail","7":"category-sciences-et-technologies","8":"tag-fr","9":"tag-france","10":"tag-science","11":"tag-science-and-technology","12":"tag-sciences","13":"tag-sciences-et-technologies","14":"tag-technologies","15":"tag-technology"},"share_on_mastodon":{"url":"https:\/\/pubeurope.com\/@fr\/115225323979274312","error":""},"_links":{"self":[{"href":"https:\/\/www.europesays.com\/fr\/wp-json\/wp\/v2\/posts\/399929","targetHints":{"allow":["GET"]}}],"collection":[{"href":"https:\/\/www.europesays.com\/fr\/wp-json\/wp\/v2\/posts"}],"about":[{"href":"https:\/\/www.europesays.com\/fr\/wp-json\/wp\/v2\/types\/post"}],"author":[{"embeddable":true,"href":"https:\/\/www.europesays.com\/fr\/wp-json\/wp\/v2\/users\/2"}],"replies":[{"embeddable":true,"href":"https:\/\/www.europesays.com\/fr\/wp-json\/wp\/v2\/comments?post=399929"}],"version-history":[{"count":0,"href":"https:\/\/www.europesays.com\/fr\/wp-json\/wp\/v2\/posts\/399929\/revisions"}],"wp:featuredmedia":[{"embeddable":true,"href":"https:\/\/www.europesays.com\/fr\/wp-json\/wp\/v2\/media\/399930"}],"wp:attachment":[{"href":"https:\/\/www.europesays.com\/fr\/wp-json\/wp\/v2\/media?parent=399929"}],"wp:term":[{"taxonomy":"category","embeddable":true,"href":"https:\/\/www.europesays.com\/fr\/wp-json\/wp\/v2\/categories?post=399929"},{"taxonomy":"post_tag","embeddable":true,"href":"https:\/\/www.europesays.com\/fr\/wp-json\/wp\/v2\/tags?post=399929"}],"curies":[{"name":"wp","href":"https:\/\/api.w.org\/{rel}","templated":true}]}}