{"id":399934,"date":"2025-09-18T12:36:13","date_gmt":"2025-09-18T12:36:13","guid":{"rendered":"https:\/\/www.europesays.com\/fr\/399934\/"},"modified":"2025-09-18T12:36:13","modified_gmt":"2025-09-18T12:36:13","slug":"un-premier-migrant-renvoye-en-france","status":"publish","type":"post","link":"https:\/\/www.europesays.com\/fr\/399934\/","title":{"rendered":"un premier migrant renvoy\u00e9 en France"},"content":{"rendered":"<p>Dans le cadre de l\u2019accord migratoire entre la France et le Royaume-Uni, un homme d\u2019origine indienne a \u00e9t\u00e9 expuls\u00e9 vers la France ce jeudi, a d\u00e9clar\u00e9 la ministre de l\u2019Int\u00e9rieur britannique dans un communiqu\u00e9.<\/p>\n<p class=\"fig-paragraph\">Un premier migrant a \u00e9t\u00e9 expuls\u00e9 du Royaume-Uni vers la France jeudi, dans le cadre de l\u2019accord migratoire conclu cet \u00e9t\u00e9 entre les deux pays, a annonc\u00e9 le minist\u00e8re britannique de l\u2019Int\u00e9rieur. Cet homme, d\u2019origine indienne selon une source gouvernementale fran\u00e7aise, est arriv\u00e9 en France ce matin \u00e0 bord d\u2019un vol commercial. Il \u00e9tait entr\u00e9 au Royaume-Uni en ao\u00fbt en traversant la\u00a0<a href=\"http:\/\/www.lefigaro.fr\/international\/traversee-de-la-manche-3-migrants-morts-et-3-disparus-dans-deux-accidents-distincts-20250910\" data-fig-type=\"NewsFlash\" data-gtm-custom-categorie=\"navigation\" data-gtm-custom-action=\"crossclick\" data-gtm-custom-label=\"Contextuel\" data-gtm-event=\"customEventSPE\" data-fig-domain=\"LEFIGARO\" target=\"_blank\" rel=\"noopener\">Manche\u00a0<\/a>\u00e0 bord d\u2019un petit bateau, a pr\u00e9cis\u00e9 le Home Office.<\/p>\n<p class=\"fig-paragraph\">Conclu en juillet lors de la visite d\u2019Etat du pr\u00e9sident fran\u00e7ais Emmanuel Macron au\u00a0<a href=\"http:\/\/www.lefigaro.fr\/international\/royaume-uni-soupconnees-d-espionnage-pour-la-russie-trois-personnes-arretees-20250918\" data-fig-type=\"NewsFlash\" data-gtm-custom-categorie=\"navigation\" data-gtm-custom-action=\"crossclick\" data-gtm-custom-label=\"Contextuel\" data-gtm-event=\"customEventSPE\" data-fig-domain=\"LEFIGARO\" target=\"_blank\" rel=\"noopener\">Royaume-Uni\u00a0<\/a>et entr\u00e9 en vigueur d\u00e9but ao\u00fbt, cet accord pr\u00e9voit le retour en France de migrants arriv\u00e9s \u00e0 bord de petites embarcations au Royaume-Uni, en \u00e9change de l\u2019envoi outre-Manche de migrants se trouvant en France.<\/p>\n<p>                                    <a class=\"fig-a11y-skip a11y-hidden\" href=\"#fig-a11y-skip-main-inarticle\"><br \/>\n        Passer la publicit\u00e9<br \/>\n    <\/a><\/p>\n<p class=\"fig-paragraph\">Mardi, la Haute Cour de Londres a temporairement bloqu\u00e9 l\u2019expulsion d\u2019un migrant \u00e9rythr\u00e9en, qui devait \u00eatre renvoy\u00e9 en France par avion mercredi matin mais qui a contest\u00e9 son renvoi se disant victime de trafic d\u2019\u00eatres humains. Le gouvernement britannique a d\u00e9cid\u00e9 de faire appel de cette d\u00e9cision et a annonc\u00e9 qu\u2019il allait \u00abexaminer\u00bb la l\u00e9gislation sur l\u2019esclavage moderne pour \u00e9viter qu\u2019elle ne soit \u00abmal utilis\u00e9e\u00bb afin d\u2019\u00e9viter des expulsions.<\/p>\n<p class=\"fig-paragraph\">La ministre de l\u2019Int\u00e9rieur britannique\u00a0<a href=\"https:\/\/video.lefigaro.fr\/figaro\/international\/royaume-uni-qui-est-shabana-mahmood-nouvelle-ministre-de-linterieur-issue-du-blue-labour-20250906\" data-fig-type=\"Video\" data-gtm-custom-categorie=\"navigation\" data-gtm-custom-action=\"crossclick\" data-gtm-custom-label=\"Contextuel\" data-gtm-event=\"customEventSPE\" data-fig-domain=\"LEFIGARO\" target=\"_blank\" rel=\"noopener\">Shabana Mahmood<\/a>\u00a0a salu\u00e9 jeudi dans un communiqu\u00e9 le premier renvoi comme un \u00abimportant premier pas pour s\u00e9curiser\u00bb les fronti\u00e8res du pays.<\/p>\n<p>Un \u00abph\u00e9nom\u00e8ne\u00bb<\/p>\n<p class=\"fig-paragraph\">D\u2019autres vols transportant des migrants vers la France sont encore pr\u00e9vus cette semaine et la prochaine, pr\u00e9cise le Home Office. De premiers migrants autoris\u00e9s \u00e0 venir au Royaume-Uni arriveront \u00abdans les prochains jours\u00bb depuis la France, indique-t-il encore.<\/p>\n<p class=\"fig-paragraph\">Plus de 31.000 personnes sont arriv\u00e9es sur les c\u00f4tes britanniques apr\u00e8s avoir travers\u00e9 la Manche depuis d\u00e9but janvier, un chiffre record \u00e0 ce stade de l\u2019ann\u00e9e, selon un bilan de l\u2019AFP r\u00e9alis\u00e9 \u00e0 partir de chiffres officiels.<\/p>\n<p class=\"fig-paragraph\">Le gouvernement travailliste de<a href=\"http:\/\/www.lefigaro.fr\/international\/royaume-uni-keir-starmer-remanie-son-gouvernement-apres-la-demission-de-sa-vice-premiere-ministre-angela-rayner-20250905\" data-fig-type=\"NewsFlash\" data-gtm-custom-categorie=\"navigation\" data-gtm-custom-action=\"crossclick\" data-gtm-custom-label=\"Contextuel\" data-gtm-event=\"customEventSPE\" data-fig-domain=\"LEFIGARO\" target=\"_blank\" rel=\"noopener\">\u00a0Keir Starmer<\/a>\u00a0est sous pression pour endiguer ce ph\u00e9nom\u00e8ne, sur fond de mont\u00e9e du parti d\u2019extr\u00eame droite Reform UK dans les sondages. Samedi, une manifestation a aussi rassembl\u00e9 entre 110.000 et 150.000 personnes \u00e0 Londres \u00e0 l\u2019appel de l\u2019influent activiste d\u2019extr\u00eame droite Tommy Robinson.<\/p>\n<p>                                    <a class=\"fig-a11y-skip a11y-hidden\" href=\"#fig-a11y-skip-main-inarticle_mtf\"><br \/>\n        Passer la publicit\u00e9<br \/>\n    <\/a><\/p>\n<p class=\"fig-paragraph\">Depuis d\u00e9but ao\u00fbt, le Royaume-Uni a commenc\u00e9 \u00e0 placer en d\u00e9tention des migrants dans le cadre de cet accord tr\u00e8s critiqu\u00e9 par les ONG. Selon le journal The Guardian, 92 personnes \u00e9taient d\u00e9tenues en d\u00e9but de semaine en attendant leur renvoi en France.<\/p>\n","protected":false},"excerpt":{"rendered":"Dans le cadre de l\u2019accord migratoire entre la France et le Royaume-Uni, un homme d\u2019origine indienne a \u00e9t\u00e9&hellip;\n","protected":false},"author":2,"featured_media":399935,"comment_status":"","ping_status":"","sticky":false,"template":"","format":"standard","meta":{"footnotes":""},"categories":[4],"tags":[743,11,1011,27,1251,12,25,473],"class_list":{"0":"post-399934","1":"post","2":"type-post","3":"status-publish","4":"format-standard","5":"has-post-thumbnail","7":"category-france","8":"tag-accord","9":"tag-actualites","10":"tag-fr","11":"tag-france","12":"tag-migrants","13":"tag-news","14":"tag-republique-francaise","15":"tag-royaume-uni"},"share_on_mastodon":{"url":"https:\/\/pubeurope.com\/@fr\/115225335225682343","error":""},"_links":{"self":[{"href":"https:\/\/www.europesays.com\/fr\/wp-json\/wp\/v2\/posts\/399934","targetHints":{"allow":["GET"]}}],"collection":[{"href":"https:\/\/www.europesays.com\/fr\/wp-json\/wp\/v2\/posts"}],"about":[{"href":"https:\/\/www.europesays.com\/fr\/wp-json\/wp\/v2\/types\/post"}],"author":[{"embeddable":true,"href":"https:\/\/www.europesays.com\/fr\/wp-json\/wp\/v2\/users\/2"}],"replies":[{"embeddable":true,"href":"https:\/\/www.europesays.com\/fr\/wp-json\/wp\/v2\/comments?post=399934"}],"version-history":[{"count":0,"href":"https:\/\/www.europesays.com\/fr\/wp-json\/wp\/v2\/posts\/399934\/revisions"}],"wp:featuredmedia":[{"embeddable":true,"href":"https:\/\/www.europesays.com\/fr\/wp-json\/wp\/v2\/media\/399935"}],"wp:attachment":[{"href":"https:\/\/www.europesays.com\/fr\/wp-json\/wp\/v2\/media?parent=399934"}],"wp:term":[{"taxonomy":"category","embeddable":true,"href":"https:\/\/www.europesays.com\/fr\/wp-json\/wp\/v2\/categories?post=399934"},{"taxonomy":"post_tag","embeddable":true,"href":"https:\/\/www.europesays.com\/fr\/wp-json\/wp\/v2\/tags?post=399934"}],"curies":[{"name":"wp","href":"https:\/\/api.w.org\/{rel}","templated":true}]}}