{"id":399940,"date":"2025-09-18T12:39:15","date_gmt":"2025-09-18T12:39:15","guid":{"rendered":"https:\/\/www.europesays.com\/fr\/399940\/"},"modified":"2025-09-18T12:39:15","modified_gmt":"2025-09-18T12:39:15","slug":"un-restaurant-offre-100-repas-gratuits-et-provoque-un-mouvement-de-foule","status":"publish","type":"post","link":"https:\/\/www.europesays.com\/fr\/399940\/","title":{"rendered":"Un restaurant offre 100 repas gratuits et provoque un mouvement de foule"},"content":{"rendered":"<p>Une offre promotionnelle a sem\u00e9 le chaos dans le centre-ville de <a href=\"https:\/\/www.20minutes.fr\/dossier\/saint-etienne\" target=\"_blank\" class=\"c-link c-link--is-underlined\" rel=\"noopener\">Saint-\u00c9tienne<\/a> (<a href=\"https:\/\/www.20minutes.fr\/dossier\/loire\" target=\"_blank\" class=\"c-link c-link--is-underlined\" rel=\"noopener\">Loire<\/a>) mercredi dernier. Alors que la cha\u00eene \u00ab\u00a0Point B\u00a0\u00bb f\u00eatait l\u2019ouverture d\u2019un restaurant rue Dormoy, pr\u00e8s de la place Jean-Jaur\u00e8s, des centaines de jeunes sont venus profiter de leur offre \u00ab\u00a0100 repas gratuits\u00a0\u00bb, selon <a href=\"https:\/\/www.francebleu.fr\/infos\/faits-divers-justice\/saint-etienne-l-ouverture-d-un-restaurant-place-jean-jaures-degenere-en-mouvement-de-foule-3994616\" target=\"_blank\" class=\"c-link c-link--is-underlined\" rel=\"noopener\">Ici Saint-\u00c9tienne Loire<\/a>.<\/p>\n<p>Un mouvement de foule s\u2019est cr\u00e9\u00e9 d\u00e8s l\u2019ouverture des portes, obligeant le patron et les employ\u00e9s, totalement d\u00e9pass\u00e9s, \u00e0 les refermer rapidement. Outre le mouvement de foule, des \u00e9chauffour\u00e9es ont \u00e9galement \u00e9clat\u00e9, obligeant la <a href=\"https:\/\/www.20minutes.fr\/dossier\/police\" target=\"_blank\" class=\"c-link c-link--is-underlined\" rel=\"noopener\">police<\/a> \u00e0 intervenir pour disperser tout le monde.<\/p>\n<p>Gaz lacrymog\u00e8ne et tirs de LBD<\/p>\n<p>Les forces de l\u2019ordre ont ensuite constat\u00e9 des poubelles br\u00fbl\u00e9es et ont \u00e9t\u00e9 la cible de jets de projectiles. Ils ont donc eu <a href=\"https:\/\/www.20minutes.fr\/societe\/4172619-20250918-greve-18-septembre-assez-sournois-comment-fonctionne-lacrymo-comment-proteger\" target=\"_blank\" class=\"c-link c-link--is-underlined\" rel=\"noopener\">recours au gaz lacrymog\u00e8ne<\/a> et aux tirs de <a href=\"https:\/\/www.20minutes.fr\/societe\/lbd\/\" class=\"c-link c-link--is-underlined\" target=\"_blank\" rel=\"noopener\">LBD<\/a>. Au total, 4 personnes ont \u00e9t\u00e9 interpell\u00e9es selon la pr\u00e9fecture de la Loire. Deux pour les poubelles, deux pour les jets de projectiles.<\/p>\n<\/p>\n<p>Un \u00e9v\u00e8nement qui intervient quelques jours seulement apr\u00e8s des faits similaires qui ont eu lieu dans le quartier des Halles, \u00e0 <a href=\"https:\/\/www.20minutes.fr\/paris\/\" target=\"_blank\" class=\"c-link c-link--is-underlined\" rel=\"noopener\">Paris<\/a>. L\u00e0 encore, l\u2019inauguration d\u2019un \u00ab\u00a0Point B\u00a0\u00bb avait attir\u00e9 des centaines de personnes. La police avait aussi d\u00fb faire usage de gaz lacrymog\u00e8ne pour disperser la foule.<\/p>\n","protected":false},"excerpt":{"rendered":"Une offre promotionnelle a sem\u00e9 le chaos dans le centre-ville de Saint-\u00c9tienne (Loire) mercredi dernier. Alors que la&hellip;\n","protected":false},"author":2,"featured_media":399941,"comment_status":"","ping_status":"","sticky":false,"template":"","format":"standard","meta":{"footnotes":""},"categories":[9653],"tags":[1111,47,11,2430,1777,674,118,16827,1011,27,53142,3367,12,25,2431,4001],"class_list":{"0":"post-399940","1":"post","2":"type-post","3":"status-publish","4":"format-standard","5":"has-post-thumbnail","7":"category-saint-etienne","8":"tag-actu","9":"tag-actualite","10":"tag-actualites","11":"tag-auvergne-rhone-alpes","12":"tag-eu","13":"tag-europe","14":"tag-faits-divers","15":"tag-fast-food","16":"tag-fr","17":"tag-france","18":"tag-lbd","19":"tag-loire","20":"tag-news","21":"tag-republique-francaise","22":"tag-rhone-alpes","23":"tag-saint-etienne"},"share_on_mastodon":{"url":"https:\/\/pubeurope.com\/@fr\/115225346991252384","error":""},"_links":{"self":[{"href":"https:\/\/www.europesays.com\/fr\/wp-json\/wp\/v2\/posts\/399940","targetHints":{"allow":["GET"]}}],"collection":[{"href":"https:\/\/www.europesays.com\/fr\/wp-json\/wp\/v2\/posts"}],"about":[{"href":"https:\/\/www.europesays.com\/fr\/wp-json\/wp\/v2\/types\/post"}],"author":[{"embeddable":true,"href":"https:\/\/www.europesays.com\/fr\/wp-json\/wp\/v2\/users\/2"}],"replies":[{"embeddable":true,"href":"https:\/\/www.europesays.com\/fr\/wp-json\/wp\/v2\/comments?post=399940"}],"version-history":[{"count":0,"href":"https:\/\/www.europesays.com\/fr\/wp-json\/wp\/v2\/posts\/399940\/revisions"}],"wp:featuredmedia":[{"embeddable":true,"href":"https:\/\/www.europesays.com\/fr\/wp-json\/wp\/v2\/media\/399941"}],"wp:attachment":[{"href":"https:\/\/www.europesays.com\/fr\/wp-json\/wp\/v2\/media?parent=399940"}],"wp:term":[{"taxonomy":"category","embeddable":true,"href":"https:\/\/www.europesays.com\/fr\/wp-json\/wp\/v2\/categories?post=399940"},{"taxonomy":"post_tag","embeddable":true,"href":"https:\/\/www.europesays.com\/fr\/wp-json\/wp\/v2\/tags?post=399940"}],"curies":[{"name":"wp","href":"https:\/\/api.w.org\/{rel}","templated":true}]}}