{"id":399942,"date":"2025-09-18T12:40:17","date_gmt":"2025-09-18T12:40:17","guid":{"rendered":"https:\/\/www.europesays.com\/fr\/399942\/"},"modified":"2025-09-18T12:40:17","modified_gmt":"2025-09-18T12:40:17","slug":"photos-greve-du-18-septembre-devant-le-chru-de-nancy-brabois-ils-manifestent-pour-des-parkings-gratuits","status":"publish","type":"post","link":"https:\/\/www.europesays.com\/fr\/399942\/","title":{"rendered":"Photos. Gr\u00e8ve du 18 septembre :\u00a0devant le CHRU de Nancy-Brabois, ils manifestent\u00a0pour des parkings gratuits"},"content":{"rendered":"<p>Depuis le 15 juin 2023, le groupe Gilets Jaunes 54 se mobilise pour la gratuit\u00e9 des parkings aux abords des \u00e9tablissements de soins et r\u00e9clame un audit des finances publiques. Cette action s\u2019inscrit dans un mouvement national qui prend place partout en France. Des citoyens de tout horizon, et le collectif \u201cBloquons tout \u2013 Indignons-nous\u201d sont venus apporter leur soutien sur le parking de l&rsquo;Hopital Brabois, affirmant leur volont\u00e9 de d\u00e9montrer la puissance de l\u2019action citoyenne.\u00a0<\/p>\n","protected":false},"excerpt":{"rendered":"Depuis le 15 juin 2023, le groupe Gilets Jaunes 54 se mobilise pour la gratuit\u00e9 des parkings aux&hellip;\n","protected":false},"author":2,"featured_media":399943,"comment_status":"","ping_status":"","sticky":false,"template":"","format":"standard","meta":{"footnotes":""},"categories":[9635],"tags":[1111,11,9671,1704,1777,674,107,1011,27,2798,775,1702,12,316,25,801],"class_list":{"0":"post-399942","1":"post","2":"type-post","3":"status-publish","4":"format-standard","5":"has-post-thumbnail","7":"category-nancy","8":"tag-actu","9":"tag-actualites","10":"tag-conflit-social","11":"tag-edition-nancy-et-agglomeration","12":"tag-eu","13":"tag-europe","14":"tag-fil-info","15":"tag-fr","16":"tag-france","17":"tag-galerie-photo","18":"tag-grand-est","19":"tag-nancy","20":"tag-news","21":"tag-politique","22":"tag-republique-francaise","23":"tag-social"},"share_on_mastodon":{"url":"https:\/\/pubeurope.com\/@fr\/115225351017019247","error":""},"_links":{"self":[{"href":"https:\/\/www.europesays.com\/fr\/wp-json\/wp\/v2\/posts\/399942","targetHints":{"allow":["GET"]}}],"collection":[{"href":"https:\/\/www.europesays.com\/fr\/wp-json\/wp\/v2\/posts"}],"about":[{"href":"https:\/\/www.europesays.com\/fr\/wp-json\/wp\/v2\/types\/post"}],"author":[{"embeddable":true,"href":"https:\/\/www.europesays.com\/fr\/wp-json\/wp\/v2\/users\/2"}],"replies":[{"embeddable":true,"href":"https:\/\/www.europesays.com\/fr\/wp-json\/wp\/v2\/comments?post=399942"}],"version-history":[{"count":0,"href":"https:\/\/www.europesays.com\/fr\/wp-json\/wp\/v2\/posts\/399942\/revisions"}],"wp:featuredmedia":[{"embeddable":true,"href":"https:\/\/www.europesays.com\/fr\/wp-json\/wp\/v2\/media\/399943"}],"wp:attachment":[{"href":"https:\/\/www.europesays.com\/fr\/wp-json\/wp\/v2\/media?parent=399942"}],"wp:term":[{"taxonomy":"category","embeddable":true,"href":"https:\/\/www.europesays.com\/fr\/wp-json\/wp\/v2\/categories?post=399942"},{"taxonomy":"post_tag","embeddable":true,"href":"https:\/\/www.europesays.com\/fr\/wp-json\/wp\/v2\/tags?post=399942"}],"curies":[{"name":"wp","href":"https:\/\/api.w.org\/{rel}","templated":true}]}}