{"id":399958,"date":"2025-09-18T12:49:13","date_gmt":"2025-09-18T12:49:13","guid":{"rendered":"https:\/\/www.europesays.com\/fr\/399958\/"},"modified":"2025-09-18T12:49:13","modified_gmt":"2025-09-18T12:49:13","slug":"le-cortege-sest-elance-a-paris-deja-400-000-manifestants-en-france-selon-la-cgt","status":"publish","type":"post","link":"https:\/\/www.europesays.com\/fr\/399958\/","title":{"rendered":"le cort\u00e8ge s&rsquo;est \u00e9lanc\u00e9 \u00e0 Paris, d\u00e9j\u00e0 400 000 manifestants en France selon la CGT"},"content":{"rendered":"<p>Le leader de la France insoumise Jean-Luc M\u00e9lenchon a qualifi\u00e9 jeudi le ministre d\u00e9missionnaire de l&rsquo;Int\u00e9rieur Bruno Retailleau (LR) de \u00ab provocation ambulante \u00bb, d&rsquo;homme \u00ab odieux \u00bb, en marge de la manifestation \u00e0 Marseille o\u00f9 il a \u00e9t\u00e9 d\u00e9put\u00e9.<\/p>\n<p>\u00ab Toute action violente ne sert qu&rsquo;une seule et unique personne, monsieur Retailleau, qui a besoin de la violence, qui a besoin des poubelles qui br\u00fblent, qui a besoin de tout \u00e7a pour affirmer son r\u00f4le de sauveur de je ne sais quoi. En r\u00e9alit\u00e9, cet homme est une provocation ambulante \u00bb, a-t-il d\u00e9clar\u00e9 \u00e0 la presse, entour\u00e9 des d\u00e9put\u00e9s LFI de Marseille Manuel Bompard et S\u00e9bastien Delogu.<\/p>\n<p>\u00ab Cet homme est odieux, il repr\u00e9sente une forme de notre pays rassie, rabougrie, haineuse, m\u00e9fiante contre tout et tout le monde, et qui donne continuellement le sentiment de d\u00e9tester la vie \u00bb, a-t-il ajout\u00e9. Pour lui, \u00ab le pr\u00e9sident de la R\u00e9publique ferait bien de le ramener \u00e0 la raison \u00bb.<br \/>S&rsquo;agissant d&rsquo;Emmanuel Macron, il l&rsquo;a accus\u00e9 : \u00ab le pr\u00e9sident, c&rsquo;est lui le chaos, et tout ce qu&rsquo;il y a eu en ce moment est le r\u00e9sultat de son action \u00e0 lui, pas la mienne \u00bb, appelant \u00e0 nouveau \u00e0 un \u00ab d\u00e9part du pr\u00e9sident de la R\u00e9publique \u00bb.<\/p>\n","protected":false},"excerpt":{"rendered":"Le leader de la France insoumise Jean-Luc M\u00e9lenchon a qualifi\u00e9 jeudi le ministre d\u00e9missionnaire de l&rsquo;Int\u00e9rieur Bruno Retailleau&hellip;\n","protected":false},"author":2,"featured_media":399959,"comment_status":"","ping_status":"","sticky":false,"template":"","format":"standard","meta":{"footnotes":""},"categories":[9566],"tags":[1111,11,2430,9671,12255,1777,674,107,1011,27,329,2731,12,25,801],"class_list":{"0":"post-399958","1":"post","2":"type-post","3":"status-publish","4":"format-standard","5":"has-post-thumbnail","7":"category-grenoble","8":"tag-actu","9":"tag-actualites","10":"tag-auvergne-rhone-alpes","11":"tag-conflit-social","12":"tag-direct-actualite","13":"tag-eu","14":"tag-europe","15":"tag-fil-info","16":"tag-fr","17":"tag-france","18":"tag-france-monde","19":"tag-grenoble","20":"tag-news","21":"tag-republique-francaise","22":"tag-social"},"share_on_mastodon":{"url":"https:\/\/pubeurope.com\/@fr\/115225386259044696","error":""},"_links":{"self":[{"href":"https:\/\/www.europesays.com\/fr\/wp-json\/wp\/v2\/posts\/399958","targetHints":{"allow":["GET"]}}],"collection":[{"href":"https:\/\/www.europesays.com\/fr\/wp-json\/wp\/v2\/posts"}],"about":[{"href":"https:\/\/www.europesays.com\/fr\/wp-json\/wp\/v2\/types\/post"}],"author":[{"embeddable":true,"href":"https:\/\/www.europesays.com\/fr\/wp-json\/wp\/v2\/users\/2"}],"replies":[{"embeddable":true,"href":"https:\/\/www.europesays.com\/fr\/wp-json\/wp\/v2\/comments?post=399958"}],"version-history":[{"count":0,"href":"https:\/\/www.europesays.com\/fr\/wp-json\/wp\/v2\/posts\/399958\/revisions"}],"wp:featuredmedia":[{"embeddable":true,"href":"https:\/\/www.europesays.com\/fr\/wp-json\/wp\/v2\/media\/399959"}],"wp:attachment":[{"href":"https:\/\/www.europesays.com\/fr\/wp-json\/wp\/v2\/media?parent=399958"}],"wp:term":[{"taxonomy":"category","embeddable":true,"href":"https:\/\/www.europesays.com\/fr\/wp-json\/wp\/v2\/categories?post=399958"},{"taxonomy":"post_tag","embeddable":true,"href":"https:\/\/www.europesays.com\/fr\/wp-json\/wp\/v2\/tags?post=399958"}],"curies":[{"name":"wp","href":"https:\/\/api.w.org\/{rel}","templated":true}]}}