{"id":399960,"date":"2025-09-18T12:50:18","date_gmt":"2025-09-18T12:50:18","guid":{"rendered":"https:\/\/www.europesays.com\/fr\/399960\/"},"modified":"2025-09-18T12:50:18","modified_gmt":"2025-09-18T12:50:18","slug":"saint-jacques-de-la-lande-la-fete-de-laeroport-animera-la-place-jules-valles","status":"publish","type":"post","link":"https:\/\/www.europesays.com\/fr\/399960\/","title":{"rendered":"Saint-Jacques-de-la-Lande. La f\u00eate de l\u2019a\u00e9roport animera la place Jules-Vall\u00e8s"},"content":{"rendered":"<p>Pour la cinqui\u00e8me ann\u00e9e, la f\u00eate du quartier de l\u2019a\u00e9roport animera la place Jules-Vall\u00e8s, samedi apr\u00e8s midi. <strong>\u00ab\u00a0Plusieurs animations sont pr\u00e9vues pour tous les \u00e2ges et tous les go\u00fbts\u00a0\u00bb,<\/strong> annonce Sophie Caradec, pour le collectif d\u2019habitants, constitu\u00e9 pour l\u2019organisation.<\/p>\n<p>Une sc\u00e8ne ouverte accueillera des artistes locaux avec du chant, du rap et du slam, mais aussi de la danse. Une exposition de photos autour de souvenirs du quartier et un quiz pour d\u00e9couvrir des espaces insolites du bourg a\u00e9roport seront aussi propos\u00e9s. Des ateliers de maquillage et de tatouage pour les enfants seront aussi disponibles ainsi que de grands jeux en bois pour tout le monde.<\/p>\n<p>Un jeu de piste pour d\u00e9couvrir le th\u00e9\u00e2tre avec l\u2019Aire Libre sera \u00e9galement organis\u00e9 tout comme des visites guid\u00e9es de l\u2019a\u00e9roclub. Un blind-test sera organis\u00e9 en fin d\u2019apr\u00e8s-midi.<\/p>\n<p>\u00a0Cette f\u00eate se veut avant tout conviviale. Les habitants sont invit\u00e9s \u00e0 apporter un g\u00e2teau ou autre sp\u00e9cialit\u00e9 pour les d\u00e9guster dans le stand go\u00fbter du monde. Un repas partag\u00e9 terminera la journ\u00e9e. Un barbecue sera disponible pour des grillades\u00a0\u00bb,invite Gaby Bonnand, pour le collectif d\u2019organisation.<\/p>\n<p>\u00a0<\/p>\n","protected":false},"excerpt":{"rendered":"Pour la cinqui\u00e8me ann\u00e9e, la f\u00eate du quartier de l\u2019a\u00e9roport animera la place Jules-Vall\u00e8s, samedi apr\u00e8s midi. \u00ab\u00a0Plusieurs&hellip;\n","protected":false},"author":2,"featured_media":399961,"comment_status":"","ping_status":"","sticky":false,"template":"","format":"standard","meta":{"footnotes":""},"categories":[2821],"tags":[1111,11,663,53143,829,1777,674,4768,1011,27,53144,12,5536,584,25,18461],"class_list":{"0":"post-399960","1":"post","2":"type-post","3":"status-publish","4":"format-standard","5":"has-post-thumbnail","7":"category-rennes","8":"tag-actu","9":"tag-actualites","10":"tag-aeroport","11":"tag-animera","12":"tag-bretagne","13":"tag-eu","14":"tag-europe","15":"tag-fete","16":"tag-fr","17":"tag-france","18":"tag-jules-valles","19":"tag-news","20":"tag-place","21":"tag-rennes","22":"tag-republique-francaise","23":"tag-saint-jacques-de-la-lande"},"share_on_mastodon":{"url":"https:\/\/pubeurope.com\/@fr\/115225390283799704","error":""},"_links":{"self":[{"href":"https:\/\/www.europesays.com\/fr\/wp-json\/wp\/v2\/posts\/399960","targetHints":{"allow":["GET"]}}],"collection":[{"href":"https:\/\/www.europesays.com\/fr\/wp-json\/wp\/v2\/posts"}],"about":[{"href":"https:\/\/www.europesays.com\/fr\/wp-json\/wp\/v2\/types\/post"}],"author":[{"embeddable":true,"href":"https:\/\/www.europesays.com\/fr\/wp-json\/wp\/v2\/users\/2"}],"replies":[{"embeddable":true,"href":"https:\/\/www.europesays.com\/fr\/wp-json\/wp\/v2\/comments?post=399960"}],"version-history":[{"count":0,"href":"https:\/\/www.europesays.com\/fr\/wp-json\/wp\/v2\/posts\/399960\/revisions"}],"wp:featuredmedia":[{"embeddable":true,"href":"https:\/\/www.europesays.com\/fr\/wp-json\/wp\/v2\/media\/399961"}],"wp:attachment":[{"href":"https:\/\/www.europesays.com\/fr\/wp-json\/wp\/v2\/media?parent=399960"}],"wp:term":[{"taxonomy":"category","embeddable":true,"href":"https:\/\/www.europesays.com\/fr\/wp-json\/wp\/v2\/categories?post=399960"},{"taxonomy":"post_tag","embeddable":true,"href":"https:\/\/www.europesays.com\/fr\/wp-json\/wp\/v2\/tags?post=399960"}],"curies":[{"name":"wp","href":"https:\/\/api.w.org\/{rel}","templated":true}]}}