{"id":399964,"date":"2025-09-18T12:52:19","date_gmt":"2025-09-18T12:52:19","guid":{"rendered":"https:\/\/www.europesays.com\/fr\/399964\/"},"modified":"2025-09-18T12:52:19","modified_gmt":"2025-09-18T12:52:19","slug":"a-la-decouverte-de-lart-therapie-a-la-clinique-de-la-toussaint","status":"publish","type":"post","link":"https:\/\/www.europesays.com\/fr\/399964\/","title":{"rendered":"\u00e0 la d\u00e9couverte de l\u2019art-th\u00e9rapie \u00e0 la clinique de la Toussaint"},"content":{"rendered":"<p>Les diff\u00e9rentes pi\u00e8ces qui seront expos\u00e9es ces 20\u2003et 21\u00a0septembre \u00e0 la clinique de la Toussaint ont \u00e9t\u00e9 produites pendant des s\u00e9ances d\u2019art-th\u00e9rapie encadr\u00e9es par des th\u00e9rapeutes dipl\u00f4m\u00e9es. Marie-Rose Georgiou anime ces ateliers dans le service des soins palliatifs de la clinique strasbourgeoise, \u00e9galement \u00e0 l\u2019Icans et \u00e0 Alsace contre le cancer. Cl\u00e9mence Kayser, quant \u00e0 elle, dirige les s\u00e9ances au centre hospitalier de Haguenau, au centre-ville de Haguenau et \u00e0 la clinique de l\u2019Orangerie \u00e0 Strasbourg.<\/p>\n<p>Pendant les deux jours de l\u2019exposition, on pourra rencontrer et \u00e9changer avec les deux th\u00e9rapeutes, des responsables de la clinique de la Toussaint, dont Fanny Douhaire, et des membres de l\u2019Alsace contre le cancer.<\/p>\n<p>Un vernissage de l\u2019exposition aura lieu le samedi 20\u00a0septembre \u00e0 12\u00a0h.<\/p>\n<p>Ce contenu est bloqu\u00e9 car vous n&rsquo;avez pas accept\u00e9 les cookies et autres traceurs.<\/p>\n<p>En cliquant sur \u00ab J\u2019accepte \u00bb, les cookies et autres traceurs seront d\u00e9pos\u00e9s et vous pourrez visualiser les contenus  (<a href=\"\" class=\"consentModule_policy\" target=\"_blank\" title=\"Consulter la politique de protection des donn\u00e9es du fournisseur\">plus d&rsquo;informations<\/a>).<\/p>\n<p>En cliquant sur \u00ab J\u2019accepte tous les cookies \u00bb, vous autorisez des d\u00e9p\u00f4ts de cookies et autres traceurs pour le stockage de vos donn\u00e9es sur nos sites et applications \u00e0 des fins de personnalisation et de ciblage publicitaire.<\/p>\n<p class=\"consentModule_secondaryText\">Vous gardez la possibilit\u00e9 de retirer votre consentement \u00e0 tout moment en consultant notre <a href=\"https:\/\/www.dna.fr\/protection-des-donnees\" target=\"_blank\" title=\"Consulter notre politique de protection des donn\u00e9es\" rel=\"nofollow noopener\">politique de protection des donn\u00e9es<\/a>. <br \/>&#13;<br \/>\n            <a href=\"https:\/\/www.dna.fr\/culture-loisirs\/2025\/09\/18\/javascript:Didomi.notice.show()\" class=\"consentModule_cmp\" rel=\"nofollow noopener\" target=\"_blank\">G\u00e9rer mes choix<\/a>&#13;\n        <\/p>\n<p>&#13;<br \/>\n                        J&rsquo;accepte&#13;<br \/>\n            J&rsquo;accepte tous les cookies&#13;\n        <\/p>\n<p>  Un temps de musique<\/p>\n<p>Dans le cadre de ce week-end de prise de connaissance avec ce soin de support pour les malades qu\u2019est l\u2019art-th\u00e9rapie, le public est cordialement invit\u00e9 \u00e0 un concert qui aura lieu dans la chapelle de la Clinique le samedi 20\u00a0septembre \u00e0 19\u00a0h.<\/p>\n<p>Pour plus d\u2019infos, rendez-vous sur les r\u00e9seaux sociaux d\u2019Alsace contre le cancer (Fb, site\u2026) ou Guy Hahn 06\u00a042\u00a056\u00a059\u00a052.<\/p>\n<p class=\"note\">Samedi\u00a020 et dimanche 21\u00a0septembre de 10\u00a0h \u00e0 19\u00a0h. \u00ab\u00a0Exp\u2019osons nos couleurs\u00a0\u00bb. Entr\u00e9e libre. Concert acoustique samedi 20\u00a0septembre \u00e0 19\u00a0h dans la chapelle de la clinique de la Toussaint, 15, rue de la Toussaint.<\/p>\n","protected":false},"excerpt":{"rendered":"Les diff\u00e9rentes pi\u00e8ces qui seront expos\u00e9es ces 20\u2003et 21\u00a0septembre \u00e0 la clinique de la Toussaint ont \u00e9t\u00e9 produites&hellip;\n","protected":false},"author":2,"featured_media":399965,"comment_status":"","ping_status":"","sticky":false,"template":"","format":"standard","meta":{"footnotes":""},"categories":[2820],"tags":[1111,11,2649,1687,2880,1777,674,2271,107,1011,27,775,12,25,640,2879],"class_list":{"0":"post-399964","1":"post","2":"type-post","3":"status-publish","4":"format-standard","5":"has-post-thumbnail","7":"category-strasbourg","8":"tag-actu","9":"tag-actualites","10":"tag-bas-rhin","11":"tag-culture-loisirs","12":"tag-edition-strasbourg","13":"tag-eu","14":"tag-europe","15":"tag-exposition-arts-plastiques","16":"tag-fil-info","17":"tag-fr","18":"tag-france","19":"tag-grand-est","20":"tag-news","21":"tag-republique-francaise","22":"tag-strasbourg","23":"tag-strasbourg-ville"},"share_on_mastodon":{"url":"https:\/\/pubeurope.com\/@fr\/115225398263019020","error":""},"_links":{"self":[{"href":"https:\/\/www.europesays.com\/fr\/wp-json\/wp\/v2\/posts\/399964","targetHints":{"allow":["GET"]}}],"collection":[{"href":"https:\/\/www.europesays.com\/fr\/wp-json\/wp\/v2\/posts"}],"about":[{"href":"https:\/\/www.europesays.com\/fr\/wp-json\/wp\/v2\/types\/post"}],"author":[{"embeddable":true,"href":"https:\/\/www.europesays.com\/fr\/wp-json\/wp\/v2\/users\/2"}],"replies":[{"embeddable":true,"href":"https:\/\/www.europesays.com\/fr\/wp-json\/wp\/v2\/comments?post=399964"}],"version-history":[{"count":0,"href":"https:\/\/www.europesays.com\/fr\/wp-json\/wp\/v2\/posts\/399964\/revisions"}],"wp:featuredmedia":[{"embeddable":true,"href":"https:\/\/www.europesays.com\/fr\/wp-json\/wp\/v2\/media\/399965"}],"wp:attachment":[{"href":"https:\/\/www.europesays.com\/fr\/wp-json\/wp\/v2\/media?parent=399964"}],"wp:term":[{"taxonomy":"category","embeddable":true,"href":"https:\/\/www.europesays.com\/fr\/wp-json\/wp\/v2\/categories?post=399964"},{"taxonomy":"post_tag","embeddable":true,"href":"https:\/\/www.europesays.com\/fr\/wp-json\/wp\/v2\/tags?post=399964"}],"curies":[{"name":"wp","href":"https:\/\/api.w.org\/{rel}","templated":true}]}}