{"id":399966,"date":"2025-09-18T12:53:15","date_gmt":"2025-09-18T12:53:15","guid":{"rendered":"https:\/\/www.europesays.com\/fr\/399966\/"},"modified":"2025-09-18T12:53:15","modified_gmt":"2025-09-18T12:53:15","slug":"un-policier-se-jette-a-leau-pour-interpeller-un-suspect","status":"publish","type":"post","link":"https:\/\/www.europesays.com\/fr\/399966\/","title":{"rendered":"Un policier se jette \u00e0 l\u2019eau pour interpeller un suspect"},"content":{"rendered":"<p class=\"mb-4 text-lg md:leading-8 break-words\"><strong>fuite &#8211; Suspect\u00e9 de vol \u00e0 la roulotte, un homme a tent\u00e9 d\u2019\u00e9chapper \u00e0 la police en se jetant dans l\u2019Ill<\/strong><\/p>\n<p class=\"mb-4 text-lg md:leading-8 break-words\">Ce mardi, un homme de 25 ans a \u00e9t\u00e9 interpell\u00e9 \u00e0 <a href=\"https:\/\/www.20minutes.fr\/strasbourg\/?at_medium=RSS%20feed&amp;at_campaign=ynews&amp;utm_source=yahoo&amp;utm_medium=rss&amp;utm_campaign=news_feed&amp;utm_content=in_article_link\" rel=\"nofollow noopener\" target=\"_blank\" data-ylk=\"slk:Strasbourg;elm:context_link;itc:0;sec:content-canvas\" class=\"link \">Strasbourg<\/a> (<a href=\"https:\/\/www.20minutes.fr\/dossier\/bas_rhin?at_medium=RSS%20feed&amp;at_campaign=ynews&amp;utm_source=yahoo&amp;utm_medium=rss&amp;utm_campaign=news_feed&amp;utm_content=in_article_link\" rel=\"nofollow noopener\" target=\"_blank\" data-ylk=\"slk:Bas-Rhin;elm:context_link;itc:0;sec:content-canvas\" class=\"link \">Bas-Rhin<\/a>) apr\u00e8s un vol commis dans un v\u00e9hicule. D\u2019apr\u00e8s nos confr\u00e8res d\u2019<a href=\"https:\/\/actu.fr\/grand-est\/strasbourg_67482\/strasbourg-apres-un-vol-il-tente-de-fuir-en-plongeant-dans-l-ill-un-policier-se-jette-a-l-eau_63172940.html?at_medium=RSS%20feed&amp;at_campaign=ynews&amp;utm_source=yahoo&amp;utm_medium=rss&amp;utm_campaign=news_feed&amp;utm_content=in_article_link\" rel=\"nofollow noopener\" target=\"_blank\" data-ylk=\"slk:Actu.fr;elm:context_link;itc:0;sec:content-canvas\" class=\"link \">Actu.fr<\/a>, les faits se sont d\u00e9roul\u00e9s alors qu\u2019un habitant d\u00e9chargeait le coffre de sa voiture. Profitant du fait que le propri\u00e9taire de la <a href=\"https:\/\/www.20minutes.fr\/dossier\/voiture?at_medium=RSS%20feed&amp;at_campaign=ynews&amp;utm_source=yahoo&amp;utm_medium=rss&amp;utm_campaign=news_feed&amp;utm_content=in_article_link\" rel=\"nofollow noopener\" target=\"_blank\" data-ylk=\"slk:voiture;elm:context_link;itc:0;sec:content-canvas\" class=\"link \">voiture<\/a> regardait ailleurs, le suspect est alors entr\u00e9 dans l\u2019habitacle pour y d\u00e9rober un portefeuille contenant du liquide, ainsi que des <a href=\"https:\/\/www.20minutes.fr\/dossier\/cigarette?at_medium=RSS%20feed&amp;at_campaign=ynews&amp;utm_source=yahoo&amp;utm_medium=rss&amp;utm_campaign=news_feed&amp;utm_content=in_article_link\" rel=\"nofollow noopener\" target=\"_blank\" data-ylk=\"slk:cigarettes;elm:context_link;itc:0;sec:content-canvas\" class=\"link \">cigarettes<\/a>.<\/p>\n<p class=\"mb-4 text-lg md:leading-8 break-words\">Apr\u00e8s le vol, l\u2019homme a pris la fuite \u00e0 v\u00e9lo. La police, alert\u00e9e via le 17, a alors d\u00e9p\u00each\u00e9 une \u00e9quipe de la Brigade anticriminalit\u00e9 (Bac). Rapidement rep\u00e9r\u00e9 par les forces de l\u2019ordre, le suspect a d\u00e9cid\u00e9 d\u2019abandonner son v\u00e9lo pour se jeter dans l\u2019Ill. Mais cela n\u2019a pas suffi puisqu\u2019un <a href=\"https:\/\/www.20minutes.fr\/dossier\/policier?at_medium=RSS%20feed&amp;at_campaign=ynews&amp;utm_source=yahoo&amp;utm_medium=rss&amp;utm_campaign=news_feed&amp;utm_content=in_article_link\" rel=\"nofollow noopener\" target=\"_blank\" data-ylk=\"slk:policier;elm:context_link;itc:0;sec:content-canvas\" class=\"link \">policier<\/a> a plong\u00e9 dans l\u2019eau \u00e0 son tour pour poursuivre le fuyard.<\/p>\n<p>Une arrestation humide<\/p>\n<p class=\"mb-4 text-lg md:leading-8 break-words\">En quelques minutes, le policier qui avait saut\u00e9 dans la rivi\u00e8re est parvenu \u00e0 rattraper le suspect et \u00e0 proc\u00e9der \u00e0 son arrestation sous le regard \u00e9tonn\u00e9 de passants.<\/p>\n<p class=\"mb-4 text-lg md:leading-8 break-words\">Malheureusement, cette arrestation n\u2019a pas permis de mettre la main sur le butin d\u00e9rob\u00e9 durant ce vol \u00e0 la roulotte car le suspect n\u2019avait plus rien sur lui. Aucune information n\u2019a \u00e9t\u00e9 communiqu\u00e9e au sujet de potentielles poursuites judiciaires.<\/p>\n<p class=\"mb-4 text-lg md:leading-8 break-words\"><a href=\"https:\/\/www.20minutes.fr\/faits_divers\/4173865-20250918-strasbourg-policier-jette-eau-interpeller-suspect?at_medium=RSS%20feed&amp;at_campaign=ynews&amp;utm_source=yahoo&amp;utm_medium=rss&amp;utm_campaign=news_feed&amp;utm_content=read_more_link&quot;\" rel=\"nofollow noopener\" target=\"_blank\" data-ylk=\"slk:Lire la suite sur 20minutes;elm:context_link;itc:0;sec:content-canvas\" class=\"link \">Lire la suite sur 20minutes<\/a><\/p>\n<p>\u00c0 lire aussi :<br \/><a href=\"https:\/\/www.20minutes.fr\/faits_divers\/4168127-20250815-landes-policier-renverse-voiture-mont-marsan-suspect-fuite?at_medium=RSS%20feed&amp;at_campaign=ynews&amp;utm_source=yahoo&amp;utm_medium=rss&amp;utm_campaign=news_feed&amp;utm_content=related_content_link\" rel=\"nofollow noopener\" target=\"_blank\" data-ylk=\"slk:Landes\u00a0: Un policier renvers\u00e9 par une voiture \u00e0 Mont-de-Marsan, le suspect en fuite;elm:context_link;itc:0;sec:content-canvas\" class=\"link \">Landes\u00a0: Un policier renvers\u00e9 par une voiture \u00e0 Mont-de-Marsan, le suspect en fuite<\/a><br \/><a href=\"https:\/\/www.20minutes.fr\/justice\/4170929-20250903-nice-policier-juge-mort-jeune-tue-apres-refus-obtemperer?at_medium=RSS%20feed&amp;at_campaign=ynews&amp;utm_source=yahoo&amp;utm_medium=rss&amp;utm_campaign=news_feed&amp;utm_content=related_content_link\" rel=\"nofollow noopener\" target=\"_blank\" data-ylk=\"slk:Nice\u00a0: Un policier sera jug\u00e9 pour la mort d\u2019un jeune tu\u00e9 apr\u00e8s un refus d\u2019obtemp\u00e9rer;elm:context_link;itc:0;sec:content-canvas\" class=\"link \">Nice\u00a0: Un policier sera jug\u00e9 pour la mort d\u2019un jeune tu\u00e9 apr\u00e8s un refus d\u2019obtemp\u00e9rer<\/a><\/p>\n","protected":false},"excerpt":{"rendered":"fuite &#8211; Suspect\u00e9 de vol \u00e0 la roulotte, un homme a tent\u00e9 d\u2019\u00e9chapper \u00e0 la police en se&hellip;\n","protected":false},"author":2,"featured_media":399967,"comment_status":"","ping_status":"","sticky":false,"template":"","format":"standard","meta":{"footnotes":""},"categories":[2820],"tags":[1111,11,28939,1777,674,3160,1011,27,775,3371,21349,12,25,640,23581],"class_list":{"0":"post-399966","1":"post","2":"type-post","3":"status-publish","4":"format-standard","5":"has-post-thumbnail","7":"category-strasbourg","8":"tag-actu","9":"tag-actualites","10":"tag-brigade-anticriminalite","11":"tag-eu","12":"tag-europe","13":"tag-forces-de-lordre","14":"tag-fr","15":"tag-france","16":"tag-grand-est","17":"tag-la-police","18":"tag-le-proprietaire","19":"tag-news","20":"tag-republique-francaise","21":"tag-strasbourg","22":"tag-vol-a-la-roulotte"},"share_on_mastodon":{"url":"https:\/\/pubeurope.com\/@fr\/115225402002373721","error":""},"_links":{"self":[{"href":"https:\/\/www.europesays.com\/fr\/wp-json\/wp\/v2\/posts\/399966","targetHints":{"allow":["GET"]}}],"collection":[{"href":"https:\/\/www.europesays.com\/fr\/wp-json\/wp\/v2\/posts"}],"about":[{"href":"https:\/\/www.europesays.com\/fr\/wp-json\/wp\/v2\/types\/post"}],"author":[{"embeddable":true,"href":"https:\/\/www.europesays.com\/fr\/wp-json\/wp\/v2\/users\/2"}],"replies":[{"embeddable":true,"href":"https:\/\/www.europesays.com\/fr\/wp-json\/wp\/v2\/comments?post=399966"}],"version-history":[{"count":0,"href":"https:\/\/www.europesays.com\/fr\/wp-json\/wp\/v2\/posts\/399966\/revisions"}],"wp:featuredmedia":[{"embeddable":true,"href":"https:\/\/www.europesays.com\/fr\/wp-json\/wp\/v2\/media\/399967"}],"wp:attachment":[{"href":"https:\/\/www.europesays.com\/fr\/wp-json\/wp\/v2\/media?parent=399966"}],"wp:term":[{"taxonomy":"category","embeddable":true,"href":"https:\/\/www.europesays.com\/fr\/wp-json\/wp\/v2\/categories?post=399966"},{"taxonomy":"post_tag","embeddable":true,"href":"https:\/\/www.europesays.com\/fr\/wp-json\/wp\/v2\/tags?post=399966"}],"curies":[{"name":"wp","href":"https:\/\/api.w.org\/{rel}","templated":true}]}}