{"id":399980,"date":"2025-09-18T13:00:09","date_gmt":"2025-09-18T13:00:09","guid":{"rendered":"https:\/\/www.europesays.com\/fr\/399980\/"},"modified":"2025-09-18T13:00:09","modified_gmt":"2025-09-18T13:00:09","slug":"a-quelle-place-a-termine-la-place-du-capitole-de-toulouse","status":"publish","type":"post","link":"https:\/\/www.europesays.com\/fr\/399980\/","title":{"rendered":"\u00e0 quelle place a termin\u00e9 la place du Capitole de Toulouse\u00a0?"},"content":{"rendered":"<p>            Par<br \/>\n        <strong><br \/>\n            <a href=\"https:\/\/actu.fr\/auteur\/david-saint-sernin\" title=\"Consulter tous les articles de David Saint-Sernin\" rel=\"nofollow noopener\" target=\"_blank\">David Saint-Sernin<\/a><br \/>\n        <\/strong><\/p>\n<p>        Publi\u00e9 le<\/p>\n<p>            18 sept. 2025 \u00e0 13h05        <\/p>\n<p>Ce mercredi 17\u00a0septembre 2025, \u00e9tait diffus\u00e9e sur France 3<a href=\"https:\/\/actu.fr\/occitanie\/toulouse_31555\/la-place-du-capitole-a-toulouse-elue-monument-prefere-des-francais-ce-serait-une-premiere-pour-l-occitanie_63166614.html\" rel=\"nofollow noopener\" target=\"_blank\"> Le monument pr\u00e9f\u00e9r\u00e9 des Fran\u00e7ais.\u00a0\u00a0<\/a>Au terme de deux heures d\u2019\u00e9mission, <a href=\"https:\/\/actu.fr\/loisirs-culture\/monument-prefere-des-francais-2025-sur-france-3-voici-le-grand-vainqueur-de-la-huitieme-edition_63172774.html\" rel=\"nofollow noopener\" target=\"_blank\">c\u2019est le ch\u00e2teau de <strong>Chantilly<\/strong> (Oise) qui a remport\u00e9 cette huiti\u00e8me \u00e9dition.<\/a><\/p>\n<p>La place du Capitole au 7e rang<\/p>\n<p class=\" wall-content\">Pour la r\u00e9gion Occitanie, c\u2019\u00e9tait la <strong><a href=\"https:\/\/actu.fr\/occitanie\/toulouse_31555\/toulouse-la-place-du-capitole-pourrait-etre-elue-monument-prefere-des-francais-comment-voter_62862713.html\" rel=\"nofollow noopener\" target=\"_blank\">place du Capitole<\/a><\/strong> de Toulouse qui \u00e9tait en lice. \u00c0 quelle place a-t-elle termin\u00e9\u2009?<\/p>\n<p class=\" wall-content\">La place du Capitole s\u2019est hiss\u00e9e au <strong>7e rang.<\/strong><\/p>\n<p class=\" wall-content\">Sur le podium figurent le Ch\u00e2teau de Chantilly (Hauts-de-France), <a href=\"https:\/\/actu.fr\/nouvelle-aquitaine\/le-verdon-sur-mer_33544\/gironde-5-choses-a-savoir-sur-le-phare-de-cordouan_43690365.html\" rel=\"nofollow noopener\" target=\"_blank\">le Phare de Cordouan<\/a> (Nouvelle-Aquitaine) et les <a href=\"https:\/\/actu.fr\/pays-de-la-loire\/guerande_44069\/television-les-remparts-de-cette-commune-seront-ils-dans-le-monument-prefere-des-francais_62600250.html\" rel=\"nofollow noopener\" target=\"_blank\">Remparts de Gu\u00e9rande (Pays de la Loire).<\/a><\/p>\n<p class=\" wall-content\">Encore devant la place du Capitole, on retrouve \u00e0 la 4e place Pen Duick (Bretagne), la citadelle de Besan\u00e7on (Bourgogne-Franche-Comt\u00e9) occupe la 5e place et le viaduc de Garabit (Auvergne-Rh\u00f4ne-Alpes) la 6e.<\/p>\n<p>Vid\u00e9os : en ce moment sur ActuElle devance notamment le ch\u00e2teau de Chenonceau<\/p>\n<p class=\" wall-content\">La place du Capitole a tout de m\u00eame devanc\u00e9 le ch\u00e2teau de Chenonceau (Centre-Val de Loire), l\u2019amphith\u00e9\u00e2tre d\u2019Arles (Provence-Alpes-C\u00f4te d\u2019Azur) ou encore <a href=\"https:\/\/actu.fr\/ile-de-france\/saint-denis_93066\/pourquoi-la-basilique-de-saint-denis-est-aussi-une-eglise-et-une-cathedrale_48813186.html\" rel=\"nofollow noopener\" target=\"_blank\">la basilique Cath\u00e9drale Saint-Denis (\u00cele-de-France)<\/a><\/p>\n<p class=\" wall-content\"><strong>Le classement complet<\/strong><br \/>1. Ch\u00e2teau de Chantilly (Hauts-de-France)<br \/>2. Phare de Cordouan (Nouvelle-Aquitaine)<br \/>3. Remparts de Gu\u00e9rande (Pays de la Loire)<br \/>4. Pen Duick (Bretagne)<br \/>5. Citadelle de Besan\u00e7on (Bourgogne-Franche-Comt\u00e9)<br \/>6. Viaduc de Garabit (Auvergne-Rh\u00f4ne-Alpes)<br \/>7. Place du Capitole (Occitanie)<br \/>8. Jardin botanique de Valombreuse (Guadeloupe)<br \/>9. Ch\u00e2teau de Harou\u00e9 (Grand Est)<br \/>10. Ch\u00e2teau de Chenonceau (Centre-Val de Loire)<br \/>11. Citadelle de Calvi (Corse)<br \/>12. <a href=\"https:\/\/actu.fr\/normandie\/granville_50218\/le-musee-dior-de-granville-va-t-il-devenir-le-monument-prefere-des-francais_63167066.html\" rel=\"nofollow noopener\" target=\"_blank\">Villa Les Rhumbs \u2013 Mus\u00e9e Christian Dior<\/a> (Normandie)<br \/>13. Amphith\u00e9\u00e2tre d\u2019Arles (Provence-Alpes-C\u00f4te d\u2019Azur)<br \/>14. Basilique Cath\u00e9drale Saint-Denis (\u00cele-de-France)<\/p>\n<p class=\" wall-content\">Personnalisez votre actualit\u00e9 en ajoutant vos villes et m\u00e9dias en favori avec <a href=\"https:\/\/moncompte.actu.fr\" title=\"D\u00e9couvez Mon Actu\" rel=\"nofollow noopener\" data-trk=\"{&quot;cta&quot;:{&quot;action&quot;:&quot;https:\\\/\\\/moncompte.actu.fr&quot;,&quot;category&quot;:&quot;mon compte&quot;,&quot;from&quot;:&quot;article footer&quot;,&quot;name&quot;:&quot;Mon actu&quot;,&quot;type&quot;:&quot;cta&quot;}}\" target=\"_blank\">Mon Actu<\/a>.<\/p>\n","protected":false},"excerpt":{"rendered":"Par David Saint-Sernin Publi\u00e9 le 18 sept. 2025 \u00e0 13h05 Ce mercredi 17\u00a0septembre 2025, \u00e9tait diffus\u00e9e sur France&hellip;\n","protected":false},"author":2,"featured_media":399981,"comment_status":"","ping_status":"","sticky":false,"template":"","format":"standard","meta":{"footnotes":""},"categories":[2816],"tags":[1111,11,1777,674,1011,27,1652,12,2680,25,2312,602],"class_list":{"0":"post-399980","1":"post","2":"type-post","3":"status-publish","4":"format-standard","5":"has-post-thumbnail","7":"category-toulouse","8":"tag-actu","9":"tag-actualites","10":"tag-eu","11":"tag-europe","12":"tag-fr","13":"tag-france","14":"tag-loisirs-culture","15":"tag-news","16":"tag-occitanie","17":"tag-republique-francaise","18":"tag-toulouse","19":"tag-tourisme"},"share_on_mastodon":{"url":"https:\/\/pubeurope.com\/@fr\/115225429588939531","error":""},"_links":{"self":[{"href":"https:\/\/www.europesays.com\/fr\/wp-json\/wp\/v2\/posts\/399980","targetHints":{"allow":["GET"]}}],"collection":[{"href":"https:\/\/www.europesays.com\/fr\/wp-json\/wp\/v2\/posts"}],"about":[{"href":"https:\/\/www.europesays.com\/fr\/wp-json\/wp\/v2\/types\/post"}],"author":[{"embeddable":true,"href":"https:\/\/www.europesays.com\/fr\/wp-json\/wp\/v2\/users\/2"}],"replies":[{"embeddable":true,"href":"https:\/\/www.europesays.com\/fr\/wp-json\/wp\/v2\/comments?post=399980"}],"version-history":[{"count":0,"href":"https:\/\/www.europesays.com\/fr\/wp-json\/wp\/v2\/posts\/399980\/revisions"}],"wp:featuredmedia":[{"embeddable":true,"href":"https:\/\/www.europesays.com\/fr\/wp-json\/wp\/v2\/media\/399981"}],"wp:attachment":[{"href":"https:\/\/www.europesays.com\/fr\/wp-json\/wp\/v2\/media?parent=399980"}],"wp:term":[{"taxonomy":"category","embeddable":true,"href":"https:\/\/www.europesays.com\/fr\/wp-json\/wp\/v2\/categories?post=399980"},{"taxonomy":"post_tag","embeddable":true,"href":"https:\/\/www.europesays.com\/fr\/wp-json\/wp\/v2\/tags?post=399980"}],"curies":[{"name":"wp","href":"https:\/\/api.w.org\/{rel}","templated":true}]}}